{"id":14232,"date":"2024-06-05T19:29:26","date_gmt":"2024-06-05T17:29:26","guid":{"rendered":"https:\/\/www.ladislavjakl.cz\/?p=14232"},"modified":"2024-06-05T19:29:26","modified_gmt":"2024-06-05T17:29:26","slug":"jadro-jako-nas-andel-strazny","status":"publish","type":"post","link":"https:\/\/www.ladislavjakl.cz\/?p=14232","title":{"rendered":"J\u00e1dro jako n\u00e1\u0161 and\u011bl str\u00e1\u017en\u00fd"},"content":{"rendered":"<p>Hard Core. Tvrd\u00e9 <strong>j\u00e1dro<\/strong>. \u017d\u00e1dn\u00e1 m\u011bkk\u00e1 du\u017enina. Ale v&nbsp;<strong>j\u00e1dru<\/strong> je to hodn\u00fd chlapec. Neum\u00ed se v\u017edy vy<strong>j\u00e1d\u0159it<\/strong>, ale kdy\u017e u\u017e promluv\u00ed, hovo\u0159\u00ed velice <strong>jadrn\u011b<\/strong>. Prost\u011b <strong>j\u00e1dro,<\/strong> kam se pod\u00edv\u00e1\u0161.<\/p>\n<p><!--more--><\/p>\n<p>Po svr\u017een\u00ed jadern\u00fdch bomb na statis\u00edce civilist\u016f v&nbsp;Hiro\u0161im\u011b a Nagasaki se sv\u011bt zalekl. Vlastnictv\u00ed \u0161\u00e9mu, j\u00edm\u017e se probouz\u00ed tenhle mocn\u00fd Golem, se sice rychle roz\u0161\u00ed\u0159ilo na celkem p\u011bt zem\u00ed (a pot\u00e9 v&nbsp;tichosti na dal\u0161\u00ed \u010dty\u0159i \u2013 u nich ale bez z\u00e1ruky, do jak\u00e9 m\u00edry v&nbsp;pou\u017eiteln\u00e9 kapacit\u011b), kter\u00e9 tvo\u0159\u00ed okruh st\u00e1l\u00fdch \u010dlen\u016f Rady bezpe\u010dnosti OSN s&nbsp;pr\u00e1vem veta, ale vz\u00e1p\u011bt\u00ed byl okam\u017eit\u011b \u2013 p\u0159es vypjat\u00e9 antagonismy v&nbsp;dob\u011b nejvyhrocen\u011bj\u0161\u00ed studen\u00e9 v\u00e1lky \u2013 spout\u00e1n. Spout\u00e1n p\u0159edivem mezin\u00e1rodn\u00edch smluv, dohod, pakt\u016f, moratori\u00ed, kv\u00f3t, \u00famluv a sofistikovan\u00e9ho syst\u00e9mu v\u010dasn\u00e9ho varov\u00e1n\u00ed a modu pro \u0159e\u0161en\u00ed krizov\u00fdch situac\u00ed.<\/p>\n<p><strong>Varov\u00e1n\u00ed<\/strong><\/p>\n<p>Golem se \u0161\u00e9mem v&nbsp;kontrolovan\u00fdch rukou, Golem schopn\u00fd zni\u010dit lidskou civilizaci, se tak paradoxn\u011b v&nbsp;posledn\u00edm t\u0159i\u010dtvrt\u011b stolet\u00ed stal nejv\u011bt\u0161\u00edm str\u00e1\u017ecem m\u00edru a ochr\u00e1ncem miliard \u017eivot\u016f. \u201eJadern\u00e9 velmoci\u201c tuto zbra\u0148 maj\u00ed. Pro\u010d asi? Na ozdobu? Kv\u016fli presti\u017ei? Ne. Kv\u016fli zastra\u0161en\u00ed. Kv\u016fli ob\u010das nutn\u00e9mu zchlazen\u00ed hork\u00fdch hlav. A tak\u00e9 tyto velmoci ob\u010das jej\u00ed odstra\u0161uj\u00edc\u00ed efekt p\u0159ipom\u00ednaj\u00ed. Pro\u010d by ji jinak m\u011bly? Jen kv\u016fli p\u0159\u00edpadn\u00e9 odpov\u011bdi, kter\u00e1 by u\u017e stejn\u011b nic ne\u0159e\u0161ila? Ne, kv\u016fli kategorick\u00e9mu v\u010dasn\u00e9mu odstra\u0161en\u00ed p\u0159ed prvn\u00edm eskala\u010dn\u00edm krokem, kter\u00fd by se snadno mohl st\u00e1t krokem posledn\u00edm.<\/p>\n<p>Posledn\u00ed dobou p\u0159i\u0161lo do m\u00f3dy slovo \u201evyhro\u017eov\u00e1n\u00ed\u201c. A\u017e u\u017e ho skoro n\u011bkdo neum\u00ed odli\u0161it od podobn\u00e9ho, v <strong>j\u00e1dru<\/strong> v\u0161ak hodnotov\u011b zcela odli\u0161n\u00e9ho term\u00ednu &#8211; \u201evarov\u00e1n\u00ed\u201c. Ano, m\u016f\u017eete nam\u00edtnout, \u017ee za posledn\u00ed t\u0159i\u010dtvrt\u011b stolet\u00ed za\u017eilo lidstvo stovky ni\u010div\u00fdch v\u00e1lek s&nbsp;miliony ob\u011bt\u00ed a se stra\u0161liv\u00fdmi ztr\u00e1tami a \u0161kodami v\u0161eho typu. To je jist\u011b pravda. A n\u011bkter\u00e9 z&nbsp;t\u011bchto konflikt\u016f vskutku m\u011bly povahu i \u201eproxy v\u00e1lek\u201c, tedy sv\u00fdm zp\u016fsobem v\u00e1lek v zastoupen\u00ed, kdy se velmoci p\u0159etahovaly o vliv v&nbsp;n\u011bkter\u00e9m citliv\u00e9m regionu, ale k&nbsp;jejich p\u0159\u00edm\u00e9 plnohodnotn\u00e9 konfrontaci nikdy nedo\u0161lo.<\/p>\n<p>Lze se t\u00e9m\u011b\u0159 s&nbsp;jistotou domn\u00edvat, \u017ee bez sp\u00edc\u00edch Golem\u016f a bez \u0161\u00e9mu v&nbsp;jadern\u00fdch kuf\u0159\u00edc\u00edch by d\u00e1vno k&nbsp;takov\u00fdm p\u0159\u00edm\u00fdm konflikt\u016fm bylo do\u0161lo. S&nbsp;dopady velmi pravd\u011bpodobn\u011b o \u0159\u00e1d stra\u0161liv\u011bj\u0161\u00edmi, ne\u017e zp\u016fsobily ob\u011b sv\u011btov\u011b v\u00e1lky dohromady.<\/p>\n<p><strong>Bud\u00ed\u010dek<\/strong><\/p>\n<p>A\u017e n\u011bkoho usly\u0161\u00edme p\u0159ipom\u00ednat, \u017ee jsme tady na Zemi <strong>v&nbsp;j\u00e1dru<\/strong> v\u0161ichni na jedn\u00e9 lodi, kterou si um\u00edme velmi snadno potopit, neberme to jako exhibov\u00e1n\u00ed, \u0161ermov\u00e1n\u00ed, \u0159in\u010den\u00ed, vyhro\u017eov\u00e1n\u00ed \u010di plan\u00e9 chv\u00e1st\u00e1n\u00ed. Berme to v\u017edy rad\u011bji jako seri\u00f3zn\u00ed bud\u00ed\u010dek, kter\u00fd n\u00e1\u0161 znovu a znovu probouz\u00ed ze snu o nedotknutelnosti, o tom, \u017ee opravdov\u00e9 zlo je \u201etam n\u011bkde venku\u201c. Ne, jsme mu nadosah, v\u0161ichni. A p\u0159ipom\u00ednejme si to.<\/p>\n<p>Jadern\u00e9 zbran\u011b tu nejsou na ozdobu. Jsou tu p\u0159esn\u011b od toho, aby se jimi ob\u010das zahrozilo, kdy\u017e n\u011bkdo za\u010dne \u0161ponovat nap\u011bt\u00ed p\u0159\u00edli\u0161 bl\u00edzko k&nbsp;hranici prasknut\u00ed. Kdy\u017e se n\u011bkdo bude c\u00edtit b\u00fdt ohro\u017een ve sv\u00fdch \u017eivotn\u00edch z\u00e1jmech. \u017dijeme ve sv\u011bt\u011b s&nbsp;jadern\u00fdmi zbran\u011bmi. A s&nbsp;nimi u\u017e sv\u011bt nikdy nebude takov\u00fd, jak\u00fdm byl d\u0159\u00edve. Pro ka\u017ed\u00e9ho z n\u00e1s m\u016f\u017ee b\u00fdt dne\u0161ek dnem posledn\u00edm. Memento core. V\u00e1\u017en\u00e9 kroky \u010di\u0148me s&nbsp;v\u011bdom\u00edm, \u017ee tu j\u00e1dro je. D\u00edky n\u011bmu jsme p\u0159e\u017eili, proto\u017ee d\u00edky n\u011bmu jsme \u017eili s&nbsp;v\u011bdom\u00edm, \u017ee n\u011bkter\u00e9 limity nen\u00ed dobr\u00e9 pokou\u0161et.<\/p>\n<p>A kdy\u017e na j\u00e1dro ob\u010das pozapomeneme, bu\u010fme r\u00e1di, jestli\u017ee n\u00e1m ho n\u011bkdo p\u0159ipomene. Nebude to ani stra\u0161en\u00ed, ani vyhro\u017eov\u00e1n\u00ed, bude to bud\u00ed\u010dek. Varov\u00e1n\u00ed. Vzty\u010den\u00fd prst.&nbsp;&nbsp; &nbsp;&nbsp;<\/p>\n<p>Ps\u00e1no pro Den\u00edk TO<\/p>\n<p><a href=\"https:\/\/denik.to\/jadro-jako-nas-andel-strazny\/\">J\u00e1dro jako n\u00e1\u0161 and\u011bl str\u00e1\u017en\u00fd | Den\u00edk TO (denik.to)<\/a> &nbsp;&nbsp;<\/p>\n","protected":false},"excerpt":{"rendered":"<p>Hard Core. Tvrd\u00e9 j\u00e1dro. \u017d\u00e1dn\u00e1 m\u011bkk\u00e1 du\u017enina. Ale v&nbsp;j\u00e1dru je to hodn\u00fd chlapec. Neum\u00ed se v\u017edy vyj\u00e1d\u0159it, ale kdy\u017e u\u017e promluv\u00ed, hovo\u0159\u00ed velice jadrn\u011b. Prost\u011b j\u00e1dro, kam se pod\u00edv\u00e1\u0161.<\/p>\n","protected":false},"author":9,"featured_media":0,"comment_status":"open","ping_status":"open","sticky":false,"template":"","format":"standard","meta":{"ngg_post_thumbnail":0,"footnotes":""},"categories":[11,1],"tags":[],"class_list":["post-14232","post","type-post","status-publish","format-standard","hentry","category-ozvena","category-publikovane-clanky"],"_links":{"self":[{"href":"https:\/\/www.ladislavjakl.cz\/index.php?rest_route=\/wp\/v2\/posts\/14232","targetHints":{"allow":["GET"]}}],"collection":[{"href":"https:\/\/www.ladislavjakl.cz\/index.php?rest_route=\/wp\/v2\/posts"}],"about":[{"href":"https:\/\/www.ladislavjakl.cz\/index.php?rest_route=\/wp\/v2\/types\/post"}],"author":[{"embeddable":true,"href":"https:\/\/www.ladislavjakl.cz\/index.php?rest_route=\/wp\/v2\/users\/9"}],"replies":[{"embeddable":true,"href":"https:\/\/www.ladislavjakl.cz\/index.php?rest_route=%2Fwp%2Fv2%2Fcomments&post=14232"}],"version-history":[{"count":1,"href":"https:\/\/www.ladislavjakl.cz\/index.php?rest_route=\/wp\/v2\/posts\/14232\/revisions"}],"predecessor-version":[{"id":14233,"href":"https:\/\/www.ladislavjakl.cz\/index.php?rest_route=\/wp\/v2\/posts\/14232\/revisions\/14233"}],"wp:attachment":[{"href":"https:\/\/www.ladislavjakl.cz\/index.php?rest_route=%2Fwp%2Fv2%2Fmedia&parent=14232"}],"wp:term":[{"taxonomy":"category","embeddable":true,"href":"https:\/\/www.ladislavjakl.cz\/index.php?rest_route=%2Fwp%2Fv2%2Fcategories&post=14232"},{"taxonomy":"post_tag","embeddable":true,"href":"https:\/\/www.ladislavjakl.cz\/index.php?rest_route=%2Fwp%2Fv2%2Ftags&post=14232"}],"curies":[{"name":"wp","href":"https:\/\/api.w.org\/{rel}","templated":true}]}}