{"id":14249,"date":"2024-06-19T21:24:52","date_gmt":"2024-06-19T19:24:52","guid":{"rendered":"https:\/\/www.ladislavjakl.cz\/?p=14249"},"modified":"2024-06-19T21:24:52","modified_gmt":"2024-06-19T19:24:52","slug":"pivar-a-blondyna-aneb-neotrely-pruvodce-pivnim-svetem","status":"publish","type":"post","link":"https:\/\/www.ladislavjakl.cz\/?p=14249","title":{"rendered":"Piva\u0159 a blond\u00fdna aneb neot\u0159el\u00fd pr\u016fvodce pivn\u00edm sv\u011btem"},"content":{"rendered":"<p style=\"font-weight: 300;\"><b><strong><em>Ji\u017e po dvan\u00e1ct\u00e9 se se\u0161li pod letohr\u00e1dkem Belveder u Pra\u017esk\u00e9ho hradu z\u00e1stupci minipivovar\u016f a jejich p\u0159\u00edznivci. Ctitel\u016f p\u011bniv\u00e9ho moku se tam se\u0161lo p\u0159es 2500. A nejen jich. Svoji knihu tam nap\u0159\u00edklad p\u0159edstavili i&nbsp;<\/em>Daniela Kov\u00e1\u0159ov\u00e1 a Ladislav Jakl<em>. Jen \u0161koda, \u017ee si \u010dlov\u011bk tuto publikaci nep\u0159e\u010detl d\u0159\u00edve, ne\u017e na festival vstoupil. Nemusel by se n\u00e1sledn\u011b divit n\u011bkter\u00fdm zaj\u00edmav\u00fdm produkt\u016fm a ur\u010dit\u011b by se k&nbsp;pivu choval s&nbsp;v\u011bt\u0161\u00ed \u00factou.<\/em><\/strong><\/b><\/p>\n<p><!--more--><\/p>\n<p style=\"font-weight: 300;\">Knihu napsali dva a\u017e drasticky odli\u0161n\u00ed auto\u0159i. Daniela Kov\u00e1\u0159ov\u00e1 se v&nbsp;prvn\u00edch kapitol\u00e1ch p\u0159iznala, \u017ee m\u00e1 k&nbsp;pivu vztah sp\u00ed\u0161e kladn\u00fd a v\u00edc nic. Ladislav Jakl, kter\u00e9ho zn\u00e1m v\u00edcem\u00e9n\u011b jako novin\u00e1\u0159e a tiskov\u00e9ho mluv\u010d\u00edho prezidenta, se tu projevil jako nejen milovn\u00edk t\u00e9m\u011b\u0159 n\u00e1rodn\u00edho n\u00e1poje, ale p\u0159\u00edmo znalec. Nejen\u017ee lidsk\u00fdmi slovy vysv\u011btlil trochu zmaten\u00e9 kolegyni proces v\u00fdroby na\u0161eho klasick\u00e9ho, spodn\u011b kva\u0161en\u00e9ho, le\u017e\u00e1ku, ale neopomenul ani to, jak se va\u0159\u00ed piva jin\u00e1, svrchn\u011b kva\u0161en\u00e1, o kter\u00fdch jsme v&nbsp;dob\u00e1ch socialismu pouze sl\u00fdch\u00e1vali, \u017ee existuj\u00ed. D\u00edky minipivovar\u016fm m\u00e1me jmenovan\u00fdch v\u00fdrobk\u016f v&nbsp;sou\u010dasn\u00e9 dob\u011b v&nbsp;\u010cesku celkem slu\u0161nou nab\u00eddku.<\/p>\n<p>Oba auto\u0159i<\/p>\n<ol>\n<li style=\"font-weight: 300;\">Jakl se tak\u00e9 zm\u00ednil o zna\u010dk\u00e1ch a stylech piva i o r\u016fzn\u00fdch surovin\u00e1ch. Pivo toti\u017e evidentn\u011b sl\u00e1dkov\u00e9 nevyr\u00e1b\u011bj\u00ed pouze z&nbsp;r\u016fzn\u011b upravovan\u00e9ho je\u010dmenn\u00e9ho sladu, ale i z&nbsp;p\u0161enice, prosa, r\u00fd\u017ee nebo kuku\u0159ice. Tak\u00e9 chmel, sv\u00fdm zp\u016fsobem margin\u00e1ln\u00ed, ale nezbytn\u00e1 ingredience, m\u00e1 v&nbsp;tomto ohledu v&nbsp;sou\u010dasn\u00e9m pivovarnictv\u00ed d\u016fle\u017eitou \u00falohu. A nen\u00ed to pouze v&nbsp;pivovarnictv\u00ed popul\u00e1rn\u00ed legend\u00e1rn\u00ed \u017eateck\u00fd \u010derveno\u0161pi\u010d\u00e1k, ale tak\u00e9 extra ho\u0159k\u00e9 bavorsk\u00e9 i americk\u00e9 chmely, nap\u0159\u00edklad kultivar cascade, pln\u00fd t\u0159\u00edslovin a ho\u0159k\u00fdch silic.<\/li>\n<\/ol>\n<p style=\"font-weight: 300;\">V t\u00e9to \u010d\u00e1sti knihy jsem je\u0161t\u011b se sv\u00fdmi znalostmi technologi\u00ed nad D. Kov\u00e1\u0159ovou v\u011bdomostn\u011b trochu vedl. Kdy\u017e se ov\u0161em dostal kolega k styl\u016fm a zna\u010dk\u00e1m piva doma i ve sv\u011bt\u011b, nezbylo mi, jen ti\u0161e z\u00e1vid\u011bt. I pan\u00ed advok\u00e1tka m\u011bla v tomto ohledu n\u00e1skok. Pr\u00fd nav\u0161t\u00edvila s kolegou v roce 2019 t\u0159icet pivovar\u016f, pivn\u00edch restaurac\u00ed a pivot\u00e9k. Co bylo d\u00e1l v dal\u0161\u00edch letech, mohu jenom h\u00e1dat, zm\u00e1\u010dknout slzu v oku a hluboce z\u00e1vid\u011bt.<\/p>\n<p style=\"font-weight: 300;\">To, \u017ee jsou minipivovary v&nbsp;sou\u010dasn\u00e9 dob\u011b v&nbsp;kurzu, nemus\u00edme pochybovat. Bohu\u017eel my star\u0161\u00ed jsme dost konzervativn\u00ed. Nap\u0159\u00edklad j\u00e1 si nedovedu p\u0159edstavit, \u017ee bych pil pivo bez hudebn\u00edho n\u00e1stroje v&nbsp;ruce. Ov\u0161em k&nbsp;tomu, aby n\u00e1m v&nbsp;milovan\u00e9m Pos\u00e1zav\u00ed nevyschlo v&nbsp;krku, posta\u010d\u00ed v\u00fdrobky z&nbsp;Bene\u0161ova, K\u00e1cova, Popovic, \u0159\u00eddce Sm\u00edchova a pro v\u011bt\u0161\u00ed efekt z&nbsp;N\u00e1choda. Ale mo\u017en\u00e1 nast\u00e1vaj\u00ed lep\u0161\u00ed \u010dasy i u n\u00e1s v&nbsp;divo\u010din\u011b. Kamar\u00e1d tam \u010das od \u010dasu p\u0159iveze soudek z&nbsp;minipivovaru B\u0159evnovsk\u00e9ho kl\u00e1\u0161tera.<\/p>\n<p>Auto\u0159i p\u0159edstavili knihu &#8222;Piva\u0159 a blond\u00fdna&#8220; n\u00e1v\u0161t\u011bvn\u00edk\u016fm festivalu minipivovar\u016f<\/p>\n<p style=\"font-weight: 300;\">Kdy\u017e jsem se do\u010detl, kde v\u0161ude najdeme minipivovary a \u010d\u00edm je zvl\u00e1\u0161tn\u00ed jejich pivn\u00ed nab\u00eddka, rozhodl jsem se, \u017ee pokud se na budouc\u00ed 13. festival minipivovar\u016f na Pra\u017esk\u00e9m hrad\u011b 2025 dostanu, zkus\u00edm postupovat podle knihy obou autor\u016f \u201ePiva\u0159 a blond\u00fdna\u201c od jedn\u00e9 doporu\u010den\u00e9 v\u00fd\u010depn\u00ed stolice ke druh\u00e9. A samoz\u0159ejm\u011b ochutn\u00e1vat jednotliv\u00e9 pivovarnick\u00e9 v\u00fdrobky, poctiv\u011b si tu\u017ekou za\u0161krt\u00e1vat v knize uveden\u00e9 minipivovary a zaznamen\u00e1vat um\u011bleck\u00fd dojem.<\/p>\n<p style=\"font-weight: 300;\">P\u0159i \u010dten\u00ed kapitoly o stylech a zna\u010dk\u00e1ch piva jsem si tak\u00e9 vzpomn\u011bl na jednoho star\u00e9ho autora, kter\u00fd krom 20 jazyk\u016f ovl\u00e1dal i botaniku. J\u00e1 jsem jeho p\u0159\u00edsp\u011bvky o kyti\u010dk\u00e1ch stra\u0161n\u011b r\u00e1d redigoval. Jednou se v nich zm\u00ednil o hypot\u00e9ze, \u017ee na\u0161e z\u00e1pado\u010desk\u00e1 metropole se p\u016fvodn\u011b jmenovala n\u011bmecky tu\u0161\u00edm \u201eBilzen\u201c, tedy stejn\u011b, jako zaj\u00edmav\u00e1, siln\u011b jedovat\u00e1 bylina s omamn\u00fdmi \u00fa\u010dinky s n\u00e1zvem bl\u00edn. Tehdy jsem pochopil, \u017ee i sl\u00e1dci jsou, podobn\u011b jako v\u011bt\u0161ina dobr\u00fdch \u0159emesln\u00edk\u016f, lid\u00e9 vynal\u00e9zav\u00ed. A tak\u00e9 mi do\u0161lo, pro\u010d zdej\u0161\u00ed m\u011b\u0161\u0165an\u00e9 usilovn\u011b hledali n\u011bkoho, kdo by je kone\u010dn\u011b nau\u010dil va\u0159it pivo.&nbsp;<\/p>\n<p style=\"font-weight: 300;\"><b><strong>Anton\u00edn Karoch&nbsp;<\/strong><\/b><\/p>\n<p><a href=\"https:\/\/czechtravelpress.cz\/cs\/recenze\/3471-pivar-a-blondyna-aneb-neotrely-pruvodce-pivnim-svetem\">Zdroj<\/a><\/p>\n","protected":false},"excerpt":{"rendered":"<p>Ji\u017e po dvan\u00e1ct\u00e9 se se\u0161li pod letohr\u00e1dkem Belveder u Pra\u017esk\u00e9ho hradu z\u00e1stupci minipivovar\u016f a jejich p\u0159\u00edznivci. Ctitel\u016f p\u011bniv\u00e9ho moku se tam se\u0161lo p\u0159es 2500. A nejen jich. Svoji knihu tam nap\u0159\u00edklad p\u0159edstavili i&nbsp;Daniela Kov\u00e1\u0159ov\u00e1 a Ladislav Jakl. Jen \u0161koda, \u017ee si \u010dlov\u011bk tuto publikaci nep\u0159e\u010detl d\u0159\u00edve, ne\u017e na festival vstoupil. Nemusel by se n\u00e1sledn\u011b divit [&hellip;]<\/p>\n","protected":false},"author":9,"featured_media":0,"comment_status":"open","ping_status":"open","sticky":false,"template":"","format":"standard","meta":{"ngg_post_thumbnail":0,"footnotes":""},"categories":[11,20],"tags":[],"class_list":["post-14249","post","type-post","status-publish","format-standard","hentry","category-ozvena","category-pivo"],"_links":{"self":[{"href":"https:\/\/www.ladislavjakl.cz\/index.php?rest_route=\/wp\/v2\/posts\/14249","targetHints":{"allow":["GET"]}}],"collection":[{"href":"https:\/\/www.ladislavjakl.cz\/index.php?rest_route=\/wp\/v2\/posts"}],"about":[{"href":"https:\/\/www.ladislavjakl.cz\/index.php?rest_route=\/wp\/v2\/types\/post"}],"author":[{"embeddable":true,"href":"https:\/\/www.ladislavjakl.cz\/index.php?rest_route=\/wp\/v2\/users\/9"}],"replies":[{"embeddable":true,"href":"https:\/\/www.ladislavjakl.cz\/index.php?rest_route=%2Fwp%2Fv2%2Fcomments&post=14249"}],"version-history":[{"count":1,"href":"https:\/\/www.ladislavjakl.cz\/index.php?rest_route=\/wp\/v2\/posts\/14249\/revisions"}],"predecessor-version":[{"id":14250,"href":"https:\/\/www.ladislavjakl.cz\/index.php?rest_route=\/wp\/v2\/posts\/14249\/revisions\/14250"}],"wp:attachment":[{"href":"https:\/\/www.ladislavjakl.cz\/index.php?rest_route=%2Fwp%2Fv2%2Fmedia&parent=14249"}],"wp:term":[{"taxonomy":"category","embeddable":true,"href":"https:\/\/www.ladislavjakl.cz\/index.php?rest_route=%2Fwp%2Fv2%2Fcategories&post=14249"},{"taxonomy":"post_tag","embeddable":true,"href":"https:\/\/www.ladislavjakl.cz\/index.php?rest_route=%2Fwp%2Fv2%2Ftags&post=14249"}],"curies":[{"name":"wp","href":"https:\/\/api.w.org\/{rel}","templated":true}]}}