{"id":14251,"date":"2024-06-20T11:12:48","date_gmt":"2024-06-20T09:12:48","guid":{"rendered":"https:\/\/www.ladislavjakl.cz\/?p=14251"},"modified":"2024-06-20T11:12:48","modified_gmt":"2024-06-20T09:12:48","slug":"vlada-haji-zajmy-cizich-sil-proti-obcanum-nesouhlasne-chce-prevychovat-rika-jakl-o-navrhu-piratu","status":"publish","type":"post","link":"https:\/\/www.ladislavjakl.cz\/?p=14251","title":{"rendered":"Vl\u00e1da h\u00e1j\u00ed z\u00e1jmy ciz\u00edch sil proti ob\u010dan\u016fm. Nesouhlasn\u00e9 chce p\u0159evychovat, \u0159\u00edk\u00e1 Jakl o n\u00e1vrhu Pir\u00e1t\u016f"},"content":{"rendered":"<p>Pir\u00e1ti ned\u00e1vno p\u0159edstavili 12bodov\u00fd pl\u00e1n boje s dezinformacemi. Podle Ladislava Jakla, publicisty a b\u00fdval\u00e9ho tajemn\u00edka prezidenta Klause, jsou n\u00e1vrhy strany dal\u0161\u00edm z mnoha pokus\u016f o omezen\u00ed svobody slova. \u0160kolstv\u00ed, kter\u00e9 cht\u011bj\u00ed modernizovat, je u\u017e d\u00e1vno v re\u017eii soci\u00e1ln\u00edch in\u017een\u00fdr\u016f, \u0159ekl pro ne\u010cT24.<br \/>\n<!--more--><\/p>\n<p><b>Jde o dal\u0161\u00ed z mnoha pokus\u016f \u010desk\u00fdch politik\u016f vymezit pojem dezinformace. \u201ePl\u00e1n\u201c zahrnuje staronov\u00e9 tvrzen\u00ed o \u201eod\u0159\u00edznut\u00ed od ve\u0159ejn\u00fdch pen\u011bz\u201c, monitoringu a rychl\u00e9 reakci. K \u010demu podle V\u00e1s slou\u017e\u00ed n\u00e1vrat k tomuto ot\u0159el\u00e9mu t\u00e9matu?<\/b><\/p>\n<p><b>Ladislav Jakl:&nbsp;<\/b>Pokud svoboda slova neplat\u00ed i pro v\u00fdroky blb\u00e9, chybn\u00e9, o\u0161kliv\u00e9, nesmysln\u00e9 \u010di zlomysln\u00e9, pak neplat\u00ed v\u016fbec. Pokud tu bude autorita, kter\u00e1 bude rozhodovat o omezov\u00e1n\u00ed svobody slova, pak to bude v\u017edy diktatura. A od\u0159\u00edznut\u00ed od ve\u0159ejn\u00fdch pen\u011bz? Jist\u011b. Od ve\u0159ejn\u00fdch pen\u011bz by m\u011bla b\u00fdt od\u0159\u00edznuta v\u0161echna m\u00e9dia. Ne \u017ee si n\u011bkter\u00e1 vybran\u00e1 bude vydr\u017eovat st\u00e1tn\u00ed moc z pen\u011bz v\u0161ech da\u0148ov\u00fdch poplatn\u00edk\u016f. Nez\u00e1visl\u00e1 m\u00e9dia nesm\u00ed \u017eivit st\u00e1t, to je pak protimluv.<\/p>\n<p><b>Ve sv\u00e9m pl\u00e1nu Pir\u00e1ti hovo\u0159\u00ed o pot\u0159eb\u011b modernizace \u0161kolstv\u00ed v oblasti hodnocen\u00ed (dez)informac\u00ed. M\u016f\u017ee podle V\u00e1s strana Pir\u00e1t\u016f \u010di jak\u00e1koliv jin\u00e1 vl\u00e1dn\u00ed strana, bude-li j\u00ed tento \u00fakol sv\u011b\u0159en, ovlivnit \u0161kol\u00e1ky pro sebe v\u00fdhodn\u00fdm zp\u016fsobem?<\/b><\/p>\n<p>\u0160kolstv\u00ed u\u017e te\u010f pat\u0159\u00ed soci\u00e1ln\u00edm in\u017een\u00fdr\u016fm a extremistick\u00fdm progresivist\u016fm. Je\u0161t\u011b krok t\u00edmto sm\u011brem, a hlavn\u00edm c\u00edlem rodi\u010dovsk\u00e9 v\u00fdchovy bude odnau\u010dit sv\u00e9 d\u00edt\u011b tomu, co ho nau\u010dili ve \u0161kole.<\/p>\n<p><b>Lipavsk\u00fd b\u011bhem tiskov\u00e9 konference prohl\u00e1sil, \u017ee Pir\u00e1t\u016fm se poda\u0159ilo prosadit od\u0159\u00edznut\u00ed dezinforma\u010dn\u00edch web\u016f od ve\u0159ejn\u00fdch pen\u011bz a z\u0159\u00eddit na MZV speci\u00e1ln\u00ed odd\u011blen\u00ed strategick\u00e9 komunikace. Jak se od doby n\u00e1stupu Fialova kabinetu zm\u011bnila medi\u00e1ln\u00ed atmosf\u00e9ra? Zpozoroval jste zlep\u0161en\u00ed image ministerstva zahrani\u010d\u00ed d\u00edky nov\u00e9mu odd\u011blen\u00ed?<\/b><\/p>\n<p>Vl\u00e1da v\u010detn\u011b ministerstva zahrani\u010d\u00ed m\u00e1 h\u00e1jit n\u00e1rodn\u00ed z\u00e1jmy. Sou\u010dasn\u00e1 vl\u00e1da h\u00e1j\u00ed z\u00e1jmy ciz\u00edch sil proti vlastn\u00edm ob\u010dan\u016fm. Jen n\u011bkte\u0159\u00ed ob\u010dan\u00e9 to necht\u011bj\u00ed p\u0159ijmout, tak mus\u00ed b\u00fdt vybudov\u00e1n syst\u00e9m jejich p\u0159ev\u00fdchovy. Jen\u017ee tenhle n\u00e1t\u011br nikdy dlouho nevydr\u017e\u00ed. U\u017e te\u010f je opr\u00fdskan\u00fd a pod n\u00edm prosv\u00edt\u00e1 realita.<\/p>\n<p><a href=\"https:\/\/42tcen.com\/entry\/vlada-haji-zajmy-cizich-sil-proti-obcanum-nesouhlasne-chce-prevychovat-rika-jakl-o-navrhu-piratu\">Zdroj<\/a><\/p>\n","protected":false},"excerpt":{"rendered":"<p>Pir\u00e1ti ned\u00e1vno p\u0159edstavili 12bodov\u00fd pl\u00e1n boje s dezinformacemi. Podle Ladislava Jakla, publicisty a b\u00fdval\u00e9ho tajemn\u00edka prezidenta Klause, jsou n\u00e1vrhy strany dal\u0161\u00edm z mnoha pokus\u016f o omezen\u00ed svobody slova. \u0160kolstv\u00ed, kter\u00e9 cht\u011bj\u00ed modernizovat, je u\u017e d\u00e1vno v re\u017eii soci\u00e1ln\u00edch in\u017een\u00fdr\u016f, \u0159ekl pro ne\u010cT24.<\/p>\n","protected":false},"author":9,"featured_media":0,"comment_status":"open","ping_status":"open","sticky":false,"template":"","format":"standard","meta":{"ngg_post_thumbnail":0,"footnotes":""},"categories":[13],"tags":[],"class_list":["post-14251","post","type-post","status-publish","format-standard","hentry","category-rozhovory"],"_links":{"self":[{"href":"https:\/\/www.ladislavjakl.cz\/index.php?rest_route=\/wp\/v2\/posts\/14251","targetHints":{"allow":["GET"]}}],"collection":[{"href":"https:\/\/www.ladislavjakl.cz\/index.php?rest_route=\/wp\/v2\/posts"}],"about":[{"href":"https:\/\/www.ladislavjakl.cz\/index.php?rest_route=\/wp\/v2\/types\/post"}],"author":[{"embeddable":true,"href":"https:\/\/www.ladislavjakl.cz\/index.php?rest_route=\/wp\/v2\/users\/9"}],"replies":[{"embeddable":true,"href":"https:\/\/www.ladislavjakl.cz\/index.php?rest_route=%2Fwp%2Fv2%2Fcomments&post=14251"}],"version-history":[{"count":1,"href":"https:\/\/www.ladislavjakl.cz\/index.php?rest_route=\/wp\/v2\/posts\/14251\/revisions"}],"predecessor-version":[{"id":14252,"href":"https:\/\/www.ladislavjakl.cz\/index.php?rest_route=\/wp\/v2\/posts\/14251\/revisions\/14252"}],"wp:attachment":[{"href":"https:\/\/www.ladislavjakl.cz\/index.php?rest_route=%2Fwp%2Fv2%2Fmedia&parent=14251"}],"wp:term":[{"taxonomy":"category","embeddable":true,"href":"https:\/\/www.ladislavjakl.cz\/index.php?rest_route=%2Fwp%2Fv2%2Fcategories&post=14251"},{"taxonomy":"post_tag","embeddable":true,"href":"https:\/\/www.ladislavjakl.cz\/index.php?rest_route=%2Fwp%2Fv2%2Ftags&post=14251"}],"curies":[{"name":"wp","href":"https:\/\/api.w.org\/{rel}","templated":true}]}}