{"id":1426,"date":"2012-01-12T15:40:54","date_gmt":"2012-01-12T14:40:54","guid":{"rendered":"http:\/\/www.ladislavjakl.cz\/?p=1426"},"modified":"2012-01-12T15:40:54","modified_gmt":"2012-01-12T14:40:54","slug":"atmosfera-druhe-republiky-je-tu","status":"publish","type":"post","link":"https:\/\/www.ladislavjakl.cz\/?p=1426","title":{"rendered":"Atmosf\u00e9ra Druh\u00e9 republiky je tu"},"content":{"rendered":"<p>Kamar\u00e1d Honza, jinak tak\u00e9 publicista, kter\u00fd zpravidla  p\u00ed\u0161e o z\u00e1va\u017en\u011bj\u0161\u00edch v\u011bcech, ne\u017e jsou soudob\u00e9 politick\u00e9 tane\u010dky (t\u0159eba o  \u017eensk\u00fdch, pivu \u010di literatu\u0159e), mi nap\u00ed\u0161e esemesku tak jednou za dva  roky.<\/p>\n<p><a name=\"t2\"><\/a><\/p>\n<div>\n<p><!--more--><\/p>\n<p>A jestli\u017ee mi ji p\u0159ed chv\u00edl\u00ed op\u011bt napsal, musil k\u00a0tomu m\u00edt u\u017e hodn\u011b silnou motivaci. Napsal mi: <em>\u201eCo je to za \u0161mejda, ten M. Musil z MF? O \u010dem by psal v t\u00fd dob\u011b on? A co by psal dnes, kdyby n\u00e1m EU zabrala Sudety?\u201c<\/em><\/p>\n<p>Tak jsem vzal do ruky Mladou frontu Dnes a hledal \u0159\u00e1dky, kter\u00e9 Honzu  tak nadzvedly. A na\u0161el jsem. Jde o \u010dl\u00e1nek z\u00e1stupce \u0161\u00e9fredaktora Michala  Musila s\u00a0n\u00e1zvem \u201eJestlipak by V\u00e1clav Klaus v\u00a0roce 1938 zavelel do  v\u00e1lky.\u201c<\/p>\n<p>Musil v\u00a0tomhle sv\u00e9m textu l\u017eiv\u011b sugeruje \u010dten\u00e1\u0159\u016fm, \u017ee ten, kdo si  mysl\u00ed, \u017ee demokracie funguje l\u00e9pe v\u00a0demokratick\u00e9m st\u00e1t\u011b ne\u017e  v\u00a0mezin\u00e1rodn\u00ed organizaci, kter\u00e1 na sebe stahuje pravomoci st\u00e1tu, ale  nen\u00ed vybavena zp\u011btn\u00fdmi vazbami a \u00fastavn\u00edmi kontroln\u00edmi n\u00e1stroji, mus\u00ed  b\u00fdt nutn\u011b i proti jak\u00fdmkoli bezpe\u010dnostn\u00edm spojeneck\u00fdm svazk\u016fm.<\/p>\n<p>Musil\u016fv \u010dl\u00e1nek nen\u00ed zaj\u00edmav\u00fd jen touto \u0161kol\u00e1ckou \u00fa\u010delovou manipulac\u00ed,  proto\u017ee takov\u00fdch je v\u00a0novin\u00e1ch denn\u011b n\u011bkolik septik\u016f. Zaj\u00edmav\u00fd je sp\u00ed\u0161  t\u00edm, jak si s\u00e1m nab\u00edh\u00e1 evokac\u00ed roku 1938. Sta\u010d\u00ed se toti\u017e za\u010d\u00edst do  dobov\u00e9ho tisku Druh\u00e9 republiky a podobnost s\u00a0dne\u0161n\u00edm hlavn\u00edm medi\u00e1ln\u00edm  proudem v\u00e1s uhod\u00ed do o\u010d\u00ed.<\/p>\n<p>Tehdy i dnes jsou vysm\u00edv\u00e1ni, ok\u0159ikov\u00e1ni a ur\u00e1\u017eeni v\u0161ichni ti, kdo si  dovol\u00ed nej\u00edt s\u00a0pokrokov\u00fdm mainstreamem. Tehdy i dnes nen\u00ed \u00fa\u010delem  koment\u00e1\u0159\u016f argumentovat \u010di polemizovat, ale diskreditovat a vylou\u010dit  z\u00a0diskuse ty, kte\u0159\u00ed se neza\u0159adili.<\/p>\n<p>Mysl\u00edm, \u017ee bych na Honzovu ot\u00e1zku <em>\u201eo \u010dem by psal v\u00a0t\u00fd dob\u011b on?\u201c<\/em> um\u011bl odpov\u011bd\u011bt. P\u0159ece o velk\u00e9 Evrop\u011b a o nutnosti odhodit n\u00e1rodn\u00ed  sobectv\u00ed a dom\u00e1c\u00ed plutokracii, proto\u017ee na\u0161e budoucnost je jen v jednotn\u00e9  rodin\u011b evropsk\u00fdch n\u00e1rod\u016f, kr\u00e1\u010dej\u00edc\u00edch po boku na\u0161eho siln\u00e9ho souseda.<\/p>\n<p><a href=\"http:\/\/jakl.blog.idnes.cz\/c\/240362\/Atmosfera-Druhe-republiky-je-tu.html\" target=\"_blank\">Zdroj<\/a><\/div>\n","protected":false},"excerpt":{"rendered":"<p>Kamar\u00e1d Honza, jinak tak\u00e9 publicista, kter\u00fd zpravidla p\u00ed\u0161e o z\u00e1va\u017en\u011bj\u0161\u00edch v\u011bcech, ne\u017e jsou soudob\u00e9 politick\u00e9 tane\u010dky (t\u0159eba o \u017eensk\u00fdch, pivu \u010di literatu\u0159e), mi nap\u00ed\u0161e esemesku tak jednou za dva roky.<\/p>\n","protected":false},"author":1,"featured_media":0,"comment_status":"open","ping_status":"open","sticky":false,"template":"","format":"standard","meta":{"ngg_post_thumbnail":0,"footnotes":""},"categories":[6],"tags":[],"class_list":["post-1426","post","type-post","status-publish","format-standard","hentry","category-co-jsem-nerekl"],"_links":{"self":[{"href":"https:\/\/www.ladislavjakl.cz\/index.php?rest_route=\/wp\/v2\/posts\/1426","targetHints":{"allow":["GET"]}}],"collection":[{"href":"https:\/\/www.ladislavjakl.cz\/index.php?rest_route=\/wp\/v2\/posts"}],"about":[{"href":"https:\/\/www.ladislavjakl.cz\/index.php?rest_route=\/wp\/v2\/types\/post"}],"author":[{"embeddable":true,"href":"https:\/\/www.ladislavjakl.cz\/index.php?rest_route=\/wp\/v2\/users\/1"}],"replies":[{"embeddable":true,"href":"https:\/\/www.ladislavjakl.cz\/index.php?rest_route=%2Fwp%2Fv2%2Fcomments&post=1426"}],"version-history":[{"count":1,"href":"https:\/\/www.ladislavjakl.cz\/index.php?rest_route=\/wp\/v2\/posts\/1426\/revisions"}],"predecessor-version":[{"id":1427,"href":"https:\/\/www.ladislavjakl.cz\/index.php?rest_route=\/wp\/v2\/posts\/1426\/revisions\/1427"}],"wp:attachment":[{"href":"https:\/\/www.ladislavjakl.cz\/index.php?rest_route=%2Fwp%2Fv2%2Fmedia&parent=1426"}],"wp:term":[{"taxonomy":"category","embeddable":true,"href":"https:\/\/www.ladislavjakl.cz\/index.php?rest_route=%2Fwp%2Fv2%2Fcategories&post=1426"},{"taxonomy":"post_tag","embeddable":true,"href":"https:\/\/www.ladislavjakl.cz\/index.php?rest_route=%2Fwp%2Fv2%2Ftags&post=1426"}],"curies":[{"name":"wp","href":"https:\/\/api.w.org\/{rel}","templated":true}]}}