{"id":14265,"date":"2024-06-27T20:35:24","date_gmt":"2024-06-27T18:35:24","guid":{"rendered":"https:\/\/www.ladislavjakl.cz\/?p=14265"},"modified":"2024-06-27T20:35:24","modified_gmt":"2024-06-27T18:35:24","slug":"soumrak-lidovcu-a-televizni-dan","status":"publish","type":"post","link":"https:\/\/www.ladislavjakl.cz\/?p=14265","title":{"rendered":"Soumrak lidovc\u016f a televizn\u00ed da\u0148"},"content":{"rendered":"<p>Lidovci u\u010dinili rozhodn\u00fd krok sm\u011brem k&nbsp;budoucnosti. Od nyn\u011bj\u0161ka si budou \u0159\u00edkat lidovci. A pro\u010d? Proto\u017ee pr\u00fd jsou modern\u00ed. No, p\u0159ijmout po sto letech sv\u016fj n\u00e1zev, to moc modern\u011b nep\u016fsob\u00ed, ale up\u0159\u00edmn\u011b: je \u00falohou lidovc\u016f b\u00fdt modern\u00ed? Od toho tu m\u00e1me jin\u00e9 kabr\u0148\u00e1ky. A v&nbsp;tom je cel\u00fd probl\u00e9m lidovc\u016f.<\/p>\n<p><!--more--><\/p>\n<p>Lidovci existuj\u00ed 105 let. To se tehdy daly dohromady asi \u010dty\u0159i levicov\u00e9 k\u0159es\u0165ansko-soci\u00e1ln\u00ed strany s&nbsp;katolickou n\u00e1rodn\u00ed stranou a m\u011bli jsme tu stranu reprezentuj\u00edc\u00ed p\u0159ev\u00e1\u017en\u011b zem\u011bd\u011blsk\u00e9 zam\u011bstnance. Zat\u00edmco tehdej\u0161\u00ed soci\u00e1ln\u00ed demokracie byla sp\u00ed\u0161e stranou m\u011bstsk\u00fdch kvalifikovan\u00fdch d\u011bln\u00edk\u016f, lidovci byli sp\u00ed\u0161e stranou bezzemk\u016f bez vzd\u011bl\u00e1n\u00ed. A z&nbsp;povahy v\u011bci je\u0161t\u011b v\u00edce vlevo ne\u017e socani. Zvl\u00e1\u0161t\u011b pot\u00e9, kdy\u017e se o dva roky pozd\u011bji od soci\u00e1ln\u00ed demokracie odloupli komunist\u00e9.<\/p>\n<p>Z&nbsp;lidovc\u016f si lid\u00e9 d\u011blali po cel\u00e1 l\u00e9ta legraci. To kv\u016fli jejich oportunismu a osobit\u00e9mu p\u0159\u00edstupu k&nbsp;vlastn\u00edm z\u00e1sad\u00e1m. \u201eNa\u0161\u00edm heslem budi\u017e rozhodn\u00e9 MO\u017dN\u00c1.\u201c No, srandi\u010dky. V&nbsp;ka\u017ed\u00e9m p\u0159\u00edpad\u011b se lidovci na sto let stali samoz\u0159ejmou sou\u010d\u00e1st\u00ed \u010desk\u00e9ho politick\u00e9ho spektra. Neobe\u0161la se bez nich \u017e\u00e1dn\u00e1 koalice, ba ani komunisty \u0159\u00edzen\u00e1 N\u00e1rodn\u00ed fronta. P\u0159esto m\u011bli lidovci se sv\u00fdm opatrnick\u00fdm p\u0159\u00edstupem svou specifickou roli. \u010cekalo se od nich, \u017ee to oni budou d\u00e1vat pozor, aby se politika nezvrhla v&nbsp;bezhlavou demolic\u00ed vlastn\u00edch civiliza\u010dn\u00edch z\u00e1klad\u016f. V\u011bt\u0161inou se ale \u010dekalo marn\u011b.<\/p>\n<p>Ano, byly jist\u00e9 v\u00fdjimky. Tou bylo jedno pro mne trochu p\u0159ekvapiv\u00e9 hlasov\u00e1n\u00ed v&nbsp;Poslaneck\u00e9 sn\u011bmovn\u011b p\u0159ed 25 lety. Po hlasov\u00e1n\u00ed jsem na chodb\u011b potkal mlad\u00e9ho (on bude v\u017edycky mlad\u00fd) lidoveck\u00e9ho poslance, kter\u00fd mi hrd\u011b hl\u00e1sil: my jsme toti\u017e skute\u010dn\u011b konzervativn\u00ed strana! Mlad\u00fd politik se pozd\u011bji stal lidoveck\u00fdm p\u0159edsedou, pak od lidovc\u016f ode\u0161el, zalo\u017eil novou stranu, pak se stal jej\u00edm p\u0159edsedou, pak se zas z&nbsp;veden\u00ed vzd\u00e1lil a nyn\u00ed pr\u00fd sh\u00e1n\u00ed lidi na stanu novou.<\/p>\n<p>Ale zp\u011bt k&nbsp;lidovc\u016fm. Tak\u017ee najednou dnes zjistili, \u017ee jsou lidovci. Jen\u017ee on u\u017e jim to nikdo neuv\u011b\u0159\u00ed. Po cel\u00e1 l\u00e9ta s&nbsp;nimi mohl \u010dlov\u011bk nesouhlasit, ale musel jim p\u0159iznat, \u017ee reprezentuj\u00ed pohled na sv\u011bt jist\u00e9 specifick\u00e9 \u010d\u00e1sti ve\u0159ejnosti, zejm\u00e9na na jihomoravsk\u00e9m a v\u00fdchodo\u010desk\u00e9m venkov\u011b. V&nbsp;tom byli autenti\u010dt\u00ed. Ale pak se na sv\u016fj elektor\u00e1t vyka\u0161lali a za\u010dali tan\u010dit kolem velkom\u011bstsk\u00e9ho progresivistick\u00e9ho hipstera. Ale tam u\u017e bylo obsazeno. Star\u00e9 ztratili, nov\u00e9 nez\u00edskali. Posledn\u00ed zhasne. &nbsp;&nbsp;&nbsp;&nbsp;&nbsp;&nbsp;&nbsp;&nbsp;&nbsp;&nbsp;&nbsp;&nbsp;<\/p>\n<p>Poj\u010fme se rad\u011bji bavit o televizi. P\u0159ed n\u011bkolika dny jsem m\u011bl v&nbsp;r\u00e1mci jednoho nejmenovan\u00e9ho filmov\u00e9ho festivalu debatu s&nbsp;jedn\u00edm nejmenovan\u00fdm b\u00fdval\u00fdm \u0159editelem \u010cesk\u00e9 televize. Emeritn\u00ed \u0159editel mi otev\u0159el o\u010di. Jedin\u00fdm kouzeln\u00fdm slovem: relevantnost.<\/p>\n<p>Bavili jsme se toti\u017e \u2013 pochopiteln\u011b \u2013 o rozpo\u010dtu \u010cT a o snaze t\u00e9 \u010d\u00e1sti politik\u016f, kter\u00fdm \u010cT slou\u017e\u00ed, zv\u00fd\u0161it televizn\u00ed poplatek. Asi jako odm\u011bnu za ony v\u011brn\u00e9 slu\u017eby. Nam\u00edtal jsem, \u017ee \u010cT \u017e\u00e1dn\u00e9 pen\u00edze nav\u00edc nepot\u0159ebuje, proto\u017ee naprostou v\u011bt\u0161inu vys\u00edlac\u00edho \u010dasu v\u011bnuje komer\u010dn\u00edm po\u0159ad\u016fm, kter\u00e9 b\u011b\u017en\u011b vys\u00edlaj\u00ed soukrom\u00e9 televize i bez n\u00e1roku na v\u00fdnos z&nbsp;televizn\u00ed dan\u011b. \u010cT by klidn\u011b vy\u0161la s&nbsp;mnohem ni\u017e\u0161\u00edm rozpo\u010dtem, kdyby se koncentrovala jen na to, co d\u011blat m\u00e1 a k&nbsp;\u010demu byla z\u0159\u00edzena: tedy na&nbsp;pln\u011bn\u00ed funkc\u00ed, kter\u00e9 by konkuren\u010dn\u00ed televizn\u00ed trh nezajistil s\u00e1m od sebe.<\/p>\n<p>V&nbsp;tu chv\u00edli to p\u0159i\u0161lo: podle pana b\u00fdval\u00e9ho \u010cT vys\u00edl\u00e1 nejsurov\u011bj\u0161\u00ed komerci proto, aby z\u00edskala relevantnost. Ta spo\u010d\u00edv\u00e1 v&nbsp;\u010d\u00edslech o sledovanosti. My budeme vys\u00edlat komer\u010dn\u00ed \u0161kv\u00e1r, d\u00edky tomu z\u00edsk\u00e1me relevantnost, co\u017e n\u00e1m pak umo\u017en\u00ed vys\u00edlat po\u0159ady napl\u0148uj\u00edc\u00ed smysl na\u0161\u00ed existence s&nbsp;lep\u0161\u00ed sledovanost\u00ed a tedy dopadem.<\/p>\n<p>Tak\u017ee v&nbsp;hlavn\u00edch vys\u00edlac\u00edch \u010dasech odvys\u00edl\u00e1me v\u0161echny ty bulv\u00e1ry, a pak n\u011bkdy v&nbsp;noci budeme vys\u00edlat pro n\u00e1ro\u010dn\u00e9ho div\u00e1ka nebo pro men\u0161iny. A d\u00edky t\u011bm bulv\u00e1r\u016fm bude ty na\u0161e po\u0159ady ulo\u017een\u00e9 z\u00e1konem sledovat v\u00edce div\u00e1k\u016f.<\/p>\n<p>Opravdu? Odvys\u00edl\u00e1n\u00edm povrchn\u00edch pozl\u00e1tek, banalit a komer\u010dn\u00edch l\u00e1kadel \u017ee p\u0159esv\u011bd\u010d\u00edme p\u0159\u00edslu\u0161n\u00edky div\u00e1ck\u00fdch men\u0161in, aby si na\u0161li i sv\u016fj po\u0159ad? A nebude to sp\u00ed\u0161 obr\u00e1cen\u011b? \u017de men\u0161inov\u00e9mu div\u00e1kovi zhnus\u00edme celou na\u0161i programovou nab\u00eddku?<\/p>\n<p>Mo\u017en\u00e1 ale ona relevance skute\u010dn\u011b funguje. Ale trochu jinak. Odvys\u00edl\u00e1me v\u0161echny ty tancuj\u00edc\u00ed, va\u0159\u00edc\u00ed, ryba\u0159\u00edc\u00ed a zp\u00edvaj\u00edc\u00ed celebritky, bude se na to koukat hodn\u011b lid\u00ed, a my pak politik\u016fm \u0159ekneme: hele, to m\u00e1me ale relevanci. Ale v\u00edte, ona ta relevance n\u011bco stoj\u00ed\u2026<\/p>\n<p>Ano. Kv\u016fli tomu je t\u0159eba zv\u00fd\u0161it televizn\u00ed poplatek. Ne kv\u016fli tomu, abychom mohli kvalitn\u011bji vys\u00edlat pro \u0161koly, n\u00e1rodnostn\u00ed men\u0161iny nebo krajsk\u00e9 zpravodajstv\u00ed, ale kv\u016fli tomu, \u017ee komerce je drah\u00e1 a my jsme si na\u0161e kapacity a partnery hezky vykrmili.<\/p>\n<p>Nev\u011b\u0159\u00edte, \u017ee to takhle funguje? Tak se pod\u00edvejte t\u0159eba na dne\u0161n\u00ed program \u010cT. Nebo v\u010derej\u0161\u00ed. Nebo z\u00edt\u0159ej\u0161\u00ed. Tady se zhas\u00ednat nebude. Bude opulentn\u00ed ve\u010d\u00edrek a\u017e do r\u00e1na.<\/p>\n<p><em>Ladislav Jakl, 27. \u010dervna 2024<\/em><\/p>\n<p><a href=\"https:\/\/www.institutvk.cz\/clanky\/2806.html\">Zdroj<\/a><\/p>\n","protected":false},"excerpt":{"rendered":"<p>Lidovci u\u010dinili rozhodn\u00fd krok sm\u011brem k&nbsp;budoucnosti. Od nyn\u011bj\u0161ka si budou \u0159\u00edkat lidovci. A pro\u010d? Proto\u017ee pr\u00fd jsou modern\u00ed. No, p\u0159ijmout po sto letech sv\u016fj n\u00e1zev, to moc modern\u011b nep\u016fsob\u00ed, ale up\u0159\u00edmn\u011b: je \u00falohou lidovc\u016f b\u00fdt modern\u00ed? Od toho tu m\u00e1me jin\u00e9 kabr\u0148\u00e1ky. A v&nbsp;tom je cel\u00fd probl\u00e9m lidovc\u016f.<\/p>\n","protected":false},"author":9,"featured_media":0,"comment_status":"open","ping_status":"open","sticky":false,"template":"","format":"standard","meta":{"ngg_post_thumbnail":0,"footnotes":""},"categories":[1],"tags":[],"class_list":["post-14265","post","type-post","status-publish","format-standard","hentry","category-publikovane-clanky"],"_links":{"self":[{"href":"https:\/\/www.ladislavjakl.cz\/index.php?rest_route=\/wp\/v2\/posts\/14265","targetHints":{"allow":["GET"]}}],"collection":[{"href":"https:\/\/www.ladislavjakl.cz\/index.php?rest_route=\/wp\/v2\/posts"}],"about":[{"href":"https:\/\/www.ladislavjakl.cz\/index.php?rest_route=\/wp\/v2\/types\/post"}],"author":[{"embeddable":true,"href":"https:\/\/www.ladislavjakl.cz\/index.php?rest_route=\/wp\/v2\/users\/9"}],"replies":[{"embeddable":true,"href":"https:\/\/www.ladislavjakl.cz\/index.php?rest_route=%2Fwp%2Fv2%2Fcomments&post=14265"}],"version-history":[{"count":1,"href":"https:\/\/www.ladislavjakl.cz\/index.php?rest_route=\/wp\/v2\/posts\/14265\/revisions"}],"predecessor-version":[{"id":14266,"href":"https:\/\/www.ladislavjakl.cz\/index.php?rest_route=\/wp\/v2\/posts\/14265\/revisions\/14266"}],"wp:attachment":[{"href":"https:\/\/www.ladislavjakl.cz\/index.php?rest_route=%2Fwp%2Fv2%2Fmedia&parent=14265"}],"wp:term":[{"taxonomy":"category","embeddable":true,"href":"https:\/\/www.ladislavjakl.cz\/index.php?rest_route=%2Fwp%2Fv2%2Fcategories&post=14265"},{"taxonomy":"post_tag","embeddable":true,"href":"https:\/\/www.ladislavjakl.cz\/index.php?rest_route=%2Fwp%2Fv2%2Ftags&post=14265"}],"curies":[{"name":"wp","href":"https:\/\/api.w.org\/{rel}","templated":true}]}}