{"id":14267,"date":"2024-06-28T12:27:07","date_gmt":"2024-06-28T10:27:07","guid":{"rendered":"https:\/\/www.ladislavjakl.cz\/?p=14267"},"modified":"2024-06-28T12:27:07","modified_gmt":"2024-06-28T10:27:07","slug":"televize-divaku-naval-prachy-a-mlc-vysilame","status":"publish","type":"post","link":"https:\/\/www.ladislavjakl.cz\/?p=14267","title":{"rendered":"Televize: div\u00e1ku, naval prachy a ml\u010d, vys\u00edl\u00e1me"},"content":{"rendered":"<p>M\u011bl jsem dnes zaj\u00edmav\u00e9 pov\u00edd\u00e1n\u00ed se slovensk\u00fdm hercem a n\u011bkdej\u0161\u00edm ministrem kultury Milanem K\u0148a\u017ekem \u2013 \u017eiv\u011b pro zpr\u00e1vy na Prima CNN. Pov\u00edd\u00e1n\u00ed to bylo kolem \u010deskoslovensk\u00fdch vztah\u016f u p\u0159\u00edle\u017eitosti sm\u00edrn\u00e9 n\u00e1v\u0161t\u011bvy nov\u00e9ho slovensk\u00e9ho prezidenta Petera Pellegriniho.<\/p>\n<p><!--more--><\/p>\n<p>Zat\u00edmco podle m\u011b reprezentanti \u010desk\u00e9 vl\u00e1dy projevili nedostatkem respektu k&nbsp;mand\u00e1tu Ficovy vl\u00e1dy z\u00e1rove\u0148 opovr\u017een\u00ed v\u016f\u010di slovensk\u00fdm voli\u010d\u016fm, K\u0148a\u017eko prohl\u00e1sil, \u017ee novou vl\u00e1du nerespektuje, proto\u017ee ona nedostala mand\u00e1t k&nbsp;odvr\u017een\u00ed z\u00e1padn\u00edch hodnot. Jestli mezi tyto hodnoty pat\u0159\u00ed i respekt k&nbsp;mand\u00e1tu, to u\u017e jsme se nedov\u011bd\u011bli. Ostatn\u011b, z\u00e1znam z&nbsp;onoho kr\u00e1tk\u00e9ho pov\u00edd\u00e1n\u00ed m\u016f\u017ee shl\u00e9dnout ka\u017ed\u00fd.<\/p>\n<p>Co je ta ve\u0159ejnopr\u00e1vnost<\/p>\n<p>J\u00e1 se te\u010f chci ale zm\u00ednit o t\u00e9matu, ke kter\u00e9mu u\u017e jsem nem\u011bl \u0161anci se vyj\u00e1d\u0159it. K\u0148a\u017eko dostal od moder\u00e1torky n\u00e1vodnou ot\u00e1zku, zda zm\u011bny kolem institucion\u00e1ln\u00edho uspo\u0159\u00e1d\u00e1n\u00ed Slovensk\u00e9 televize a Slovensk\u00e9ho rozhlasu nech\u00e1pe jako \u201eorbanizaci\u201c a potla\u010dov\u00e1n\u00ed novin\u00e1\u0159sk\u00fdch svobod. Na to pochopiteln\u011b K\u0148a\u017eko ochotn\u011b nasko\u010dil a obraty typu \u201esvoboda ve\u0159ejnopr\u00e1vn\u00edch m\u00e9di\u00ed\u201c pou\u017eil hned n\u011bkolikr\u00e1t.<\/p>\n<p>Tohle gigantick\u00e9 nepochopen\u00ed role tzv. ve\u0159ejnopr\u00e1vn\u00edch m\u00e9di\u00ed jsme u n\u00e1s v&nbsp;pln\u00e9 par\u00e1d\u011b za\u017eili kolem \u201etelevizn\u00ed krize\u201c p\u0159ed 24 lety, pro n\u00ed\u017e by se hodilo r\u010den\u00ed \u201ep\u016fda pat\u0159\u00ed krtk\u016fm, proto\u017ee na n\u00ed pracuj\u00ed\u201c. Nikoli z titulu, \u017ee jsem se na tvorb\u011b medi\u00e1ln\u00ed legislativy u n\u00e1s p\u0159ed v\u00edce ne\u017e 30 lety docela dost pod\u00edlel, ale z&nbsp;pozic norm\u00e1ln\u00edho zdrav\u00e9ho rozumu mus\u00edm zvolat, \u017ee slova o svobod\u011b vyj\u00e1d\u0159en\u00ed do \u201eve\u0159ejnopr\u00e1vn\u00edch\u201c m\u00e9di\u00ed v\u016fbec nepat\u0159\u00ed.<\/p>\n<p>Kdybych v&nbsp;onom televizn\u00edm pov\u00edd\u00e1n\u00ed je\u0161t\u011b dostal slovo, musel bych \u0159\u00edci jedin\u00e9: <strong>Zam\u011bstnanci t\u011bchto instituc\u00ed \u017e\u00e1dnou novin\u00e1\u0159skou svobodu m\u00edt nemaj\u00ed a ani nesm\u011bj\u00ed m\u00edt<\/strong>, i kdy\u017e si ji n\u00e1tlakov\u00fdmi formami p\u0159isvojuj\u00ed. Ve\u0159ejnopr\u00e1vn\u00ed m\u00e9dium je instituce. Instituce z\u0159\u00edzen\u00e1 st\u00e1tem k&nbsp;pln\u011bn\u00ed ulo\u017een\u00fdch \u00fakol\u016f. \u00dakol\u016f ulo\u017een\u00fdch z\u0159izovac\u00edm z\u00e1konem a dal\u0161\u00edmi p\u0159edpisy. K&nbsp;pln\u011bn\u00ed t\u011bchto \u00fakol\u016f j\u00ed byl z\u00e1konem sv\u011b\u0159en majetek, z\u00e1konem p\u0159id\u011bleny kmito\u010dty, z\u00e1konem je zaji\u0161\u0165ov\u00e1no financov\u00e1n\u00ed z&nbsp;ve\u0159ejn\u00fdch prost\u0159edk\u016f.<\/p>\n<p>Navalte prachy!<\/p>\n<p>To by se l\u00edbilo ka\u017ed\u00e9mu: navalte prachy, majetek \u2013 a u\u017e mi do ni\u010deho nemluvte, budu si svobodn\u011b d\u011blat, co chci. Ach ne. Kdo plat\u00ed, ten porou\u010d\u00ed. V&nbsp;tomto p\u0159\u00edpad\u011b je to cel\u00e1 ve\u0159ejnost a st\u00e1t. Jist\u011b, tato m\u00e9dia by nem\u011bla podl\u00e9hat jen aktu\u00e1ln\u00ed exekutiv\u011b, co\u017e je ale v&nbsp;r\u016fzn\u00fdch zem\u00edch \u0159e\u0161eno r\u016fzn\u011b. V&nbsp;Brit\u00e1nii \u0161\u00e9fa BBC jmenovala vl\u00e1da, to by u n\u00e1s asi nepro\u0161lo. N\u011bkde jsou tato m\u00e9dia napojena na rozpo\u010det, n\u011bkde jsou financov\u00e1na z&nbsp;v\u00fdnosu speci\u00e1ln\u00ed dan\u011b (jako u n\u00e1s). N\u011bkde je \u201eodpol\u0161t\u00e1\u0159ov\u00e1n\u00ed\u201c od vl\u00e1dy \u0159e\u0161eno p\u0159enesen\u00edm kontroln\u00edch mechanism\u016f na parlament, tedy v&nbsp;p\u0159im\u011b\u0159en\u00fdch proporc\u00edch i na opozici (jako u n\u00e1s), jinde se o tyto funkce d\u011bl\u00ed exekutiva s&nbsp;legislativou. Ale v\u0161ude plat\u00ed, \u017ee tato m\u00e9dia maj\u00ed plnit zad\u00e1n\u00ed, za jejich pln\u011bn\u00ed jsou placena.<\/p>\n<p>\u201eVe\u0159ejnopr\u00e1vn\u00ed\u201c m\u00e9dia maj\u00ed pracovat profesion\u00e1ln\u011b a pochopiteln\u011b nemaj\u00ed slou\u017eit jen vl\u00e1d\u011b. Maj\u00ed slou\u017eit cel\u00e9 ve\u0159ejnosti v&nbsp;cel\u00e9m z\u00e1jmov\u00e9m a n\u00e1zorov\u00e9m spektru. Ale maj\u00ed slou\u017eit. Ne si svobodn\u011b d\u011blat novina\u0159inu podle sv\u00fdch p\u0159edstav. To moho kdekoli jinde, ale za svoje.&nbsp;&nbsp;<\/p>\n<p>Ps\u00e1no pro Den\u00edk TO<\/p>\n<p><a href=\"https:\/\/denik.to\/televize-divaku-naval-prachy-a-mlc-vysilame\/\">Televize: div\u00e1ku, naval prachy a ml\u010d, vys\u00edl\u00e1me | Den\u00edk TO (denik.to)<\/a> &nbsp;&nbsp;<\/p>\n","protected":false},"excerpt":{"rendered":"<p>M\u011bl jsem dnes zaj\u00edmav\u00e9 pov\u00edd\u00e1n\u00ed se slovensk\u00fdm hercem a n\u011bkdej\u0161\u00edm ministrem kultury Milanem K\u0148a\u017ekem \u2013 \u017eiv\u011b pro zpr\u00e1vy na Prima CNN. Pov\u00edd\u00e1n\u00ed to bylo kolem \u010deskoslovensk\u00fdch vztah\u016f u p\u0159\u00edle\u017eitosti sm\u00edrn\u00e9 n\u00e1v\u0161t\u011bvy nov\u00e9ho slovensk\u00e9ho prezidenta Petera Pellegriniho.<\/p>\n","protected":false},"author":9,"featured_media":0,"comment_status":"open","ping_status":"open","sticky":false,"template":"","format":"standard","meta":{"ngg_post_thumbnail":0,"footnotes":""},"categories":[1],"tags":[],"class_list":["post-14267","post","type-post","status-publish","format-standard","hentry","category-publikovane-clanky"],"_links":{"self":[{"href":"https:\/\/www.ladislavjakl.cz\/index.php?rest_route=\/wp\/v2\/posts\/14267","targetHints":{"allow":["GET"]}}],"collection":[{"href":"https:\/\/www.ladislavjakl.cz\/index.php?rest_route=\/wp\/v2\/posts"}],"about":[{"href":"https:\/\/www.ladislavjakl.cz\/index.php?rest_route=\/wp\/v2\/types\/post"}],"author":[{"embeddable":true,"href":"https:\/\/www.ladislavjakl.cz\/index.php?rest_route=\/wp\/v2\/users\/9"}],"replies":[{"embeddable":true,"href":"https:\/\/www.ladislavjakl.cz\/index.php?rest_route=%2Fwp%2Fv2%2Fcomments&post=14267"}],"version-history":[{"count":1,"href":"https:\/\/www.ladislavjakl.cz\/index.php?rest_route=\/wp\/v2\/posts\/14267\/revisions"}],"predecessor-version":[{"id":14268,"href":"https:\/\/www.ladislavjakl.cz\/index.php?rest_route=\/wp\/v2\/posts\/14267\/revisions\/14268"}],"wp:attachment":[{"href":"https:\/\/www.ladislavjakl.cz\/index.php?rest_route=%2Fwp%2Fv2%2Fmedia&parent=14267"}],"wp:term":[{"taxonomy":"category","embeddable":true,"href":"https:\/\/www.ladislavjakl.cz\/index.php?rest_route=%2Fwp%2Fv2%2Fcategories&post=14267"},{"taxonomy":"post_tag","embeddable":true,"href":"https:\/\/www.ladislavjakl.cz\/index.php?rest_route=%2Fwp%2Fv2%2Ftags&post=14267"}],"curies":[{"name":"wp","href":"https:\/\/api.w.org\/{rel}","templated":true}]}}