{"id":14286,"date":"2024-07-12T14:23:01","date_gmt":"2024-07-12T12:23:01","guid":{"rendered":"https:\/\/www.ladislavjakl.cz\/?p=14286"},"modified":"2024-07-12T14:23:01","modified_gmt":"2024-07-12T12:23:01","slug":"olympiada-schopnosti-utracet-z-ciziho","status":"publish","type":"post","link":"https:\/\/www.ladislavjakl.cz\/?p=14286","title":{"rendered":"Olympi\u00e1da schopnost\u00ed utr\u00e1cet z ciz\u00edho"},"content":{"rendered":"<p>Sotva se rozpt\u00fdlil prach nad volbami do Evropsk\u00e9ho parlamentu, u\u017e se n\u00e1m hezky rozb\u00edh\u00e1 kampa\u0148 p\u0159ed podzimn\u00edmi volbami do Sen\u00e1tu a do krajsk\u00fdch zastupitelstev. Bez ohledu na okurkovou sez\u00f3nu.<\/p>\n<p><!--more--><\/p>\n<p>A je dobr\u00e9 se n\u011bkdy pod\u00edvat na programy, p\u0159edvolebn\u00ed hesla a sliby. Ne prim\u00e1rn\u011b kv\u016fli tomu, abychom pak mohli kontrolovat, zda ten kter\u00fd zvolen\u00fd subjekt nebo politik sv\u00e9 sliby dodr\u017eel. Ono toti\u017e \u010dasto nen\u00ed pro spole\u010dnost, pro svobodu a pro prosperitu nejhor\u0161\u00ed to, kdy\u017e politik na sv\u00e9 sliby zapomene a nedodr\u017euje je. Hor\u0161\u00ed m\u016f\u017ee b\u00fdt, kdy\u017e se je sna\u017e\u00ed skute\u010dn\u011b dodr\u017eet a kdy\u017e k&nbsp;tomu dostane ve volb\u00e1ch s\u00edlu.<\/p>\n<p>Sta\u010d\u00ed se pod\u00edvat do zahrani\u010d\u00ed, zejm\u00e9na na pr\u00e1v\u011b skon\u010den\u00e9 volby v&nbsp;Brit\u00e1nii a ve Francii. Kv\u016fli specifik\u016fm tamn\u00edch volebn\u00edch syst\u00e9mu sice zdaleka nemus\u00ed volebn\u00ed subjekt, kter\u00fd obdr\u017e\u00ed nejv\u00edc hlas\u016f od voli\u010d\u016f, b\u00fdt skute\u010dn\u00fdm v\u00edt\u011bzem voleb, proto\u017ee t\u00edm se stane ten, kdo z\u00edsk\u00e1 nejv\u011bt\u0161\u00ed po\u010det mand\u00e1t\u016f. Volebn\u00ed syst\u00e9my mohou z\u00e1vislost mezi po\u010dtem hlas\u016f a po\u010dtem mand\u00e1t\u016f zcela pok\u0159ivit (t\u0159eba jasn\u00fd v\u00edt\u011bz francouzsk\u00fdch voleb podle po\u010dtu hlas\u016f z\u00edskal a\u017e t\u0159et\u00ed nejvy\u0161\u0161\u00ed po\u010det mand\u00e1t\u016f v&nbsp;parlamentu), ale v\u0161ichni pravidla p\u0159edem znaj\u00ed a holt s&nbsp;nimi mus\u00ed po\u010d\u00edtat.<\/p>\n<p>Podle tohoto z\u00e1sadn\u00edho krit\u00e9ria volby v&nbsp;obou d\u016fle\u017eit\u00fdch zem\u00edch, st\u00e1l\u00fdch \u010dlenech Rady bezpe\u010dnosti OSN, jadern\u00fdch velmocech a ekonomick\u00fdch a vojensk\u00fdch mocnostech vyhr\u00e1ly siln\u011b levicov\u00e9 a\u017e ultralevicov\u00e9 s\u00edly. Ona p\u0159edpona \u201eultra\u201c je v&nbsp;t\u00e9to souvislosti pou\u017eita p\u0159edev\u0161\u00edm proto, \u017ee jejich soupe\u0159i byli vesm\u011bs tak\u00e9 vlevo, jen ne tak moc a tak zjevn\u011b. Tak ultra.<\/p>\n<p>V&nbsp;obou p\u0159\u00edpadech v\u00edt\u011bzn\u00e9 strany usp\u011bly d\u00edky stopades\u00e1t let star\u00e9 a mnohokr\u00e1t vyzkou\u0161en\u00e9 strategii. P\u0159edh\u00e1n\u011bly se p\u0159ed ve\u0159ejnost\u00ed s&nbsp;n\u00e1pady, jak co nejl\u00e9pe, nejefektivn\u011bji a nejzaj\u00edmav\u011bji utratit ciz\u00ed pen\u00edze. A\u017e tak jednoduch\u00e9 to je. Vybudujeme, postav\u00edme, za\u0159\u00edd\u00edme, podpo\u0159\u00edme, pom\u016f\u017eeme. To jsou v\u00fdroky, kter\u00e9 se \u0159\u00edkaj\u00ed hodn\u011b nahlas. Jen \u00fapln\u011b potichu se ale dod\u00e1v\u00e1: a vy to v\u0161echno zaplat\u00edte.<\/p>\n<p>Tis\u00edckr\u00e1t obehran\u00fd fakt, \u017ee politik nenab\u00edz\u00ed lidem sv\u00e9 pen\u00edze, kter\u00e9 by jim ze srdce r\u00e1d rozdal, ale \u017ee jim vlastn\u011b sd\u011bluje, \u017ee um\u00ed utratit pen\u00edze ob\u010dan\u016f l\u00e9pe, ne\u017e to um\u011bj\u00ed oni sami, lidem nezabr\u00e1n\u00ed znovu si sp\u00e1lit prsty. Tento recept prost\u011b st\u00e1le funguje a op\u011bt v&nbsp;obou zem\u00edch zabodoval na cel\u00e9 \u010d\u00e1\u0159e.<\/p>\n<p>U n\u00e1s to ale m\u00e1me podobn\u00e9. A to zejm\u00e9na typov\u011b u krajsk\u00fdch a komun\u00e1ln\u00edch voleb. Kandiduj\u00edc\u00ed strany a politici se n\u00e1m pokou\u0161ej\u00ed namluvit, \u017ee u tohoto typu voleb nejde tolik o n\u011bjakou politiku, ale o kompetence, o schopnosti, o kvalitu spr\u00e1vy a \u0159\u00edzen\u00ed. Jen\u017ee to tak nen\u00ed. Ka\u017ed\u00e9 rozhodnut\u00ed o ve\u0159ejn\u00fdch v\u011bcech je rozhodnut\u00edm politick\u00fdm. A v&nbsp;ka\u017ed\u00e9m zd\u00e1nliv\u011b praktick\u00e9m dilematu se ukr\u00fdv\u00e1 klasick\u00fd pravolev\u00fd spor.<\/p>\n<p>Spor mezi t\u011bmi, kdo vid\u00ed politiku jako p\u0159\u00edle\u017eitost utr\u00e1cet ciz\u00ed pen\u00edze, a t\u011bch, kdo lidem \u0159\u00edkaj\u00ed: nech\u00e1m v\u00e1s na pokoji. Nenaval\u00edm na v\u00e1s tuny nov\u00fdch regulac\u00ed a z\u00e1kaz\u016f a budu v\u00e1m z&nbsp;kapes vytahovat co nejm\u00e9n\u011b.<\/p>\n<p>D\u00edvejme se, poslouchejme a \u010dt\u011bme. Orgie slib\u016f, d\u00edl tis\u00edc\u00edpades\u00e1t\u00fd\u0161est\u00fd, se op\u011bt rozj\u00ed\u017ed\u011bj\u00ed. Olympi\u00e1da slib\u016f. A rozli\u0161ujme. Jedni budou \u017eonglovat velkorys\u00fdmi projekty za ciz\u00ed pen\u00edze, druz\u00ed (snad se takov\u00ed najdou) budou lidem \u0159\u00edkat: Nep\u016fjdu po v\u00e1s ani po va\u0161\u00ed pen\u011b\u017eence.<\/p>\n<p><em>Ladislav Jakl, 12. \u010dervence 2024<\/em><\/p>\n<p><a href=\"https:\/\/www.institutvk.cz\/clanky\/2827.html\">Zdroj<\/a><\/p>\n","protected":false},"excerpt":{"rendered":"<p>Sotva se rozpt\u00fdlil prach nad volbami do Evropsk\u00e9ho parlamentu, u\u017e se n\u00e1m hezky rozb\u00edh\u00e1 kampa\u0148 p\u0159ed podzimn\u00edmi volbami do Sen\u00e1tu a do krajsk\u00fdch zastupitelstev. Bez ohledu na okurkovou sez\u00f3nu.<\/p>\n","protected":false},"author":9,"featured_media":0,"comment_status":"open","ping_status":"open","sticky":false,"template":"","format":"standard","meta":{"ngg_post_thumbnail":0,"footnotes":""},"categories":[1],"tags":[],"class_list":["post-14286","post","type-post","status-publish","format-standard","hentry","category-publikovane-clanky"],"_links":{"self":[{"href":"https:\/\/www.ladislavjakl.cz\/index.php?rest_route=\/wp\/v2\/posts\/14286","targetHints":{"allow":["GET"]}}],"collection":[{"href":"https:\/\/www.ladislavjakl.cz\/index.php?rest_route=\/wp\/v2\/posts"}],"about":[{"href":"https:\/\/www.ladislavjakl.cz\/index.php?rest_route=\/wp\/v2\/types\/post"}],"author":[{"embeddable":true,"href":"https:\/\/www.ladislavjakl.cz\/index.php?rest_route=\/wp\/v2\/users\/9"}],"replies":[{"embeddable":true,"href":"https:\/\/www.ladislavjakl.cz\/index.php?rest_route=%2Fwp%2Fv2%2Fcomments&post=14286"}],"version-history":[{"count":1,"href":"https:\/\/www.ladislavjakl.cz\/index.php?rest_route=\/wp\/v2\/posts\/14286\/revisions"}],"predecessor-version":[{"id":14287,"href":"https:\/\/www.ladislavjakl.cz\/index.php?rest_route=\/wp\/v2\/posts\/14286\/revisions\/14287"}],"wp:attachment":[{"href":"https:\/\/www.ladislavjakl.cz\/index.php?rest_route=%2Fwp%2Fv2%2Fmedia&parent=14286"}],"wp:term":[{"taxonomy":"category","embeddable":true,"href":"https:\/\/www.ladislavjakl.cz\/index.php?rest_route=%2Fwp%2Fv2%2Fcategories&post=14286"},{"taxonomy":"post_tag","embeddable":true,"href":"https:\/\/www.ladislavjakl.cz\/index.php?rest_route=%2Fwp%2Fv2%2Ftags&post=14286"}],"curies":[{"name":"wp","href":"https:\/\/api.w.org\/{rel}","templated":true}]}}