{"id":14291,"date":"2024-07-18T12:24:33","date_gmt":"2024-07-18T10:24:33","guid":{"rendered":"https:\/\/www.ladislavjakl.cz\/?p=14291"},"modified":"2024-07-18T12:24:33","modified_gmt":"2024-07-18T10:24:33","slug":"haji-vladu-tak-si-rekli-o-odmenu-jakl-a-proc-zaplatite-vic-ceske-televizi","status":"publish","type":"post","link":"https:\/\/www.ladislavjakl.cz\/?p=14291","title":{"rendered":"\u201eH\u00e1j\u00ed vl\u00e1du. Tak si \u0159ekli o odm\u011bnu.\u201c Jakl a pro\u010d zaplat\u00edte v\u00edc \u010cesk\u00e9 televizi"},"content":{"rendered":"<p><strong>\u201eNen\u00ed tu \u017e\u00e1dn\u00fd d\u016fvod, pro\u010d m\u00e1 st\u00e1t vydr\u017eovat bar\u00e1k za 8 miliard korun.\u201c Parlamentn\u00edmList\u016fm.cz to \u0159ekl \u010dlen Rady pro rozhlasov\u00e9 a televizn\u00ed vys\u00edl\u00e1n\u00ed a analytik Institutu V\u00e1clava Klause Ladislav Jakl. Podle n\u011bho je z\u0159ejm\u00e9, \u017ee v\u0161echny funkce, kter\u00e9 jsou o\u010dek\u00e1v\u00e1ny od ve\u0159ejnopr\u00e1vn\u00ed televize, zast\u00e1vaj\u00ed soukrom\u00e1 m\u00e9dia. Pokud pr\u00fd m\u00e1 zv\u00fd\u0161en\u00ed poplatk\u016f zajistit nez\u00e1vislost \u010cT, tak jedin\u011b nez\u00e1vislost na div\u00e1c\u00edch, kte\u0159\u00ed si televizi plat\u00ed. Jakl upozor\u0148uje t\u00e9\u017e na pr\u00e1ci plukovn\u00edka Folt\u00fdna, kter\u00fd m\u00e1 bojovat s dezinformacemi. Hovo\u0159\u00ed p\u0159itom o p\u0159em\u011bn\u011b st\u00e1tu v plukovnick\u00fd re\u017eim.<\/strong><\/p>\n<p><!--more--><\/p>\n<figure>\n<div class=\"img\"><img decoding=\"async\" src=\"https:\/\/cms.parlamentnilisty.cz\/image.ashx?w=632&amp;h=307&amp;f=CA8A7544_638356711316354060.jpg&amp;id=184583\" alt=\"\u201eH\u00e1j\u00ed vl\u00e1du. Tak si \u0159ekli o odm\u011bnu.\u201c Jakl a pro\u010d zaplat\u00edte v\u00edc \u010cesk\u00e9 televizi\"><\/div><figcaption class=\"photo-info\"><small>Foto:&nbsp;<strong>Hans \u0160tembera<\/strong><br \/>\nPopisek:&nbsp;<strong>Institut V\u00e1clava Klause s V\u00e1clavem Klausem v \u010dele p\u0159edstavil novou knihu- Sebedestrukce z\u00e1padu 2.0<\/strong><\/small><\/figcaption><\/figure>\n<section class=\"article-content\">\n<div class=\"article-container\">\n<p><strong>Ve sn\u011bmovn\u011b le\u017e\u00ed tzv. velk\u00e1 medi\u00e1ln\u00ed novela, kter\u00e1 pro\u0161la prvn\u00edm \u010dten\u00edm. Krom\u011b zv\u00fd\u0161en\u00ed poplatk\u016f za \u010cT i \u010cRo p\u0159in\u00e1\u0161\u00ed tak\u00e9 roz\u0161\u00ed\u0159en\u00ed, kdy budou muset platit lid\u00e9 nevlastn\u00edc\u00ed televizi, ale maj\u00edc\u00ed telefon \u010di prost\u011b internetov\u00e9 p\u0159ipojen\u00ed bez ohledu na to, zda produkci ve\u0159ejnopr\u00e1vn\u00edch m\u00e9di\u00ed konzumuj\u00ed. K tomu i firmy. Obsahovat by zm\u011bna mohla i pravideln\u00e9 ro\u010dn\u00ed navy\u0161ov\u00e1n\u00ed poplatk\u016f pokud inflace p\u0159ekro\u010d\u00ed 6 procent. Vy zv\u00fd\u0161en\u00ed poplatk\u016f kritizujete. Vad\u00ed v\u00e1m i v\u0161echny ostatn\u00ed zm\u011bny? Lze rozv\u00e9st d\u016fvody?<\/strong><\/p>\n<section class=\"section-brown section-inarticle poll pollNormal\">\n<div class=\"well well-rounded\">\n<h2>Anketa<\/h2>\n<p>Kdyby \u010cesk\u00e1 televize z\u00edtra zcela a bez n\u00e1hrady zanikla a p\u0159estala vys\u00edlat, chyb\u011bla by v\u00e1m?<\/p>\n<div class=\"row\">\n<div class=\"col-md-9\">\n<div><a class=\" poll-vote\" href=\"https:\/\/www.parlamentnilisty.cz\/arena\/rozhovory\/-Haji-vladu-Tak-si-rekli-o-odmenu-Jakl-a-proc-zaplatite-vic-Ceske-televizi-758458#\" data-pl-pollid=\"3548\" data-pl-polloptionid=\"13244\" data-pl-captchatoken=\"PBdP8tUZFPUqgShlZVEISHKz+F9tRl4EoCjLjK3AMyZMeZKn0CmwkFYwxcRZZs+c\">Ano<\/a><\/div>\n<div class=\"progress progress-thin progress-poll0\">\n<div class=\"bar bar-poll0\">&nbsp;<\/div>\n<\/div>\n<\/div>\n<div class=\"col-md-3 poll-percent\">2%<\/div>\n<\/div>\n<div class=\"row\">\n<div class=\"col-md-9\">\n<div><a class=\" poll-vote\" href=\"https:\/\/www.parlamentnilisty.cz\/arena\/rozhovory\/-Haji-vladu-Tak-si-rekli-o-odmenu-Jakl-a-proc-zaplatite-vic-Ceske-televizi-758458#\" data-pl-pollid=\"3548\" data-pl-polloptionid=\"13245\" data-pl-captchatoken=\"PBdP8tUZFPUqgShlZVEISHKz+F9tRl4EoCjLjK3AMyZMeZKn0CmwkFYwxcRZZs+c\">Ne<\/a><\/div>\n<div class=\"progress progress-thin progress-poll1\">\n<div class=\"bar bar-poll1\">&nbsp;<\/div>\n<\/div>\n<\/div>\n<div class=\"col-md-3 poll-percent\">93%<\/div>\n<\/div>\n<div class=\"row\">\n<div class=\"col-md-9\">\n<div><a class=\" poll-vote\" href=\"https:\/\/www.parlamentnilisty.cz\/arena\/rozhovory\/-Haji-vladu-Tak-si-rekli-o-odmenu-Jakl-a-proc-zaplatite-vic-Ceske-televizi-758458#\" data-pl-pollid=\"3548\" data-pl-polloptionid=\"13246\" data-pl-captchatoken=\"PBdP8tUZFPUqgShlZVEISHKz+F9tRl4EoCjLjK3AMyZMeZKn0CmwkFYwxcRZZs+c\">\u010c\u00e1ste\u010dn\u011b<\/a><\/div>\n<div class=\"progress progress-thin progress-poll2\">\n<div class=\"bar bar-poll2\">&nbsp;<\/div>\n<\/div>\n<\/div>\n<div class=\"col-md-3 poll-percent\">3%<\/div>\n<\/div>\n<div class=\"row\">\n<div class=\"col-md-9\">\n<div><a class=\" poll-vote\" href=\"https:\/\/www.parlamentnilisty.cz\/arena\/rozhovory\/-Haji-vladu-Tak-si-rekli-o-odmenu-Jakl-a-proc-zaplatite-vic-Ceske-televizi-758458#\" data-pl-pollid=\"3548\" data-pl-polloptionid=\"13247\" data-pl-captchatoken=\"PBdP8tUZFPUqgShlZVEISHKz+F9tRl4EoCjLjK3AMyZMeZKn0CmwkFYwxcRZZs+c\">Nev\u00edm \/ Je mi to jedno<\/a><\/div>\n<div class=\"progress progress-thin progress-poll3\">\n<div class=\"bar bar-poll3\">&nbsp;<\/div>\n<\/div>\n<\/div>\n<div class=\"col-md-3 poll-percent\">2%<\/div>\n<\/div>\n<div>hlasovalo:&nbsp;<strong>30880 lid\u00ed<\/strong><\/div>\n<\/div>\n<\/section>\n<p>To p\u0159ece nen\u00ed \u017e\u00e1dn\u00e1 medi\u00e1ln\u00ed novela, nato\u017e velk\u00e1. To je jen zv\u00fd\u0161en\u00ed p\u0159\u00edjm\u016f \u010cesk\u00e9 televize a \u010cesk\u00e9ho rozhlasu formou nav\u00fd\u0161en\u00ed poplatk\u016f a roz\u0161\u00ed\u0159en\u00ed po\u010dtu pl\u00e1tc\u016f. \u010cesk\u00e1 televize vys\u00edl\u00e1 skoro jen samou komerci. Jako v\u0161echny ostatn\u00ed televize. Na to \u017e\u00e1dn\u00e9 pen\u00edze nepot\u0159ebuje, to prost\u011b d\u011blat v\u016fbec nem\u00e1. Ka\u017ed\u00e9mu je to p\u0159ece jasn\u00e9, \u017ee \u010cesk\u00e1 televize i \u010cesk\u00fd rozhlas slou\u017e\u00ed t\u00e9 \u010d\u00e1sti politik\u016f, kter\u00e1 te\u010f zkou\u0161\u00ed z&nbsp;lid\u00ed vym\u00e1\u010dknout v\u00edc pen\u011bz a poslat je ob\u011bma m\u00e9di\u00edm jako d\u00e1rek za letit\u00e9 cenn\u00e9 slu\u017eby. &nbsp;&nbsp;&nbsp;&nbsp;&nbsp;&nbsp;<\/p>\n<p><strong>Z \u00fast ministra kultury, ale i dal\u0161\u00edch \u010dlen\u016f vl\u00e1dy jako V\u00edta Raku\u0161ana, jsme v uplynul\u00fdch dnech sly\u0161eli, \u017ee zm\u011bna zajist\u00ed nez\u00e1vislost ve\u0159ejnopr\u00e1vn\u00edch m\u00e9di\u00ed. Jak si toto tvrzen\u00ed vykl\u00e1dat? Te\u010f nen\u00ed \u010cT nez\u00e1visl\u00e1, kdy\u017e m\u00e1 m\u00e9n\u011b pen\u011bz?&nbsp;<\/strong><\/p>\n<p>Asi m\u00e1 na mysli indexaci poplatk\u016f na v\u011b\u010dn\u00e9 \u010dasy. Prost\u011b jejich automatick\u00e9 zvy\u0161ov\u00e1n\u00ed bez ohledu na p\u0159\u00e1n\u00ed ve\u0159ejnosti. Jde tedy o nez\u00e1vislost na div\u00e1c\u00edch. Ti ale budou platit. I nediv\u00e1ci. &nbsp;&nbsp;<\/p>\n<p><strong>Po s\u00edt\u00edch koluje dva roky star\u00fd v\u00fdrok ministra kultury Martiny Baxy, kter\u00fd \u0159ekl n\u00e1sleduj\u00edc\u00ed: \u201eShodli jsme se ve vl\u00e1dn\u00ed koalici, \u017ee se nebude hospoda\u0159en\u00ed \u010cesk\u00e9 televize&nbsp;<\/strong><strong>\u0159e\u0161it zvy\u0161ov\u00e1n\u00edm koncesion\u00e1\u0159sk\u00fdch poplatk\u016f. Mysl\u00edm, \u017ee je to spr\u00e1vn\u00fd krok\u201c. Dnes srdnat\u011b h\u00e1j\u00ed nutnost tyto poplatky zv\u00fd\u0161it. Co na to \u0159\u00edci? Zaznamenal jste n\u011bkde jeho vysv\u011btlen\u00ed, co ho p\u0159im\u011blo k obratu? A co ho k n\u011bmu p\u0159im\u011blo podle va\u0161eho m\u00edn\u011bn\u00ed?<\/strong><\/p>\n<p>Je to d\u016fsledek je\u0161t\u011b t\u011bsn\u011bj\u0161\u00edho sbrat\u0159en\u00ed Kav\u010d\u00edch hor a sou\u010dasn\u00e9 vl\u00e1dy. \u010cesk\u00e1 televize vl\u00e1du h\u00e1j\u00ed, tak te\u010f si vl\u00e1d\u011b \u0159ekla o odm\u011bnu. A Baxa v\u00ed, \u017ee nic nen\u00ed star\u0161\u00edho ne\u017e v\u010derej\u0161\u00ed sliby.<\/p>\n<p><strong>N\u011bkte\u0159\u00ed opozi\u010dn\u00ed politici upozor\u0148uj\u00ed, \u017ee nen\u00ed dostate\u010dn\u011b definov\u00e1na role, jakou maj\u00ed ve\u0159ejnopr\u00e1vn\u00ed m\u00e9dia sehr\u00e1vat. Jin\u00fdmi slovy, co maj\u00ed povinnost za pen\u00edze, kter\u00e9 od lid\u00ed nucen\u011b vyberou, vys\u00edlat. Mezi takov\u00e9 po\u0159ady z\u0159ejm\u011b nepat\u0159\u00ed reality show Pe\u010de cel\u00e1 zem\u011b a podobn\u00e9 relace, anebo ano?<\/strong><\/p>\n<p>A\u0165 si ka\u017ed\u00fd \u010dten\u00e1\u0159 tohoto rozhovoru najde dne\u0161n\u00ed program \u010cesk\u00e9 televize a jde bod po bodu, po\u0159ad po po\u0159adu. A u ka\u017ed\u00e9ho a\u0165 se pt\u00e1, zda k&nbsp;jeho vys\u00edl\u00e1n\u00ed pot\u0159ebujeme televizi z\u0159\u00edzenou st\u00e1tem a povinn\u011b financovanou \u010desk\u00fdmi ob\u010dany.<\/p>\n<p><strong>Mimochodem, pat\u0159\u00ed v\u016fbec k ve\u0159ejn\u00e9 slu\u017eb\u011b zpravodajstv\u00ed a publicistika? Kan\u00e1l \u010cT24? M\u00e1 soukromou alternativu v podob\u011b CNN Prima News a bezpo\u010det priv\u00e1tn\u00edch internetov\u00fdch a jin\u00fdch m\u00e9di\u00ed. Anebo \u010cT a rozhlas toto poskytovat maj\u00ed coby z\u00e1ruku toho, \u017ee jejich v\u00fdb\u011br zpr\u00e1v a ud\u00e1lost\u00ed p\u0159inese obyvatelstvu z\u00e1kladn\u00ed p\u0159ehled o d\u011bn\u00ed doma a ve sv\u011bt\u011b?<\/strong><\/p>\n<p>V\u0161echny funkce jsou zcela napln\u011bny konkuren\u010dn\u00edm medi\u00e1ln\u00edm prost\u0159ed\u00edm. V\u010detn\u011b po\u0159ad\u016f vzd\u011bl\u00e1vac\u00edch, po\u0159ad\u016f pro men\u0161iny a kulturn\u00edch po\u0159ad\u016f. Nen\u00ed tu nic, k&nbsp;\u010demu m\u00e1 st\u00e1t vydr\u017eovat bar\u00e1k za osm miliard. &nbsp;<\/p>\n<p><a href=\"https:\/\/www.parlamentnilisty.cz\/arena\/rozhovory\/-Haji-vladu-Tak-si-rekli-o-odmenu-Jakl-a-proc-zaplatite-vic-Ceske-televizi-758458\">Zdroj<\/a><\/p>\n<\/div>\n<\/section>\n","protected":false},"excerpt":{"rendered":"<p>\u201eNen\u00ed tu \u017e\u00e1dn\u00fd d\u016fvod, pro\u010d m\u00e1 st\u00e1t vydr\u017eovat bar\u00e1k za 8 miliard korun.\u201c Parlamentn\u00edmList\u016fm.cz to \u0159ekl \u010dlen Rady pro rozhlasov\u00e9 a televizn\u00ed vys\u00edl\u00e1n\u00ed a analytik Institutu V\u00e1clava Klause Ladislav Jakl. Podle n\u011bho je z\u0159ejm\u00e9, \u017ee v\u0161echny funkce, kter\u00e9 jsou o\u010dek\u00e1v\u00e1ny od ve\u0159ejnopr\u00e1vn\u00ed televize, zast\u00e1vaj\u00ed soukrom\u00e1 m\u00e9dia. Pokud pr\u00fd m\u00e1 zv\u00fd\u0161en\u00ed poplatk\u016f zajistit nez\u00e1vislost \u010cT, tak [&hellip;]<\/p>\n","protected":false},"author":9,"featured_media":0,"comment_status":"open","ping_status":"open","sticky":false,"template":"","format":"standard","meta":{"ngg_post_thumbnail":0,"footnotes":""},"categories":[13],"tags":[],"class_list":["post-14291","post","type-post","status-publish","format-standard","hentry","category-rozhovory"],"_links":{"self":[{"href":"https:\/\/www.ladislavjakl.cz\/index.php?rest_route=\/wp\/v2\/posts\/14291","targetHints":{"allow":["GET"]}}],"collection":[{"href":"https:\/\/www.ladislavjakl.cz\/index.php?rest_route=\/wp\/v2\/posts"}],"about":[{"href":"https:\/\/www.ladislavjakl.cz\/index.php?rest_route=\/wp\/v2\/types\/post"}],"author":[{"embeddable":true,"href":"https:\/\/www.ladislavjakl.cz\/index.php?rest_route=\/wp\/v2\/users\/9"}],"replies":[{"embeddable":true,"href":"https:\/\/www.ladislavjakl.cz\/index.php?rest_route=%2Fwp%2Fv2%2Fcomments&post=14291"}],"version-history":[{"count":1,"href":"https:\/\/www.ladislavjakl.cz\/index.php?rest_route=\/wp\/v2\/posts\/14291\/revisions"}],"predecessor-version":[{"id":14292,"href":"https:\/\/www.ladislavjakl.cz\/index.php?rest_route=\/wp\/v2\/posts\/14291\/revisions\/14292"}],"wp:attachment":[{"href":"https:\/\/www.ladislavjakl.cz\/index.php?rest_route=%2Fwp%2Fv2%2Fmedia&parent=14291"}],"wp:term":[{"taxonomy":"category","embeddable":true,"href":"https:\/\/www.ladislavjakl.cz\/index.php?rest_route=%2Fwp%2Fv2%2Fcategories&post=14291"},{"taxonomy":"post_tag","embeddable":true,"href":"https:\/\/www.ladislavjakl.cz\/index.php?rest_route=%2Fwp%2Fv2%2Ftags&post=14291"}],"curies":[{"name":"wp","href":"https:\/\/api.w.org\/{rel}","templated":true}]}}