{"id":14306,"date":"2024-08-02T18:33:49","date_gmt":"2024-08-02T16:33:49","guid":{"rendered":"https:\/\/www.ladislavjakl.cz\/?p=14306"},"modified":"2024-08-02T18:33:49","modified_gmt":"2024-08-02T16:33:49","slug":"doba-aktualni-stripky-z-nerealneho-sveta","status":"publish","type":"post","link":"https:\/\/www.ladislavjakl.cz\/?p=14306","title":{"rendered":"DOBA: Aktu\u00e1ln\u00ed st\u0159\u00edpky z nere\u00e1ln\u00e9ho sv\u011bta"},"content":{"rendered":"<p data-debug-redistribute=\"007. \/ 0px \/ 281\">Rusko si s USA navz\u00e1jem vym\u011b\u0148uj\u00ed v\u011bzn\u011b. V diskus\u00edch na toto t\u00e9ma jsem zachytil zaj\u00edmav\u00fd n\u00e1pad: \u017ee by z\u00e1padn\u00ed zem\u011b m\u011bly d\u011blat na sv\u00e9m \u00fazem\u00ed preventivn\u00ed odchyt Rus\u016f, aby jich pak bylo dost na r\u016fzn\u00e9 takov\u00e9 v\u00fdm\u011bny.<\/p>\n<p data-debug-redistribute=\"007. \/ 0px \/ 281\"><!--more--><\/p>\n<p data-debug-redistribute=\"003. \/ 102px \/ 566\">Realitou se u\u017e d\u00e1vno stalo mnoho jin\u00fdch n\u00e1pad\u016f, jejich\u017e uskute\u010dn\u011bn\u00ed se d\u0159\u00edve zd\u00e1lo b\u00fdt nemo\u017en\u00fdm. T\u0159eba se poda\u0159\u00ed v \u017eivot uv\u00e9st i tuto my\u0161lenku. Po cel\u00e9 Zem\u011bkouli by prob\u00edhaly odchyty (mo\u017en\u00e1 mimo n\u011bjakou sez\u00f3nu h\u00e1jen\u00ed) a naloven\u00fd materi\u00e1l by se pak sm\u011b\u0148oval na burz\u00e1ch. Nejd\u0159\u00edv za lidi odchytnut\u00e9 konkurenc\u00ed, pot\u00e9 za jakoukoli jinou adekv\u00e1tn\u00ed protihodnotu. To by mohlo podpo\u0159it stagnuj\u00edc\u00ed zahrani\u010dn\u00ed obchod.<\/p>\n<p data-debug-redistribute=\"005. \/ 258px \/ 467\">Kdy\u017e chlap zml\u00e1t\u00ed \u017eenu v re\u00e1ln\u00e9m \u017eivot\u011b, dostane se mu minim\u00e1ln\u011b opovr\u017een\u00ed. V hor\u0161\u00edm p\u0159\u00edpad\u011b takov\u00e9ho \u010dek\u00e1 trestn\u00ed \u0159\u00edzen\u00ed a pot\u00e9 i rozsudek. Kdy\u017e chlap zml\u00e1t\u00ed \u017eenu v Pa\u0159\u00ed\u017ei v boxersk\u00e9 sout\u011b\u017ei na olympi\u00e1d\u011b, m\u00edsto flastru se m\u016f\u017ee do\u010dkat i medaile. Pak by se s takovou medail\u00ed mohl radovat t\u0159eba na pra\u017esk\u00e9m pochodu p\u00fdchy spole\u010dn\u011b s podobn\u011b n\u011b\u017en\u00fdmi os\u016fbkami.<\/p>\n<p data-debug-redistribute=\"001. \/ 413px \/ 628\">Od \u010desk\u00fdch hranic se od tohoto v\u00edkendu dostanete k polsk\u00e9mu Baltu u\u017e za p\u011bt hodin. To je asi tak polovina \u010dasu, co tahle cesta zabrala je\u0161t\u011b ned\u00e1vno. Ono to v\u016fbec vypad\u00e1, \u017ee v Polsku se za posledn\u00edch 35 let postavilo v pr\u016fm\u011bru za t\u00fdden tolik d\u00e1lnic, jako u n\u00e1s za p\u011bt let. Mo\u017en\u00e1 je to t\u00edm, \u017ee Polsko je chud\u00e9 na \u201eekologick\u00e9\u201c aktivistick\u00e9 vyd\u011bra\u010de. Co kdybychom k nim n\u011bkolik exempl\u00e1\u0159\u016f tohoto skv\u011bl\u00e9ho \u010desk\u00e9ho artiklu vyvezli? Aby se Pol\u00e1ci taky hezky pobavili.<\/p>\n<p data-debug-redistribute=\"004. \/ 597px \/ 512\">A\u010d je to je\u0161t\u011b mlad\u00fd chlapec, p\u0159ece u\u017e je Miroslav Kalousek ministrem financ\u00ed jen emeritn\u00edm u\u017e \u0159adu let. A z tohoto nadhledu se pustil do aktu\u00e1ln\u00edho \u0161\u00e9fa tohoto resortu Stanjury, \u017ee pr\u00fd sou\u010dasn\u00fd pan ministr l\u017ee, jak kdy\u017e tiskne. Spor se t\u00fdk\u00e1 rezignace na opakovan\u00e9 vl\u00e1dn\u00ed sliby, jak \u017ee bude razantn\u011b sni\u017eovat schodek. \u017de si ten Snajura ned\u00e1 \u0159\u00edct. Po\u0159\u00e1d m\u00e1v\u00e1 n\u011bjak\u00fdmi \u010d\u00edsly, na kter\u00e1 ho ka\u017ed\u00fd nachyt\u00e1. M\u011bl si vz\u00edt p\u0159\u00edklad z jin\u00e9ho ze sv\u00fdch p\u0159edch\u016fdc\u016f, z Bohuslava Sobotky. Ten na kritiku nepln\u011bn\u00ed p\u0159edvolebn\u00edch slib\u016f rovnou na f\u00e9rovku odv\u011btil, \u017ee ony sliby nebyly zasazeny do re\u00e1ln\u00e9ho ekonomick\u00e9ho r\u00e1mce.<\/p>\n<p data-debug-redistribute=\"002. \/ 834px \/ 621\">Bulv\u00e1ry aplauduj\u00ed \u010desk\u00e9mu hrdinovi, kter\u00fd l\u00e1me pivn\u00ed rekordy, nap\u0159\u00edklad v pit\u00ed piva vestoje na hlav\u011b. P\u0159itom st\u00e1t na hlav\u011b je mnohem jednodu\u0161\u0161\u00ed ne\u017e st\u00e1t na jedn\u00e9 ruce. Tak jsem ale mnohokr\u00e1t pivo na \u010das pil j\u00e1 &#8211; a bulv\u00e1ry ml\u010dely. Aha, ony v tu dobu \u017e\u00e1dn\u00e9 nebyly. Ale j\u00e1 to stejn\u011b ned\u011blal kv\u016fli nim. Na jedn\u00e9 ruce m\u00edsto na hlav\u011b jsem st\u00e1l kv\u016fli tomu, abych jednou i v 65 letech mohl m\u00edt na temeni hust\u00e9 vlasy.<\/p>\n<p data-debug-redistribute=\"008. \/ 990px \/ 172\">Proti tomu je digitalizace stavebn\u00edch \u0159\u00edzen\u00ed pouhou prkotinou. Nebo ne? Pr\u00fd se cel\u00fd pokrokov\u00fd projekt ministra Barto\u0161e n\u011bjak zasekl. \u017de by to pan ministr nezvl\u00e1dl? Ale kdepak. On dob\u0159e v\u00ed, co d\u011bl\u00e1. Podle Pir\u00e1t\u016f toho bylo postaveno a\u017ea\u017e. Co byste po\u0159\u00e1d cht\u011bli stav\u011bt?! U\u017e to slovo \u201estav\u011bt\u201c v\u016fbec nen\u00ed dynamick\u00e9, nijak nejde s dobou, je prost\u011b takov\u00e9 statick\u00e9. Z\u00e1kaz staveb v\u0161eho druhu by ale u nedostate\u010dn\u011b uv\u011bdom\u011bl\u00e9 ve\u0159ejnosti nepro\u0161el, tak se to hod\u00ed na ony jedni\u010dky a nuly. No, sp\u00ed\u0161e \u010dlov\u011bka napadne, \u017ee slovo digitalizace p\u016fvodn\u011b poch\u00e1z\u00ed od slova prst. Mo\u017en\u00e1 by i n\u011bkdo v\u011bd\u011bl, kter\u00fd a jak v t\u00e9hle souvislosti pou\u017e\u00edt\u2026<\/p>\n<div data-redistribute=\"ad\">&nbsp;<\/div>\n<p data-debug-redistribute=\"006. \/ 1228px \/ 281\"><b><i>ps\u00e1no pro IVK<\/i><\/b><\/p>\n<p data-debug-redistribute=\"006. \/ 1228px \/ 281\"><a href=\"https:\/\/neviditelnypes.lidovky.cz\/spolecnost\/doba-aktualni-stripky-z-nerealneho-sveta.A240801_190015_p_spolecnost_nef\">Zdroj<\/a><\/p>\n","protected":false},"excerpt":{"rendered":"<p>Rusko si s USA navz\u00e1jem vym\u011b\u0148uj\u00ed v\u011bzn\u011b. V diskus\u00edch na toto t\u00e9ma jsem zachytil zaj\u00edmav\u00fd n\u00e1pad: \u017ee by z\u00e1padn\u00ed zem\u011b m\u011bly d\u011blat na sv\u00e9m \u00fazem\u00ed preventivn\u00ed odchyt Rus\u016f, aby jich pak bylo dost na r\u016fzn\u00e9 takov\u00e9 v\u00fdm\u011bny.<\/p>\n","protected":false},"author":9,"featured_media":0,"comment_status":"open","ping_status":"open","sticky":false,"template":"","format":"standard","meta":{"ngg_post_thumbnail":0,"footnotes":""},"categories":[1,10],"tags":[],"class_list":["post-14306","post","type-post","status-publish","format-standard","hentry","category-publikovane-clanky","category-zlehka"],"_links":{"self":[{"href":"https:\/\/www.ladislavjakl.cz\/index.php?rest_route=\/wp\/v2\/posts\/14306","targetHints":{"allow":["GET"]}}],"collection":[{"href":"https:\/\/www.ladislavjakl.cz\/index.php?rest_route=\/wp\/v2\/posts"}],"about":[{"href":"https:\/\/www.ladislavjakl.cz\/index.php?rest_route=\/wp\/v2\/types\/post"}],"author":[{"embeddable":true,"href":"https:\/\/www.ladislavjakl.cz\/index.php?rest_route=\/wp\/v2\/users\/9"}],"replies":[{"embeddable":true,"href":"https:\/\/www.ladislavjakl.cz\/index.php?rest_route=%2Fwp%2Fv2%2Fcomments&post=14306"}],"version-history":[{"count":1,"href":"https:\/\/www.ladislavjakl.cz\/index.php?rest_route=\/wp\/v2\/posts\/14306\/revisions"}],"predecessor-version":[{"id":14307,"href":"https:\/\/www.ladislavjakl.cz\/index.php?rest_route=\/wp\/v2\/posts\/14306\/revisions\/14307"}],"wp:attachment":[{"href":"https:\/\/www.ladislavjakl.cz\/index.php?rest_route=%2Fwp%2Fv2%2Fmedia&parent=14306"}],"wp:term":[{"taxonomy":"category","embeddable":true,"href":"https:\/\/www.ladislavjakl.cz\/index.php?rest_route=%2Fwp%2Fv2%2Fcategories&post=14306"},{"taxonomy":"post_tag","embeddable":true,"href":"https:\/\/www.ladislavjakl.cz\/index.php?rest_route=%2Fwp%2Fv2%2Ftags&post=14306"}],"curies":[{"name":"wp","href":"https:\/\/api.w.org\/{rel}","templated":true}]}}