{"id":1433,"date":"2012-01-23T11:46:22","date_gmt":"2012-01-23T10:46:22","guid":{"rendered":"http:\/\/www.ladislavjakl.cz\/?p=1433"},"modified":"2012-01-23T11:46:22","modified_gmt":"2012-01-23T10:46:22","slug":"cesko-pujde-pred-evropsky-soud","status":"publish","type":"post","link":"https:\/\/www.ladislavjakl.cz\/?p=1433","title":{"rendered":"\u010cesko p\u016fjde p\u0159ed evropsk\u00fd soud!"},"content":{"rendered":"<p>V z\u00e1plav\u011b informac\u00ed o tom, \u017ee Evropsk\u00e1 komise pos\u00edl\u00e1 Ma\u010farsko p\u0159ed soud, zcela zanikla zpr\u00e1va, kter\u00e1 se n\u00e1s t\u00fdk\u00e1 daleko v\u00edc. P\u0159ed Soudn\u00ed dv\u016fr EU toti\u017e p\u016fjde i \u010cesko.<\/p>\n<p><!--more--><\/p>\n<p>Ano, je to tak. Evropsk\u00e1 komise v\u010dera v tichosti podpo\u0159ila n\u00e1vrh, aby \u010cesk\u00e1 republika stanula p\u0159ed Soudn\u00edm dvorem Evropsk\u00e9 unie. D\u016fvod je zcela z\u00e1sadn\u00ed a m\u016f\u017eeme b\u00fdt r\u00e1di, \u017ee u toho soudu nejsme u\u017e tak rok.<\/p>\n<p>T\u00edm d\u016fvodem je zlomysln\u00e9 a hrub\u011b proti duchu integrace sm\u011b\u0159uj\u00edc\u00ed rozkop\u00e1n\u00ed Evropsk\u00e9 t\u0159\u00eddy v Praze pod velmi pr\u016fhlednou z\u00e1minkou stavby metra. Evropsk\u00e1 komise se pr\u00e1vem pt\u00e1: pro\u010d nebyla rad\u011bji rozkop\u00e1na Americk\u00e1 ulice? Nebo \u010c\u00ednsk\u00e1?<\/p>\n<p>Rozkop\u00e1n\u00ed Evropsk\u00e9 t\u0159\u00eddy neuniklo t\u011bm pozorn\u011bj\u0161\u00edm a uv\u011bdom\u011blej\u0161\u00edm Evropan\u016fm \u017eij\u00edc\u00edm v Praze. Prosl\u00fdch\u00e1 se, \u017ee na pra\u017eskou \u0161patnost upozornilo Evropskou komisi sv\u00fdm nal\u00e9hav\u00fdm dopisem 99 aktivist\u016f v \u010dele s trojic\u00ed Li\u0161ka, Rou\u010dek a Pehe.<\/p>\n<p>Tito zodpov\u011bdn\u00ed internacionalist\u00e9 se ji\u017e nemohli d\u00edvat na to, tak je v Praze tupen symbol jednoty evropsk\u00e9ho lidu. Velmi spr\u00e1vn\u011b si v\u0161imli, \u017ee Evropsk\u00e1 t\u0159\u00edda sm\u011b\u0159uje k oknu do Evropy, tedy k Ruzy\u0148sk\u00e9mu leti\u0161ti, a \u017ee jej\u00ed rozkop\u00e1n\u00ed m\u00e1 evidentn\u011b za c\u00edl uvrhnout \u010cesko do izolace.<\/p>\n<p>Jist\u011b tak\u00e9 nen\u00ed n\u00e1hodou, \u017ee po Evropsk\u00e9 t\u0159\u00edd\u011b se z leti\u0161t\u011b jezd\u00ed k Pra\u017esk\u00e9mu hradu. Pro\u010d hloub\u00ed Hrad p\u0159\u00edkopy, pro\u010d se odd\u011bluje od kontinentu p\u0159\u00edkladn\u00e9 prosperity a stability, jak\u00fdm dnes Evropa d\u00edky sv\u00e9 unifikaci a spole\u010dn\u00e9 m\u011bn\u011b je? Jak\u00e9 temn\u00e9 pikle euroskeptik\u016f za t\u00edm stoj\u00ed?<\/p>\n<p>Na tyto a dal\u0161\u00ed ot\u00e1zky nyn\u00ed odpov\u00ed soud. V\u011b\u0159me, \u017ee bude spravedliv\u00fd a \u017ee vin\u00edci budou p\u0159\u00edsn\u011b potrest\u00e1ni. Brusel si rozvracet ned\u00e1me.<\/p>\n<p><a href=\"http:\/\/jakl.blog.idnes.cz\/c\/241607\/Cesko-pujde-pred-evropsky-soud.html\" target=\"_blank\">Zdroj<\/a><\/p>\n","protected":false},"excerpt":{"rendered":"<p>V z\u00e1plav\u011b informac\u00ed o tom, \u017ee Evropsk\u00e1 komise pos\u00edl\u00e1 Ma\u010farsko p\u0159ed soud, zcela zanikla zpr\u00e1va, kter\u00e1 se n\u00e1s t\u00fdk\u00e1 daleko v\u00edc. P\u0159ed Soudn\u00ed dv\u016fr EU toti\u017e p\u016fjde i \u010cesko.<\/p>\n","protected":false},"author":1,"featured_media":0,"comment_status":"open","ping_status":"open","sticky":false,"template":"","format":"standard","meta":{"ngg_post_thumbnail":0,"footnotes":""},"categories":[10],"tags":[],"class_list":["post-1433","post","type-post","status-publish","format-standard","hentry","category-zlehka"],"_links":{"self":[{"href":"https:\/\/www.ladislavjakl.cz\/index.php?rest_route=\/wp\/v2\/posts\/1433","targetHints":{"allow":["GET"]}}],"collection":[{"href":"https:\/\/www.ladislavjakl.cz\/index.php?rest_route=\/wp\/v2\/posts"}],"about":[{"href":"https:\/\/www.ladislavjakl.cz\/index.php?rest_route=\/wp\/v2\/types\/post"}],"author":[{"embeddable":true,"href":"https:\/\/www.ladislavjakl.cz\/index.php?rest_route=\/wp\/v2\/users\/1"}],"replies":[{"embeddable":true,"href":"https:\/\/www.ladislavjakl.cz\/index.php?rest_route=%2Fwp%2Fv2%2Fcomments&post=1433"}],"version-history":[{"count":1,"href":"https:\/\/www.ladislavjakl.cz\/index.php?rest_route=\/wp\/v2\/posts\/1433\/revisions"}],"predecessor-version":[{"id":1434,"href":"https:\/\/www.ladislavjakl.cz\/index.php?rest_route=\/wp\/v2\/posts\/1433\/revisions\/1434"}],"wp:attachment":[{"href":"https:\/\/www.ladislavjakl.cz\/index.php?rest_route=%2Fwp%2Fv2%2Fmedia&parent=1433"}],"wp:term":[{"taxonomy":"category","embeddable":true,"href":"https:\/\/www.ladislavjakl.cz\/index.php?rest_route=%2Fwp%2Fv2%2Fcategories&post=1433"},{"taxonomy":"post_tag","embeddable":true,"href":"https:\/\/www.ladislavjakl.cz\/index.php?rest_route=%2Fwp%2Fv2%2Ftags&post=1433"}],"curies":[{"name":"wp","href":"https:\/\/api.w.org\/{rel}","templated":true}]}}