{"id":14342,"date":"2024-09-12T18:38:26","date_gmt":"2024-09-12T16:38:26","guid":{"rendered":"https:\/\/www.ladislavjakl.cz\/?p=14342"},"modified":"2024-09-12T18:38:26","modified_gmt":"2024-09-12T16:38:26","slug":"americka-realita-zblizka","status":"publish","type":"post","link":"https:\/\/www.ladislavjakl.cz\/?p=14342","title":{"rendered":"Americk\u00e1 realita zbl\u00edzka"},"content":{"rendered":"<p>Zpr\u00e1va z&nbsp;cesty. T\u0159i t\u00fddny po USA. Z&nbsp;V\u00fdchodu na Z\u00e1pad a zp\u011bt, proti sm\u011bru hodinov\u00fdch ru\u010di\u010dek. Nav\u0161t\u00edveno 21 st\u00e1t\u016f, najeto 12800 km. Fakt skoro t\u0159in\u00e1ct tis\u00edc. Asi jako z&nbsp;Prahy na \u010cukotku. V\u011bt\u0161inou po venkov\u011b, po odlehl\u00fdch cest\u00e1ch mimo metropole. Nav\u0161t\u00edveno ale i n\u011bkolik m\u011bst zhruba velikosti Plzn\u011b \u010di Brna.<\/p>\n<p><!--more--><\/p>\n<p>I kdy\u017e hlavn\u00edm c\u00edlem v\u00fdzkumn\u00e9 v\u00fdpravy byla sp\u00ed\u0161e jin\u00e1 materie, nebylo mo\u017eno si nev\u0161imnout i n\u011bkter\u00fdch spole\u010densk\u00fdch fenom\u00e9n\u016f a tak\u00e9 zm\u011bn od posledn\u00ed inspekce. P\u0159edev\u0161\u00edm: velmi se p\u0159ece\u0148uje rozd\u011blen\u00ed Ameriky na V\u00fdchod a pacifick\u00e9 pob\u0159e\u017e\u00ed versus St\u0159edoz\u00e1pad v&nbsp;nej\u0161ir\u0161\u00edm slova smyslu.<\/p>\n<p>Ano, n\u011bkter\u00e9 mapy to tak \u010dasto po americk\u00fdch prezidentsk\u00fdch volb\u00e1ch ukazuj\u00ed. Pokud se ale na stejn\u00e9 mapy pod\u00edv\u00e1me podrobn\u011bji, ne podle st\u00e1t\u016f ale podle okres\u016f, pak zjist\u00edme, \u017ee v z\u00e1sad\u011b v\u0161echny celkov\u011b modr\u00e9 st\u00e1ty jsou modr\u00e9 jen v&nbsp;pr\u016fm\u011bru. I v&nbsp;t\u011bch nejliber\u00e1ln\u011bj\u0161\u00edch ale sta\u010d\u00ed opustit metropole (na Z\u00e1pad\u011b jet hodinu \u010di dv\u011b od pob\u0159e\u017e\u00ed) a okresy tam zcela republik\u00e1nsky z\u010dervenaj\u00ed. Ano, spr\u00e1vn\u011b nam\u00edtnete, \u017ee v&nbsp;t\u011bchto p\u0159\u00edpadech jde o okresy s&nbsp;velmi \u0159\u00eddk\u00fdm zalidn\u011bn\u00edm, zat\u00edmco velkom\u011bsta, kde \u017eije v\u011bt\u0161ina, vol\u00ed demokraty. Plat\u00ed ale, \u017ee nekone\u010dn\u011b z\u00e1sadn\u011bj\u0161\u00ed ze spole\u010densk\u00e9ho i politick\u00e9ho hlediska je d\u011blen\u00ed na venkov versus velkom\u011bsta ne\u017e na vnitrozem\u00ed a pob\u0159e\u017e\u00ed.<\/p>\n<p>Je \u00fapln\u011b jedno, jestli cestujete po Michiganu \u010di po Arizon\u011b, na venkov\u011b se tam s&nbsp;nejk\u0159iklav\u011bj\u0161\u00edmi v\u00fddobytky dekadence a progresivismu v\u016fbec nepotk\u00e1te. \u017divot tam b\u011b\u017e\u00ed posousedsku, pohodov\u011b, bezpe\u010dn\u011b a p\u0159\u00e1telsky. V&nbsp;m\u011bste\u010dk\u00e1ch o p\u00e1r tis\u00edc\u00edch \u010di o p\u00e1r des\u00edtk\u00e1ch tis\u00edc naraz\u00edte na projevy multikulturalismu, genderismu a v\u0161elijak\u00fdch v\u00fdst\u0159ednost\u00ed asi tak stejn\u011b \u010dasto, jako v&nbsp;P\u0159e\u0161tic\u00edch, P\u00edsku nebo Litom\u011b\u0159ic\u00edch.<\/p>\n<p>Sta\u010d\u00ed ale vjet do m\u011bsta \u0159\u00e1dov\u011b nad sto tis\u00edc obyvatel, pak prvn\u00ed, co uvid\u00edte (fakt prvn\u00ed) jsou zcela zfetovan\u00ed (v\u011bt\u0161inou \u010derno\u0161i) \u017eebr\u00e1ci a bezdomovci, povaluj\u00edc\u00ed se na chodn\u00edc\u00edch a vyd\u00e1vaj\u00edc\u00ed v\u0161elijak\u00e9 sk\u0159eky. V&nbsp;baru pak m\u00e1te probl\u00e9m spr\u00e1vn\u011b ur\u010dit pohlav\u00ed v\u011bt\u0161iny n\u00e1v\u0161t\u011bvn\u00edk\u016f. Vyjedete z&nbsp;m\u011bsta, a hned je sv\u011bt zase v&nbsp;po\u0159\u00e1dku.<\/p>\n<p>Jak tam jsou vid\u011bt volby? Popravd\u011b, vlastn\u011b moc ne.&nbsp; Z\u00e1plava billboard\u016f \u010di p\u0159edvolebn\u00edch let\u00e1k\u016f je oproti na\u0161im pom\u011br\u016fm miziv\u00e1. (Drtiv\u011b nej\u010dast\u011bj\u0161\u00edm zbo\u017e\u00edm, kter\u00e9 je na billboardov\u00fdch ploch\u00e1ch nab\u00edzeno, je pr\u00e1vn\u00ed pomoc p\u0159i vym\u00e1h\u00e1n\u00ed od\u0161kodn\u011bn\u00ed. Proto\u017ee pumpnout n\u011bjak\u00e9ho boh\u00e1\u010de, to se mus\u00ed um\u011bt.) Kdy\u017e \u010dlov\u011bk ob\u010das v&nbsp;n\u011bjak\u00e9 hospod\u011b zahl\u00e9dl pu\u0161t\u011bnou televizi, pak ano, tam se Harrisov\u00e1 p\u00e1rkr\u00e1t mihla. Ale z&nbsp;ka\u017ed\u00e9ho pytl\u00edku na jerky tam p\u0159edvolebn\u00ed kampa\u0148 opravdu neleze.<\/p>\n<p>P\u0159esto v\u0161ak je kampa\u0148 viditeln\u00e1. Na soukrom\u00fdch pozemc\u00edch. Cedule (\u010dasto vlastnoru\u010dn\u011b na kolen\u011b vyroben\u00e9) hl\u00e1saj\u00ed, \u017ee majitel pozemku podporuje&#8230; nej\u010dast\u011bji Trumpa. Nebo n\u011bjak\u00e9ho kandid\u00e1ta v&nbsp;m\u00edstn\u00edch volb\u00e1ch. P\u0159edev\u0161\u00edm na venkov\u011b to vypad\u00e1, \u017ee naprostou v\u011bt\u0161inu kampan\u011b si plat\u00ed p\u0159\u00edmo sami voli\u010di. Nejen na sv\u00e9 finan\u010dn\u00ed, ale i mor\u00e1ln\u00ed n\u00e1klady, proto\u017ee otev\u0159en\u011b se k&nbsp;n\u011bkomu v&nbsp;rozd\u011blen\u00e9 spole\u010dnosti takto hl\u00e1sit m\u016f\u017ee leckoho z&nbsp;druh\u00e9 strany barik\u00e1dy rozezl\u00edt. U n\u00e1s si tohle troufne m\u00e1lokdo, tam kdekdo. V\u010detn\u011b tri\u010dek, k\u0161iltovek nebo n\u00e1lepek na autech (v\u010detn\u011b n\u00e1kla\u010f\u00e1k\u016f). K&nbsp;Bidenovi ne moc lichotiv\u00fdch.<\/p>\n<p>A spole\u010densk\u00e1 t\u00e9mata hovor\u016f u stolu? Vadnouc\u00ed prosperita, mo\u017en\u00e1 \u0161kolstv\u00ed. Zahrani\u010dn\u00ed politiku ne\u0159e\u0161\u00ed nikdo, pov\u011bdom\u00ed o \u201ezbytku sv\u011bta\u201c je tam miziv\u00e9. Ale stejn\u011b byl nejroztomilej\u0161\u00ed (a nejinformovan\u011bj\u0161\u00ed) jeden man\u017eelsk\u00fd p\u00e1r v&nbsp;Texasu. Ocenil p\u0159\u00e1telsk\u00e9 rozd\u011blen\u00ed \u010ceskoslovenska a v&nbsp;jist\u00e9 nads\u00e1zce ho vid\u011bl jako inspiraci pro\u2026 Texas.<\/p>\n<p>Ne, americk\u00e9ho prezidenta budou volit Ameri\u010dan\u00e9. Nikoli mudrlanti ze \u201esv\u011btov\u00fdch m\u00e9di\u00ed.\u201c Na\u0161t\u011bst\u00ed.<\/p>\n<p><em>Ladislav Jakl, 19. 9. 2024<\/em><\/p>\n<p><a href=\"https:\/\/www.institutvk.cz\/clanky\/2920.html\">Zdroj:&nbsp;<\/a><\/p>\n","protected":false},"excerpt":{"rendered":"<p>Zpr\u00e1va z&nbsp;cesty. T\u0159i t\u00fddny po USA. Z&nbsp;V\u00fdchodu na Z\u00e1pad a zp\u011bt, proti sm\u011bru hodinov\u00fdch ru\u010di\u010dek. Nav\u0161t\u00edveno 21 st\u00e1t\u016f, najeto 12800 km. Fakt skoro t\u0159in\u00e1ct tis\u00edc. Asi jako z&nbsp;Prahy na \u010cukotku. V\u011bt\u0161inou po venkov\u011b, po odlehl\u00fdch cest\u00e1ch mimo metropole. Nav\u0161t\u00edveno ale i n\u011bkolik m\u011bst zhruba velikosti Plzn\u011b \u010di Brna.<\/p>\n","protected":false},"author":9,"featured_media":0,"comment_status":"open","ping_status":"open","sticky":false,"template":"","format":"standard","meta":{"ngg_post_thumbnail":0,"footnotes":""},"categories":[1],"tags":[],"class_list":["post-14342","post","type-post","status-publish","format-standard","hentry","category-publikovane-clanky"],"_links":{"self":[{"href":"https:\/\/www.ladislavjakl.cz\/index.php?rest_route=\/wp\/v2\/posts\/14342","targetHints":{"allow":["GET"]}}],"collection":[{"href":"https:\/\/www.ladislavjakl.cz\/index.php?rest_route=\/wp\/v2\/posts"}],"about":[{"href":"https:\/\/www.ladislavjakl.cz\/index.php?rest_route=\/wp\/v2\/types\/post"}],"author":[{"embeddable":true,"href":"https:\/\/www.ladislavjakl.cz\/index.php?rest_route=\/wp\/v2\/users\/9"}],"replies":[{"embeddable":true,"href":"https:\/\/www.ladislavjakl.cz\/index.php?rest_route=%2Fwp%2Fv2%2Fcomments&post=14342"}],"version-history":[{"count":1,"href":"https:\/\/www.ladislavjakl.cz\/index.php?rest_route=\/wp\/v2\/posts\/14342\/revisions"}],"predecessor-version":[{"id":14343,"href":"https:\/\/www.ladislavjakl.cz\/index.php?rest_route=\/wp\/v2\/posts\/14342\/revisions\/14343"}],"wp:attachment":[{"href":"https:\/\/www.ladislavjakl.cz\/index.php?rest_route=%2Fwp%2Fv2%2Fmedia&parent=14342"}],"wp:term":[{"taxonomy":"category","embeddable":true,"href":"https:\/\/www.ladislavjakl.cz\/index.php?rest_route=%2Fwp%2Fv2%2Fcategories&post=14342"},{"taxonomy":"post_tag","embeddable":true,"href":"https:\/\/www.ladislavjakl.cz\/index.php?rest_route=%2Fwp%2Fv2%2Ftags&post=14342"}],"curies":[{"name":"wp","href":"https:\/\/api.w.org\/{rel}","templated":true}]}}