{"id":1435,"date":"2012-01-23T11:47:31","date_gmt":"2012-01-23T10:47:31","guid":{"rendered":"http:\/\/www.ladislavjakl.cz\/?p=1435"},"modified":"2012-01-23T11:47:31","modified_gmt":"2012-01-23T10:47:31","slug":"cesko-jde-pred-soud-za-rozkopani-evropske-tridy-tvrdi-klausuv-tajemnik","status":"publish","type":"post","link":"https:\/\/www.ladislavjakl.cz\/?p=1435","title":{"rendered":"\u010cesko jde p\u0159ed soud. Za rozkop\u00e1n\u00ed Evropsk\u00e9 t\u0159\u00eddy, tvrd\u00ed Klaus\u016fv tajemn\u00edk"},"content":{"rendered":"<p>Tajemn\u00edk prezidenta V\u00e1clava Klause Ladislav Jakl tvrd\u00ed, \u017ee \u010cesko stane  p\u0159ed soudem EU. Stane se tak pr\u00fd proto, \u017ee je rozkopan\u00e1 Evropsk\u00e1 t\u0159\u00edda v  Praze. Lid\u00e9 jako europoslanec Libor Rou\u010dek (\u010cSSD) nebo politolog Ji\u0159\u00ed  Pehe, kte\u0159\u00ed podn\u011bt k soudu podali, u\u017e se podle Jakla nemohli d\u00edvat na  to, jak se \u010cesko izoluje od evropsk\u00e9 integrace.<\/p>\n<p><!--more--><\/p>\n<p>Tajemn\u00edk prezidenta V\u00e1clava Klause Ladislav Jakl prohla\u0161uje, \u017ee \u010cesko  skon\u010d\u00ed p\u0159ed evropsk\u00fdm soudem za to, \u017ee si dovolilo rozkopat Evropskou  t\u0159\u00eddu v Praze. Na rozkop\u00e1n\u00ed t\u00e9to dopravn\u00ed tepny sm\u011b\u0159uj\u00edc\u00ed na pra\u017esk\u00e9  leti\u0161t\u011b a pota\u017emo d\u00e1l do Evropy pr\u00fd EU upozornili uv\u011bdom\u011bl\u00ed evrop\u0161t\u00ed  ob\u010dan\u00e9 jako politolog Ji\u0159\u00ed Pehe. Text tajemn\u00edka prezidenta republiky  Jakla je k vid\u011bn\u00ed na blogu serveru idnes.cz.<\/p>\n<h4>Nejde o \u017eert?<\/h4>\n<p>\u201eAno, je to tak. Evropsk\u00e1 komise v\u010dera v tichosti podpo\u0159ila n\u00e1vrh, aby  \u010cesk\u00e1 republika stanula p\u0159ed Soudn\u00edm dvorem Evropsk\u00e9 unie. D\u016fvod je  zcela z\u00e1sadn\u00ed a m\u016f\u017eeme b\u00fdt r\u00e1di, \u017ee u toho soudu nejsme u\u017e tak rok. T\u00edm  d\u016fvodem je zlomysln\u00e9 a hrub\u011b proti duchu integrace sm\u011b\u0159uj\u00edc\u00ed rozkop\u00e1n\u00ed  Evropsk\u00e9 t\u0159\u00eddy v Praze pod velmi pr\u016fhlednou z\u00e1minkou stavby metra.  Evropsk\u00e1 komise se pr\u00e1vem pt\u00e1: pro\u010d nebyla rad\u011bji rozkop\u00e1na Americk\u00e1  ulice? Nebo \u010c\u00ednsk\u00e1?\u201c pt\u00e1 se ve sv\u00e9m textu Jakl.<\/p>\n<p>K tomu, aby za zablokov\u00e1n\u00ed jedn\u00e9 z pra\u017esk\u00fdch komunikac\u00ed \u010cesko stanulo  p\u0159ed soudem, pr\u00fd vyzvalo 99 aktivist\u016f v \u010dele s politologem Ji\u0159\u00edm Pehe \u010di  europoslancem Liborem Rou\u010dkem (\u010cSSD). Tito zast\u00e1nci evropsk\u00e9 integrace  u\u017e se pr\u00fd nemohli d\u00edvat na to, jak se \u010cesko od EU odst\u0159ih\u00e1v\u00e1.<\/p>\n<p><a href=\"http:\/\/www.parlamentnilisty.cz\/zpravy\/Cesko-jde-pred-soud-Za-rozkopani-Evropske-tridy-tvrdi-Klausuv-tajemnik-220215\" target=\"_blank\">Zdroj<\/a><\/p>\n","protected":false},"excerpt":{"rendered":"<p>Tajemn\u00edk prezidenta V\u00e1clava Klause Ladislav Jakl tvrd\u00ed, \u017ee \u010cesko stane p\u0159ed soudem EU. Stane se tak pr\u00fd proto, \u017ee je rozkopan\u00e1 Evropsk\u00e1 t\u0159\u00edda v Praze. Lid\u00e9 jako europoslanec Libor Rou\u010dek (\u010cSSD) nebo politolog Ji\u0159\u00ed Pehe, kte\u0159\u00ed podn\u011bt k soudu podali, u\u017e se podle Jakla nemohli d\u00edvat na to, jak se \u010cesko izoluje od evropsk\u00e9 integrace.<\/p>\n","protected":false},"author":1,"featured_media":0,"comment_status":"open","ping_status":"open","sticky":false,"template":"","format":"standard","meta":{"ngg_post_thumbnail":0,"footnotes":""},"categories":[11],"tags":[],"class_list":["post-1435","post","type-post","status-publish","format-standard","hentry","category-ozvena"],"_links":{"self":[{"href":"https:\/\/www.ladislavjakl.cz\/index.php?rest_route=\/wp\/v2\/posts\/1435","targetHints":{"allow":["GET"]}}],"collection":[{"href":"https:\/\/www.ladislavjakl.cz\/index.php?rest_route=\/wp\/v2\/posts"}],"about":[{"href":"https:\/\/www.ladislavjakl.cz\/index.php?rest_route=\/wp\/v2\/types\/post"}],"author":[{"embeddable":true,"href":"https:\/\/www.ladislavjakl.cz\/index.php?rest_route=\/wp\/v2\/users\/1"}],"replies":[{"embeddable":true,"href":"https:\/\/www.ladislavjakl.cz\/index.php?rest_route=%2Fwp%2Fv2%2Fcomments&post=1435"}],"version-history":[{"count":1,"href":"https:\/\/www.ladislavjakl.cz\/index.php?rest_route=\/wp\/v2\/posts\/1435\/revisions"}],"predecessor-version":[{"id":1436,"href":"https:\/\/www.ladislavjakl.cz\/index.php?rest_route=\/wp\/v2\/posts\/1435\/revisions\/1436"}],"wp:attachment":[{"href":"https:\/\/www.ladislavjakl.cz\/index.php?rest_route=%2Fwp%2Fv2%2Fmedia&parent=1435"}],"wp:term":[{"taxonomy":"category","embeddable":true,"href":"https:\/\/www.ladislavjakl.cz\/index.php?rest_route=%2Fwp%2Fv2%2Fcategories&post=1435"},{"taxonomy":"post_tag","embeddable":true,"href":"https:\/\/www.ladislavjakl.cz\/index.php?rest_route=%2Fwp%2Fv2%2Ftags&post=1435"}],"curies":[{"name":"wp","href":"https:\/\/api.w.org\/{rel}","templated":true}]}}