{"id":14350,"date":"2024-09-18T20:33:26","date_gmt":"2024-09-18T18:33:26","guid":{"rendered":"https:\/\/www.ladislavjakl.cz\/?p=14350"},"modified":"2024-09-18T20:33:26","modified_gmt":"2024-09-18T18:33:26","slug":"jasne-je-co-delat-vlada-ted-nema-rika-ladislav-jakl","status":"publish","type":"post","link":"https:\/\/www.ladislavjakl.cz\/?p=14350","title":{"rendered":"Jasn\u00e9 je, co d\u011blat vl\u00e1da te\u010f nem\u00e1, \u0159\u00edk\u00e1 Ladislav Jakl"},"content":{"rendered":"<div class=\"elementor-element elementor-element-1d775077 vo-first-content elementor-widget elementor-widget-text-editor\" data-id=\"1d775077\" data-element_type=\"widget\" data-widget_type=\"text-editor.default\">\n<div class=\"elementor-widget-container\">\n<p>P\u00e1r dn\u00ed p\u0159ed volbami zas\u00e1hly na\u0161i zemi povodn\u011b. Do jak\u00e9 m\u00edry do nich m\u016f\u017ee vstupovat vl\u00e1da, je nam\u00edst\u011b je ru\u0161it a jak\u00e1 je situace v Americe p\u0159ed p\u0159\u00edsn\u011b sledovan\u00fdm duelem Trump-Harrisov\u00e1? Nejen o t\u011bchto t\u00e9matech poskytl rozhovor exkluzivn\u011b pro VIPosobnosti.cz Ladislav Jakl, kter\u00fd se pr\u00e1v\u011b vr\u00e1til z Ameriky.<\/p>\n<\/div>\n<\/div>\n<p><!--more--><\/p>\n<div class=\"elementor-element elementor-element-1dc35618 elementor-widget elementor-widget-text-editor\" data-id=\"1dc35618\" data-element_type=\"widget\" data-widget_type=\"text-editor.default\">\n<div class=\"elementor-widget-container\">\n<p><strong>Pane Jakle, zas\u00e1hly n\u00e1s povodn\u011b, se kter\u00fdmi si musely poradit r\u016fzn\u00e9 vl\u00e1dy. Jak je, podle v\u00e1s, zvl\u00e1d\u00e1 ta sou\u010dasn\u00e1?<\/strong><\/p>\n<p>Role vl\u00e1d v pr\u016fb\u011bhu povodn\u00ed zas moc z\u00e1sadn\u00ed neb\u00fdv\u00e1. V tu chv\u00edli je d\u016fle\u017eit\u011bj\u0161\u00ed dobr\u00e9 fungov\u00e1n\u00ed v\u0161ech slo\u017eek Integrovan\u00e9ho z\u00e1chrann\u00e9ho syst\u00e9mu a obc\u00ed. Role vl\u00e1d a centr\u00e1ln\u00edch instituc\u00ed bude d\u016fle\u017eit\u00e1 a\u017e v n\u00e1sledn\u00e9 f\u00e1zi p\u0159i odkl\u00edzec\u00edch a rekonstruk\u010dn\u00edch \u010dinnostech. Tato i p\u0159edchoz\u00ed vl\u00e1dy \u2013 jak v\u011b\u0159\u00edm \u2013 aspo\u0148 n\u011bjak z\u00e1kladn\u011b pe\u010dovala o ochrannou infrastrukturu a o jej\u00ed zdokonalov\u00e1n\u00ed. V\u0161echny vl\u00e1dy maj\u00ed ale m\u00e1slo na hlav\u011b v tom, je se nechaly v\u00e1lcovat zelen\u00fdmi teroristy blokuj\u00edc\u00edmi v\u00fdstavbu p\u0159ehrad. Na to te\u010f n\u011bkter\u00e1 posti\u017een\u00e1 m\u00edsta doplatila. T\u011b\u017eko \u0159\u00edci, co tyto dny d\u011blat vl\u00e1da m\u00e1 , jasn\u00e9 ale je, co d\u011blat nem\u00e1. Honit si triko na ne\u0161t\u011bst\u00ed jin\u00fdch a p\u0159edv\u00e1d\u011bt se v m\u00e9di\u00edch.<\/p>\n<p><strong>Bl\u00ed\u017e\u00ed se volby. N\u011bkter\u00e9 strany, prim\u00e1to\u0159i, starostov\u00e9\u2026 volaj\u00ed o jejich posunut\u00ed. Je to spr\u00e1vn\u00fd krok?<\/strong><\/p>\n<p>To je fakt nesmysl. Z\u00e1va\u017en\u00e9 logistick\u00e9 obt\u00ed\u017ee p\u0159i organizaci voleb se budou t\u00fdkat asi promile obyvatelstva. A ve\u0159ejn\u00e9 struktury, kter\u00e9 volby prov\u00e1d\u011bj\u00ed, by stejn\u011b nebyly p\u0159i ukl\u00edzec\u00edch prac\u00edch co k \u010demu. Nav\u00edc by se strhla mela, jak je odlo\u017eit, komu kter\u00e9 odlo\u017een\u00ed prosp\u011bje a komu u\u0161kod\u00ed. To by ohrozilo d\u016fv\u011bryhodnost v\u00fdsledk\u016f.<\/p>\n<\/div>\n<\/div>\n<div class=\"elementor-element elementor-element-c352d3a elementor-widget elementor-widget-text-editor\" data-id=\"c352d3a\" data-element_type=\"widget\" data-widget_type=\"text-editor.default\">\n<div class=\"elementor-widget-container\">\n<p><strong>P\u0159ich\u00e1z\u00ed s\u010d\u00edt\u00e1n\u00ed \u0161kod, pomoc. Bude na to m\u00edt Fialova vl\u00e1da prost\u0159edky, a to nejen fiann\u010dn\u00ed?<\/strong><\/p>\n<p>Povodn\u011b jsou pohromou s velikou publicistou. V\u00ed o nich ka\u017ed\u00fd. Ale ve skute\u010dnosti je to \u201ejen\u201c v\u011bt\u0161\u00ed mno\u017estv\u00ed v kr\u00e1tk\u00e9m \u010dase takov\u00fdch pohrom, kter\u00e9 se jindy t\u00fdkaj\u00ed mnoha dom\u00e1cnost\u00ed po cel\u00e9 republice v pr\u016fb\u011bhu ka\u017ed\u00e9ho roku. Ten vyho\u0159\u00ed, tam bouchne plyn, tam strhne kus domu posun p\u016fdy. V\u011bt\u0161inou si se \u0161kodami musej\u00ed pomoci vlastn\u00edci, velkou \u010d\u00e1st n\u00e1klad\u016f \u0159e\u017e\u00ed poji\u0161\u0165ovny. A tak\u00e9 charita. Od vl\u00e1dy (a kraj\u016f) se chce p\u0159edev\u0161\u00edm rekonstrukce po\u0161kozen\u00e9 infrastruktury, a to je pr\u00e1ce na roky. Nesm\u00ed to b\u00fdt ale n\u00e1klady nav\u00edc, je nutno v p\u0159\u00ed\u0161t\u00edch rozpo\u010dtech vy\u0161krtat odpov\u00eddaj\u00edc\u00ed zbytn\u00e9 polo\u017eky. A \u017ee jich ve ve\u0159ejn\u00fdch rozpo\u010dtech je.<\/p>\n<p><strong>Bl\u00ed\u017e\u00ed se tak\u00e9 volby v USA. Vy jste se odtud p\u0159ed p\u00e1r dny vr\u00e1til, jak\u00e1 tam je n\u00e1lada, ekonomicko-spole\u010densk\u00e1 situace?<\/strong><\/p>\n<p>O USA nelze \u0159\u00edci nic souhrnn\u00e9ho. Jsou tam ohromn\u00e9 rozd\u00edly. Lid\u00e9 mimo velk\u00e1 m\u011bsta \u017eij\u00ed velmi podobn\u011b jako u n\u00e1s. Maj\u00ed norm\u00e1ln\u00ed zdrav\u00e9 n\u00e1zory. Velk\u00e1 m\u011bsta jsou ale extr\u00e9mn\u00edmu progresivismu zcela propadl\u00e1. Ale v\u0161ude je zn\u00e1t, \u017ee lep\u0161\u00ed \u010dasy u\u017e byly. Vid\u011bl jsem opu\u0161t\u011bn\u00fdch a vybydlen\u00fdch dom\u016f v\u00edc ne\u017e za v\u0161echny sv\u00e9 p\u0159edchoz\u00ed americk\u00e9 cesty dohromady. A to jsem i te\u010f vid\u011bl Ameriku na hodn\u011b odli\u0161n\u00fdch m\u00edstech, b\u011bhem t\u0159\u00ed t\u00fddn\u016f jsem nav\u0161t\u00edvil 21 st\u00e1t\u016f a se sv\u00fdmi p\u0159\u00e1teli najel autem skoro t\u0159in\u00e1ct tis\u00edc kilometr\u016f.<\/p>\n<\/div>\n<\/div>\n<div class=\"elementor-element elementor-element-f40adb8 vip-video-iframe elementor-widget elementor-widget-shortcode\" data-id=\"f40adb8\" data-element_type=\"widget\" data-widget_type=\"shortcode.default\">\n<div class=\"elementor-widget-container\">\n<div class=\"elementor-shortcode\">&nbsp;<\/div>\n<\/div>\n<\/div>\n<div class=\"elementor-element elementor-element-500900bf elementor-widget elementor-widget-text-editor\" data-id=\"500900bf\" data-element_type=\"widget\" data-widget_type=\"text-editor.default\">\n<div class=\"elementor-widget-container\">\n<p><strong>Jak\u00fd je podle v\u00e1s pom\u011br Harrisov\u00e1 \u2013 Trump v obl\u00edbenosti, mo\u017enosti v\u00fdhry?<\/strong><\/p>\n<p>Volby nesjp\u00ed\u0161e rozhodne to, kter\u00e1 strana bude um\u011bt l\u00e9pe ovlivnit obsah ob\u00e1lek pro koresponden\u010dn\u00ed hlasov\u00e1n\u00ed.<\/p>\n<p><strong>Jak podle v\u00e1s ovlivn\u00ed celosv\u011btov\u00e9 d\u011bn\u00ed, Evropu v\u00edt\u011bzov\u00e9 voleb v Americe?<\/strong><\/p>\n<p>Nep\u0159ece\u0148ujme z\u00e1jem americk\u00e9 politiky o sv\u011btov\u00e9 d\u011bn\u00ed, nebo dokonce o Evropu. Americk\u00e9mu voli\u010di je zahrani\u010d\u00ed ukraden\u00e9. Zaj\u00edm\u00e1 ho \u0161kolstv\u00ed, ceny, nezam\u011bstnanost, ekonomick\u00fd r\u016fst a byrokratick\u00e9 buzerace. Pokud vyhraje Trump, bude se v\u00edc starat o Ameri\u010dany, o americk\u00e9 voli\u010de a poplatn\u00edky, o americk\u00e9 rodiny. Pokud Harrisov\u00e1, nebude se \u2013 stejn\u011b jako posledn\u00ed \u010dty\u0159i roky \u2013 starat o nic a bude se koncentrovat na ob\u010dasn\u00e9 medi\u00e1ln\u00ed p\u00f3zy a gesta.<\/p>\n<p><a href=\"https:\/\/viposobnosti.cz\/clanky\/jasne-je-co-delat-vlada-ted-nema-rika-ladislav-jakl\/\">Zdroj<\/a><\/p>\n<\/div>\n<\/div>\n","protected":false},"excerpt":{"rendered":"<p>P\u00e1r dn\u00ed p\u0159ed volbami zas\u00e1hly na\u0161i zemi povodn\u011b. Do jak\u00e9 m\u00edry do nich m\u016f\u017ee vstupovat vl\u00e1da, je nam\u00edst\u011b je ru\u0161it a jak\u00e1 je situace v Americe p\u0159ed p\u0159\u00edsn\u011b sledovan\u00fdm duelem Trump-Harrisov\u00e1? Nejen o t\u011bchto t\u00e9matech poskytl rozhovor exkluzivn\u011b pro VIPosobnosti.cz Ladislav Jakl, kter\u00fd se pr\u00e1v\u011b vr\u00e1til z Ameriky.<\/p>\n","protected":false},"author":9,"featured_media":0,"comment_status":"open","ping_status":"open","sticky":false,"template":"","format":"standard","meta":{"ngg_post_thumbnail":0,"footnotes":""},"categories":[13],"tags":[],"class_list":["post-14350","post","type-post","status-publish","format-standard","hentry","category-rozhovory"],"_links":{"self":[{"href":"https:\/\/www.ladislavjakl.cz\/index.php?rest_route=\/wp\/v2\/posts\/14350","targetHints":{"allow":["GET"]}}],"collection":[{"href":"https:\/\/www.ladislavjakl.cz\/index.php?rest_route=\/wp\/v2\/posts"}],"about":[{"href":"https:\/\/www.ladislavjakl.cz\/index.php?rest_route=\/wp\/v2\/types\/post"}],"author":[{"embeddable":true,"href":"https:\/\/www.ladislavjakl.cz\/index.php?rest_route=\/wp\/v2\/users\/9"}],"replies":[{"embeddable":true,"href":"https:\/\/www.ladislavjakl.cz\/index.php?rest_route=%2Fwp%2Fv2%2Fcomments&post=14350"}],"version-history":[{"count":1,"href":"https:\/\/www.ladislavjakl.cz\/index.php?rest_route=\/wp\/v2\/posts\/14350\/revisions"}],"predecessor-version":[{"id":14351,"href":"https:\/\/www.ladislavjakl.cz\/index.php?rest_route=\/wp\/v2\/posts\/14350\/revisions\/14351"}],"wp:attachment":[{"href":"https:\/\/www.ladislavjakl.cz\/index.php?rest_route=%2Fwp%2Fv2%2Fmedia&parent=14350"}],"wp:term":[{"taxonomy":"category","embeddable":true,"href":"https:\/\/www.ladislavjakl.cz\/index.php?rest_route=%2Fwp%2Fv2%2Fcategories&post=14350"},{"taxonomy":"post_tag","embeddable":true,"href":"https:\/\/www.ladislavjakl.cz\/index.php?rest_route=%2Fwp%2Fv2%2Ftags&post=14350"}],"curies":[{"name":"wp","href":"https:\/\/api.w.org\/{rel}","templated":true}]}}