{"id":14359,"date":"2024-09-19T15:58:34","date_gmt":"2024-09-19T13:58:34","guid":{"rendered":"https:\/\/www.ladislavjakl.cz\/?p=14359"},"modified":"2024-09-19T15:58:34","modified_gmt":"2024-09-19T13:58:34","slug":"budou-priste-volby-bez-volby","status":"publish","type":"post","link":"https:\/\/www.ladislavjakl.cz\/?p=14359","title":{"rendered":"Budou p\u0159\u00ed\u0161t\u011b volby bez volby?"},"content":{"rendered":"<p>Budou volby. U\u017e zase. Posledn\u00edch 35 let jsme je cht\u011bli vn\u00edmat jako sv\u00e1tek demokracie. Po\u0159\u00e1d je tak je\u0161t\u011b n\u011bkdo vn\u00edm\u00e1? A lze to v\u016fbec?<\/p>\n<p><!--more--><\/p>\n<p>Nen\u00ed to nic hanliv\u00e9ho, jde prost\u011b o politologick\u00fd terminus technicus, ale te\u010f o v\u00edkendu n\u00e1s \u010dekaj\u00ed tzv. volby druh\u00e9ho \u0159\u00e1du. Tak se obvykle ozna\u010duj\u00ed volby m\u00edstn\u00ed, region\u00e1ln\u00ed, ale kupodivu i volby do eulamentu. Tedy takov\u00e9 volby, p\u0159i kter\u00fdch se obvykle nek\u00e1cej\u00ed vl\u00e1dy, pokud ov\u0161em p\u0159i on\u011bch volb\u00e1ch vl\u00e1dn\u00ed strany nedostanou tak neobvykle citeln\u00fd v\u00fdprask, a\u017e se n\u011bkter\u00fd koali\u010dn\u00ed parter polek\u00e1 a z&nbsp;koalice v\u010das zdrhne, aby se pak od n\u00ed mohl distancovat a p\u0159ed sn\u011bmovn\u00edmi volbami pokrytecky zah\u00e1jit kampa\u0148 z&nbsp;nov\u011b z\u00edskan\u00fdch opozi\u010dn\u00edch pozic.<\/p>\n<p>Za sv\u00e1tek demokracie jsme volby pova\u017eovali proto, \u017ee to byl nejd\u016fle\u017eit\u011bj\u0161\u00ed n\u00e1stroj, jak pom\u011b\u0159ovat spole\u010densk\u00e9 priority a v\u00e1hu jednotliv\u00fdch z\u00e1jm\u016f. Jednou zv\u00edt\u011bzil akcent individu\u00e1ln\u00edch svobod, jednou etatistick\u00fd p\u0159erozd\u011blovac\u00ed koncept. Nikdy ale ne deset nula nebo nula deset. Sp\u00ed\u0161 \u010dty\u0159i \u0161est nebo \u0161est \u010dty\u0159i. Kontinuum fungov\u00e1n\u00ed ve\u0159ejn\u00fdch instituc\u00ed z\u016fst\u00e1valo v&nbsp;z\u00e1sad\u011b zachov\u00e1no, posouvaly se jen akcenty. Jednou se posunuly trochu v\u00edc, jednou skoro v\u016fbec. S&nbsp;t\u00edm se d\u00e1 \u017e\u00edt.<\/p>\n<p>Dnes se mnoz\u00ed od \u00e9tosu svobodn\u00fdch voleb distancuj\u00ed. Vede je k&nbsp;tomu pocit, \u017ee \u201ev\u0161ichni ti naho\u0159e\u201c jsou jedna banda, kter\u00e1 se p\u0159i jak\u00e9mkoli v\u00fdsledku voleb n\u011bjak domluv\u00ed, a jede se d\u00e1l. Jen\u017ee vyvst\u00e1v\u00e1 ot\u00e1zka, co bylo d\u0159\u00edv: slepice, nebo vejce.&nbsp; Pokud se od \u00fa\u010dasti ve volb\u00e1ch distancuj\u00ed ve vy\u0161\u0161\u00ed m\u00ed\u0159e pr\u00e1v\u011b ti, kte\u0159\u00ed by si p\u0159\u00e1li z\u00e1sadn\u011bj\u0161\u00ed zm\u011bnu, pak se nemohou divit, \u017ee se volbami nic nem\u011bn\u00ed, kdy\u017e k&nbsp;nim p\u0159i\u0161li hlavn\u011b ti, co nic m\u011bnit necht\u011bj\u00ed.<\/p>\n<p>U voleb m\u00edstn\u00edho a region\u00e1ln\u00edho charakteru tak\u00e9 sl\u00fdch\u00e1me, \u017ee tam nejde o politiku, ale o odbornost, schopnosti a kompetence. Pokud by to tak ale bylo, pak je nutno takov\u00e9 volby ihned zru\u0161it, p\u0159\u00edslu\u0161n\u00e9 agendy p\u0159ev\u00e9st z&nbsp;kompetence volen\u00fdch org\u00e1n\u016f na nevolen\u00e9 \u00fa\u0159ady a do jejich \u010dela ustanovovat v\u00edt\u011bze konkurz\u016f a odborn\u00fdch test\u016f. Okam\u017eit\u011b bychom zjistili, \u017ee krom\u011b erudice jde u naprost\u00e9 v\u011bt\u0161iny takov\u00fdch rozhodov\u00e1n\u00ed nejen o erudici, ale tak\u00e9 o n\u00e1zory a z\u00e1jmy. A tedy \u2013 o politiku.<\/p>\n<p>Na sv\u00e1te\u010dn\u00ed \u00e9tos voleb ale posledn\u00ed roky \u00fato\u010d\u00ed n\u011bco jin\u00e9ho, tragi\u010dt\u011bj\u0161\u00edho. Pokud jsou volby v\u00fdb\u011brem z&nbsp;r\u016fzn\u00fdch mo\u017en\u00fdch cest, je zde svobodn\u00e1 \u00favaha nejen mo\u017en\u00e1, ale je samou podstatou volby. Pokud jsou n\u00e1m ale volby p\u0159edkl\u00e1d\u00e1ny jako v\u00fdb\u011br mezi jedin\u00fdm dobrem a zcela nep\u0159ijateln\u00fdm zlem, pak nejde u\u017e o volby a nejde u\u017e o demokracii. Zlu je t\u0159eba zabr\u00e1nit. Jak\u00fdmikoli prost\u0159edky. Asi i st\u0159elbou na kandid\u00e1ty, jak vid\u00edme za Atlantikem. Zlo nelze pou\u0161t\u011bt do svobodn\u00e9 sout\u011b\u017ee idej\u00ed. Zlo je t\u0159eba zastavit, uml\u010det a vym\u00fdtit.<\/p>\n<p>Kdo prezentuje volby jako souboj dobra a zla (v N\u011bmecku, ve Francii, na Slovensku, u n\u00e1s, kdekoli), je u\u017e jen krok od toho, aby volby zru\u0161il a zavedl stann\u00e9 pr\u00e1vo. Pod jakoukoli z\u00e1minkou. Nedovolme tomuhle jedu proniknout do sv\u00fdch \u017eil. Jakmile spolu nebojuj\u00ed r\u016fzn\u00e9 spole\u010densk\u00e9 koncepty, ale dobro se zlem, pak u\u017e nejde o demokracii.<\/p>\n<p>V m\u00e9m obvodu se nyn\u00ed sen\u00e1tor nevol\u00ed a v Praze, kde bydl\u00edm, krajsk\u00e9 volby nejsou. P\u0159esto si dovoluji vyzvat \u010dten\u00e1\u0159e: jd\u011bte volit. Proto\u017ee nikdo nev\u00ed, jak v\u00e1m budou prezentov\u00e1ny u\u017e ty volby p\u0159\u00ed\u0161t\u00ed. T\u0159eba jako volby bez volby.&nbsp;&nbsp; &nbsp;&nbsp;&nbsp;&nbsp;&nbsp;&nbsp;&nbsp;&nbsp;<\/p>\n<p>Ladislav Jakl, 19. 9. 2024<\/p>\n<p><a href=\"https:\/\/www.institutvk.cz\/clanky\/2925.html\">Zdroj<\/a><\/p>\n","protected":false},"excerpt":{"rendered":"<p>Budou volby. U\u017e zase. Posledn\u00edch 35 let jsme je cht\u011bli vn\u00edmat jako sv\u00e1tek demokracie. Po\u0159\u00e1d je tak je\u0161t\u011b n\u011bkdo vn\u00edm\u00e1? A lze to v\u016fbec?<\/p>\n","protected":false},"author":9,"featured_media":0,"comment_status":"open","ping_status":"open","sticky":false,"template":"","format":"standard","meta":{"ngg_post_thumbnail":0,"footnotes":""},"categories":[1],"tags":[],"class_list":["post-14359","post","type-post","status-publish","format-standard","hentry","category-publikovane-clanky"],"_links":{"self":[{"href":"https:\/\/www.ladislavjakl.cz\/index.php?rest_route=\/wp\/v2\/posts\/14359","targetHints":{"allow":["GET"]}}],"collection":[{"href":"https:\/\/www.ladislavjakl.cz\/index.php?rest_route=\/wp\/v2\/posts"}],"about":[{"href":"https:\/\/www.ladislavjakl.cz\/index.php?rest_route=\/wp\/v2\/types\/post"}],"author":[{"embeddable":true,"href":"https:\/\/www.ladislavjakl.cz\/index.php?rest_route=\/wp\/v2\/users\/9"}],"replies":[{"embeddable":true,"href":"https:\/\/www.ladislavjakl.cz\/index.php?rest_route=%2Fwp%2Fv2%2Fcomments&post=14359"}],"version-history":[{"count":1,"href":"https:\/\/www.ladislavjakl.cz\/index.php?rest_route=\/wp\/v2\/posts\/14359\/revisions"}],"predecessor-version":[{"id":14360,"href":"https:\/\/www.ladislavjakl.cz\/index.php?rest_route=\/wp\/v2\/posts\/14359\/revisions\/14360"}],"wp:attachment":[{"href":"https:\/\/www.ladislavjakl.cz\/index.php?rest_route=%2Fwp%2Fv2%2Fmedia&parent=14359"}],"wp:term":[{"taxonomy":"category","embeddable":true,"href":"https:\/\/www.ladislavjakl.cz\/index.php?rest_route=%2Fwp%2Fv2%2Fcategories&post=14359"},{"taxonomy":"post_tag","embeddable":true,"href":"https:\/\/www.ladislavjakl.cz\/index.php?rest_route=%2Fwp%2Fv2%2Ftags&post=14359"}],"curies":[{"name":"wp","href":"https:\/\/api.w.org\/{rel}","templated":true}]}}