{"id":14364,"date":"2024-09-25T13:53:03","date_gmt":"2024-09-25T11:53:03","guid":{"rendered":"https:\/\/www.ladislavjakl.cz\/?p=14364"},"modified":"2024-09-25T13:53:03","modified_gmt":"2024-09-25T11:53:03","slug":"vetsim-dopadem-muze-byt-pnuti-uvnitr-porazene-koalice-i-vladnich-stran-uz-to-zacina-varuje-jakl","status":"publish","type":"post","link":"https:\/\/www.ladislavjakl.cz\/?p=14364","title":{"rendered":"V\u011bt\u0161\u00edm dopadem m\u016f\u017ee b\u00fdt pnut\u00ed uvnit\u0159 pora\u017een\u00e9 koalice i vl\u00e1dn\u00edch stran. U\u017e to za\u010d\u00edn\u00e1, varuje Jakl"},"content":{"rendered":"<div class=\"\">Rozhovor byl uskute\u010dn\u011bn v pond\u011bl\u00ed, den p\u0159ed odvol\u00e1n\u00edm Barto\u0161e a av\u00edzovan\u00fdm odchodem Pir\u00e1t\u016f z vl\u00e1dy.<\/div>\n<div>&nbsp;<\/div>\n<div>Ladislav Jakl, publicista a \u010dlen Rady pro rozhlasov\u00e9 a televizn\u00ed vys\u00edl\u00e1n\u00ed, vyjmenoval n\u00e1sledky por\u00e1\u017eky vl\u00e1dn\u00ed koalice v krajsk\u00fdch volb\u00e1ch. V rozhovoru pro ne\u010cT24 uvedl p\u0159\u00ed\u010diny propadu strany Pir\u00e1t\u016f a vysv\u011btlil \u00fasp\u011bch koalice Sta\u010dilo!.<\/div>\n<div>&nbsp;<\/div>\n<p><!--more--><\/p>\n<div>\n<p><b>\u010c\u00e1st opozice tvrdila, \u017ee krajsk\u00e9 volby budou referendem o sou\u010dasn\u00e9 vl\u00e1d\u011b. Potvrdila se tato p\u0159edpov\u011b\u010f?<\/b><\/p>\n<p><b>Ladislav Jakl:<\/b>&nbsp;Jasn\u011b, \u017ee to tak je. B\u00fdv\u00e1 to tak u v\u0161ech \u201emezivoleb\u201c v\u0161ude na sv\u011bt\u011b. I kdy\u017e v\u0161echny vl\u00e1dy budou tvrdit, \u017ee to spolu nesouvis\u00ed. Voli\u010d to vid\u00ed jinak. Vl\u00e1du v mezivolb\u00e1ch pochv\u00e1l\u00ed, pohan\u00ed, nebo prost\u011b jen vyva\u017euje.<\/p>\n<p><b>Podle pr\u016fzkumu \u010cesk\u00e9 televize si dv\u011b t\u0159etiny \u010cech\u016f p\u0159ej\u00ed, aby se v\u00fdsledky krajsk\u00fdch voleb prom\u00edtly i do celost\u00e1tn\u00ed politiky. Bude Fialova vl\u00e1da br\u00e1t v \u00favahu toto p\u0159\u00e1n\u00ed voli\u010d\u016f?<\/b><\/p>\n<p>Vl\u00e1da se ur\u010dit\u011b nebude chovat podle n\u011bjak\u00fdch pr\u016fzkum\u016f. Daleko v\u011bt\u0161\u00ed dopady m\u016f\u017ee m\u00edt pnut\u00ed uvnit\u0159 pora\u017een\u00e9 koalice i uvnit\u0159 vl\u00e1dn\u00edch stran. U\u017e to za\u010d\u00edn\u00e1. Budou se mno\u017eit v \u0159ad\u00e1ch koalice hlasy typu \u201eto j\u00e1 ne, to oni, j\u00e1 to takhle necht\u011bl, neposlouchali m\u011b\u201c. Prost\u011b se budou sna\u017eit b\u00fdt co nejd\u00e1l od ter\u010de ve\u0159ejn\u00e9ho hn\u011bvu. A to vl\u00e1du rozkol\u00eds\u00e1.<\/p>\n<p><b>Koalice Sta\u010dilo!, kterou vede komunistick\u00e1 strana, z\u00edskala zastoupen\u00ed t\u00e9m\u011b\u0159 ve v\u0161ech kraj\u00edch. O \u010dem vypov\u00edd\u00e1 jejich \u00fasp\u011bch?<\/b><\/p>\n<p>Jejich voli\u010di tu byli v\u017edy. Ale p\u0159edchoz\u00ed salonn\u00ed veden\u00ed nemohlo tyhle levicov\u00e9 voli\u010de autenticky oslovit.<\/p>\n<p><b>Je pro V\u00e1s p\u0159ekvapen\u00edm fiasko strany Pir\u00e1t\u016f v t\u011bchto volb\u00e1ch?<\/b><\/p>\n<p>Nen\u00ed. Mnoho voli\u010d\u016f d\u0159\u00edve neprokouklo pir\u00e1tsk\u00e9 postoje coby nam\u00ed\u0159en\u00e9 proti norm\u00e1ln\u00edmu \u017eivotu, prosperit\u011b a lidsk\u00e9 svobod\u011b. Podlehli klamu, \u017ee Pir\u00e1ti jsou nonkoformist\u00e9. Nyn\u00ed ale vid\u00ed, \u017ee tahle parta je papal\u00e1\u0161stv\u00ed a prosp\u011bch\u00e1\u0159stv\u00ed futr\u00e1l.<\/p>\n<p><a href=\"https:\/\/42tcen.com\/entry\/vetsim-dopadem-muze-byt-pnuti-uvnitr-porazene-koalice-i-vladnich-stran-uz-to-zacina-varuje-jakl\">Zdroj<\/a><\/p>\n<\/div>\n<div class=\"\">&nbsp;<\/div>\n","protected":false},"excerpt":{"rendered":"<p>Rozhovor byl uskute\u010dn\u011bn v pond\u011bl\u00ed, den p\u0159ed odvol\u00e1n\u00edm Barto\u0161e a av\u00edzovan\u00fdm odchodem Pir\u00e1t\u016f z vl\u00e1dy. &nbsp; Ladislav Jakl, publicista a \u010dlen Rady pro rozhlasov\u00e9 a televizn\u00ed vys\u00edl\u00e1n\u00ed, vyjmenoval n\u00e1sledky por\u00e1\u017eky vl\u00e1dn\u00ed koalice v krajsk\u00fdch volb\u00e1ch. V rozhovoru pro ne\u010cT24 uvedl p\u0159\u00ed\u010diny propadu strany Pir\u00e1t\u016f a vysv\u011btlil \u00fasp\u011bch koalice Sta\u010dilo!. &nbsp;<\/p>\n","protected":false},"author":9,"featured_media":0,"comment_status":"open","ping_status":"open","sticky":false,"template":"","format":"standard","meta":{"ngg_post_thumbnail":0,"footnotes":""},"categories":[1],"tags":[],"class_list":["post-14364","post","type-post","status-publish","format-standard","hentry","category-publikovane-clanky"],"_links":{"self":[{"href":"https:\/\/www.ladislavjakl.cz\/index.php?rest_route=\/wp\/v2\/posts\/14364","targetHints":{"allow":["GET"]}}],"collection":[{"href":"https:\/\/www.ladislavjakl.cz\/index.php?rest_route=\/wp\/v2\/posts"}],"about":[{"href":"https:\/\/www.ladislavjakl.cz\/index.php?rest_route=\/wp\/v2\/types\/post"}],"author":[{"embeddable":true,"href":"https:\/\/www.ladislavjakl.cz\/index.php?rest_route=\/wp\/v2\/users\/9"}],"replies":[{"embeddable":true,"href":"https:\/\/www.ladislavjakl.cz\/index.php?rest_route=%2Fwp%2Fv2%2Fcomments&post=14364"}],"version-history":[{"count":1,"href":"https:\/\/www.ladislavjakl.cz\/index.php?rest_route=\/wp\/v2\/posts\/14364\/revisions"}],"predecessor-version":[{"id":14365,"href":"https:\/\/www.ladislavjakl.cz\/index.php?rest_route=\/wp\/v2\/posts\/14364\/revisions\/14365"}],"wp:attachment":[{"href":"https:\/\/www.ladislavjakl.cz\/index.php?rest_route=%2Fwp%2Fv2%2Fmedia&parent=14364"}],"wp:term":[{"taxonomy":"category","embeddable":true,"href":"https:\/\/www.ladislavjakl.cz\/index.php?rest_route=%2Fwp%2Fv2%2Fcategories&post=14364"},{"taxonomy":"post_tag","embeddable":true,"href":"https:\/\/www.ladislavjakl.cz\/index.php?rest_route=%2Fwp%2Fv2%2Ftags&post=14364"}],"curies":[{"name":"wp","href":"https:\/\/api.w.org\/{rel}","templated":true}]}}