{"id":14370,"date":"2024-09-26T18:11:19","date_gmt":"2024-09-26T16:11:19","guid":{"rendered":"https:\/\/www.ladislavjakl.cz\/?p=14370"},"modified":"2024-09-26T18:14:37","modified_gmt":"2024-09-26T16:14:37","slug":"koalicni-tance-utek-od-odpovednosti","status":"publish","type":"post","link":"https:\/\/www.ladislavjakl.cz\/?p=14370","title":{"rendered":"Koali\u010dn\u00ed tance: \u00fat\u011bk od odpov\u011bdnosti"},"content":{"rendered":"<p>Pir\u00e1ti odch\u00e1zej\u00ed z&nbsp;vl\u00e1dy. Dalo se to \u010dekat. Vl\u00e1da je u ve\u0159ejnosti velice nepopul\u00e1rn\u00ed, ur\u010dit\u011b uvnit\u0159 koali\u010dn\u00edch stran (krom\u011b ODS) u\u017e dlouho prob\u00edh\u00e1 debata o tom, jestli v\u00fdnosy z vl\u00e1dn\u00edho anga\u017em\u00e1 pro danou stranu v\u016fbec p\u0159eva\u017euj\u00ed nad n\u00e1klady, kter\u00e9 bude muset doty\u010dn\u00e1 strana zaplatit za rok ve volb\u00e1ch.<\/p>\n<p><!--more--><\/p>\n<p>A v&nbsp;ODS ur\u010dit\u011b tak\u00e9 u\u017e dlouho prob\u00edh\u00e1 debata, nakolik je pro n\u011b koali\u010dn\u00ed pouto koul\u00ed na noze, zvl\u00e1\u0161t\u011b v&nbsp;p\u0159\u00edpad\u011b Pir\u00e1t\u016f, kte\u0159\u00ed k&nbsp;udr\u017een\u00ed v\u011bt\u0161iny nejsou zapot\u0159eb\u00ed. Ne\u00fasp\u011b\u0161n\u00e9 vl\u00e1dnut\u00ed je zkr\u00e1tka t\u0159eba na n\u011bkoho shodit, a rychle ut\u00edkat co nejd\u00e1le od ter\u010de ve\u0159ejn\u00e9ho hn\u011bvu.<\/p>\n<p>\u010cekalo se jen na z\u00e1minku. Tou se stala kauza \u201edigitalizace\u201c. (Digitus znamen\u00e1 latinsky prst, m\u016f\u017eeme jen h\u00e1dat, o kter\u00fd asi jde.) Co je to v\u016fbec za projekt? Jist\u011b\u017ee m\u00e1 administrace st\u00e1tn\u00ed spr\u00e1vy a jej\u00ed kontakt s&nbsp;ve\u0159ejnost\u00ed fungovat co nejv\u00fdkonn\u011bji, nejefektivn\u011bji a nejspolehliv\u011bji. A jist\u011b\u017ee je k&nbsp;tomu t\u0159eba pr\u016fb\u011b\u017en\u011b neust\u00e1le modernizovat zpracov\u00e1n\u00ed v\u0161ech \u00fakon\u016f, a to ku prosp\u011bchu \u00fa\u0159ad\u016f i u\u017eivatel\u016f. Ale zde se technologick\u00e1 modernizace stala ideologick\u00fdm symbolem a politickou modlou. Asi jako sv\u00e9ho \u010dasu sov\u011btsk\u00e1 elektrifikace. Proces digitalizace se ze samoz\u0159ejm\u00e9ho postupn\u00e9ho zlep\u0161ov\u00e1n\u00ed funkce \u00fa\u0159ad\u016f stal zosobn\u011bn\u00edm \u201eVelk\u00e9ho skoku vp\u0159ed\u201c po \u010d\u00ednsk\u00e9m vzoru, zosobn\u011bn\u00edm ideologick\u00e9ho pokrok\u00e1\u0159stv\u00ed.<\/p>\n<p>V&nbsp;tomto pojet\u00ed musel tenhle projet selhat. Sledoval toti\u017e od za\u010d\u00e1tku prim\u00e1rn\u011b jin\u00e9 c\u00edle ne\u017e zlep\u0161it fungov\u00e1n\u00ed \u00fa\u0159ad\u016f. M\u011bl se st\u00e1t m\u00f3dn\u00ed fas\u00e1dou nov\u00e9 doby. Proto odpov\u011bdnost za jeho selh\u00e1n\u00ed nenese jen realiz\u00e1tor, tedy Barto\u0161ovo ministerstvo, ale cel\u00e1 vl\u00e1da za to, \u017ee v\u016fbec akceptovala megalomansk\u00e9 budovatelsk\u00e9 pl\u00e1ny Pir\u00e1t\u016f.<\/p>\n<p>Jen na okraj k&nbsp;tomu ministerstvu: opravdu mus\u00ed ministerstvo s\u00eddlit v&nbsp;pal\u00e1ci na Starom\u011bstsk\u00e9m n\u00e1m\u011bst\u00ed? Musej\u00ed m\u00edt \u00fa\u0159edn\u00edci v\u00fdhled na sochu Jana Husa a Mari\u00e1nsk\u00fd sloup? A nen\u00ed za t\u011bmi nejdra\u017e\u0161\u00edmi okny ve St\u0159edn\u00ed Evrop\u011b n\u011bjak\u00fd sklad nepou\u017e\u00edvan\u00e9 IT techniky (proto\u017ee po dlouh\u00e1 let\u00e1 opravdu skand\u00e1ln\u011b byl).<\/p>\n<p>Mo\u017en\u00e1 je t\u0159eba dodat je\u0161t\u011b jednu v\u011bc: a bylo by v\u016fbec dob\u0159e, kdyby se tento projekt byl povedl? Nen\u00ed on vlastn\u011b jen botou mezi dve\u0159mi pro je\u0161t\u011b intenz\u00edvn\u011bj\u0161\u00ed buzeraci stavebn\u00edk\u016f, pro pr\u016fb\u011b\u017en\u00e9 zat\u011b\u017eov\u00e1n\u00ed \u017eadatel\u016f o stavebn\u00ed povolen\u00ed dal\u0161\u00edmi a dal\u0161\u00edmi ni\u010div\u00fdmi podm\u00ednkami? Nepot\u0159ebuje \u010desk\u00e9 stavebn\u00ed \u0159\u00edzen\u00ed sp\u00ed\u0161e razantn\u00ed opro\u0161t\u011bn\u00ed od drastick\u00fdch podm\u00ednek, kter\u00e9 ka\u017ed\u00fd stavebn\u00edk u\u017e dnes mus\u00ed plnit?&nbsp;<\/p>\n<p>Na cel\u00e9 fra\u0161ce kolem odlou\u010den\u00ed pir\u00e1tsk\u00e9ho \u0161kuneru od&nbsp;vl\u00e1dni flotily je nejz\u00e1bavn\u011bj\u0161\u00ed reakce n\u011bkolika pir\u00e1tsk\u00fdch funkcion\u00e1\u0159\u016f. \u017de pr\u00fd stejn\u011b nem\u00e1 cenu v&nbsp;t\u00e9hle koalici b\u00fdt, proto\u017ee se Pir\u00e1t\u016fm v&nbsp;jej\u00edm r\u00e1mci nepoda\u0159ilo prosadit sv\u00e9 priority, jako je man\u017eelstv\u00ed \u201epro v\u0161echny\u201c, legalizace marihuany a podpora bydlen\u00ed. Fakt v&nbsp;dob\u011b potravinov\u00e9 drahoty, znehodnocen\u00ed \u00faspor, zabrzd\u011bn\u00e9ho ekonomick\u00e9ho r\u016fstu, rozm\u00e1haj\u00edc\u00ed se nouze i u st\u0159edn\u00ed t\u0159\u00eddy \u010di drastick\u00e9ho zdra\u017eov\u00e1n\u00ed energi\u00ed m\u00e1 m\u00edt st\u00e1t jako svou prioritu prvn\u00ed dv\u011b v\u00fdst\u0159ednosti? Na to \u017ee \u010dekaj\u00ed na\u0161i d\u016fchodci, zam\u011bstnanci, \u010desk\u00e9 rodiny, oby\u010dejn\u00ed spot\u0159ebitel\u00e9?<\/p>\n<p>A ona podpora bydlen\u00ed? No, bydlen\u00ed je prost\u011b drahou v\u011bc\u00ed (pokud nem\u00e1me namysli ubytovny). A je jasn\u00e9, \u017ee mnoho lid\u00ed si na sv\u00e9 bydlen\u00ed je\u0161t\u011b nevyd\u011blalo dost pen\u011bz. Co s t\u00edm? Vezmou se pen\u00edze lidem, co u\u017e si pen\u00edze vyd\u011blali, a daj\u00ed se t\u011bm, co si je nevyd\u011blali. Jin\u00fd recept Pir\u00e1ti odjak\u017eiva nemaj\u00ed. Nebo snad je\u0161t\u011b: rovnou vz\u00edt byty vlastn\u00edk\u016fm a d\u00e1t je nevlastn\u00edk\u016fm. To je tak\u00e9 jeden z pir\u00e1tsk\u00fdch pl\u00e1n\u016f.<\/p>\n<p>Do voleb zb\u00fdv\u00e1 rok. Vypad\u00e1 to, \u017ee bude z&nbsp;pozice vl\u00e1dn\u00edch stran napln\u011bn p\u0159esv\u011bd\u010dov\u00e1n\u00edm voli\u010d\u016f: za ekonomick\u00fd a spole\u010densk\u00fd rozvrat nem\u016f\u017eeme my, to n\u011bkte\u0159\u00ed na\u0161i koali\u010dn\u00ed partne\u0159i. Zba\u0161t\u00ed to voli\u010di?<\/p>\n<p><em>Ladislav Jakl, 26. 9. 2024<\/em><\/p>\n<p><a href=\"https:\/\/www.institutvk.cz\/clanky\/2935.html\">Zdroj<\/a><\/p>\n","protected":false},"excerpt":{"rendered":"<p>Pir\u00e1ti odch\u00e1zej\u00ed z&nbsp;vl\u00e1dy. Dalo se to \u010dekat. Vl\u00e1da je u ve\u0159ejnosti velice nepopul\u00e1rn\u00ed, ur\u010dit\u011b uvnit\u0159 koali\u010dn\u00edch stran (krom\u011b ODS) u\u017e dlouho prob\u00edh\u00e1 debata o tom, jestli v\u00fdnosy z vl\u00e1dn\u00edho anga\u017em\u00e1 pro danou stranu v\u016fbec p\u0159eva\u017euj\u00ed nad n\u00e1klady, kter\u00e9 bude muset doty\u010dn\u00e1 strana zaplatit za rok ve volb\u00e1ch.<\/p>\n","protected":false},"author":9,"featured_media":0,"comment_status":"open","ping_status":"open","sticky":false,"template":"","format":"standard","meta":{"ngg_post_thumbnail":0,"footnotes":""},"categories":[1],"tags":[],"class_list":["post-14370","post","type-post","status-publish","format-standard","hentry","category-publikovane-clanky"],"_links":{"self":[{"href":"https:\/\/www.ladislavjakl.cz\/index.php?rest_route=\/wp\/v2\/posts\/14370","targetHints":{"allow":["GET"]}}],"collection":[{"href":"https:\/\/www.ladislavjakl.cz\/index.php?rest_route=\/wp\/v2\/posts"}],"about":[{"href":"https:\/\/www.ladislavjakl.cz\/index.php?rest_route=\/wp\/v2\/types\/post"}],"author":[{"embeddable":true,"href":"https:\/\/www.ladislavjakl.cz\/index.php?rest_route=\/wp\/v2\/users\/9"}],"replies":[{"embeddable":true,"href":"https:\/\/www.ladislavjakl.cz\/index.php?rest_route=%2Fwp%2Fv2%2Fcomments&post=14370"}],"version-history":[{"count":3,"href":"https:\/\/www.ladislavjakl.cz\/index.php?rest_route=\/wp\/v2\/posts\/14370\/revisions"}],"predecessor-version":[{"id":14373,"href":"https:\/\/www.ladislavjakl.cz\/index.php?rest_route=\/wp\/v2\/posts\/14370\/revisions\/14373"}],"wp:attachment":[{"href":"https:\/\/www.ladislavjakl.cz\/index.php?rest_route=%2Fwp%2Fv2%2Fmedia&parent=14370"}],"wp:term":[{"taxonomy":"category","embeddable":true,"href":"https:\/\/www.ladislavjakl.cz\/index.php?rest_route=%2Fwp%2Fv2%2Fcategories&post=14370"},{"taxonomy":"post_tag","embeddable":true,"href":"https:\/\/www.ladislavjakl.cz\/index.php?rest_route=%2Fwp%2Fv2%2Ftags&post=14370"}],"curies":[{"name":"wp","href":"https:\/\/api.w.org\/{rel}","templated":true}]}}