{"id":14384,"date":"2024-10-03T16:03:46","date_gmt":"2024-10-03T14:03:46","guid":{"rendered":"https:\/\/www.ladislavjakl.cz\/?p=14384"},"modified":"2024-10-03T16:03:46","modified_gmt":"2024-10-03T14:03:46","slug":"digitalizace-je-nas-fetis","status":"publish","type":"post","link":"https:\/\/www.ladislavjakl.cz\/?p=14384","title":{"rendered":"Digitalizace je n\u00e1\u0161 feti\u0161"},"content":{"rendered":"<p>Prstov\u00fd feti\u0161ismus\u2026 to m\u00e1 b\u00fdt n\u011bjak\u00e1 \u00fachylka? Vlastn\u011b ano. T\u00fdk\u00e1 se na\u0161\u00ed slavn\u011b neslavn\u00e9 \u201edigitalizace\u201c. Pr\u00fd se nepovedla a pr\u00fd je t\u0159eba zapracovat na tom, aby se napodruh\u00e9 u\u017e povedla. Je ale probl\u00e9m jen v&nbsp;tom, \u017ee se nepovedla? Nen\u00ed.<\/p>\n<p><!--more--><\/p>\n<p>Probl\u00e9m je u\u017e v tom, jak byla od za\u010d\u00e1tku uchopena. Tedy probl\u00e9m byl u\u017e v zad\u00e1n\u00ed od vl\u00e1dy, ne a\u017e v realizaci od Barto\u0161ova ministerstva.&nbsp;<\/p>\n<p>Stranou ponech\u00e1m \u00favahu, \u017ee cel\u00fd tenhle projekt m\u00e1 nejsp\u00ed\u0161 umo\u017enit, aby bylo mo\u017en\u00e9 budouc\u00ed stavebn\u00edky nap\u0159\u00ed\u0161t\u011b snadn\u011bji zavalovat nov\u00fdmi a&nbsp;nov\u00fdmi nesmysln\u00fdmi klimatick\u00fdmi a&nbsp;byrokratick\u00fdmi nesmysly. Jde o&nbsp;samo ch\u00e1p\u00e1n\u00ed role st\u00e1tu, role vl\u00e1dy a&nbsp;zav\u00e1d\u011bn\u00ed inovac\u00ed do veden\u00ed r\u016fzn\u00fdch st\u00e1tn\u00edch agend.<\/p>\n<p>Vemme si onu digitalizaci. Kdyby m\u011bl n\u011bjak\u00fd politick\u00fd subjekt za c\u00edl (a&nbsp;t\u0159eba i&nbsp;v&nbsp;programu), \u017ee zlevn\u00ed n\u00e1klady na jistou (t\u0159eba stavebn\u00ed) agendu o&nbsp;tolik a&nbsp;tolik procent a&nbsp;\u017ee zrychl\u00ed vy\u0159\u00edzen\u00ed \u017e\u00e1dost\u00ed o&nbsp;tolik a&nbsp;tolik procent, \u0161lo by v\u011b\u0159it, \u017ee zadavatel\u016fm jde o&nbsp;produkt, o&nbsp;v\u00fdsledek. Ale oni m\u011bli v&nbsp;programu DIGITALIZACI an sich, jako kulturn\u00ed a&nbsp;civiliza\u010dn\u00ed fenom\u00e9n, jako feti\u0161. Tedy zl\u00e9 bylo ne pouze proveden\u00ed, ale u\u017e s\u00e1m c\u00edl. A&nbsp;pro\u0161lo jim to\u2026<\/p>\n<p>Vl\u00e1dy nemaj\u00ed ob\u010dany otravovat t\u00edm, jak za\u0159\u00edd\u00ed zefektivn\u011bn\u00ed sv\u00e9 pr\u00e1ce. Ob\u010dany zaj\u00edm\u00e1 v\u00fdsledek. Tady se o&nbsp;v\u00fdsledku nikdy nemluvilo. Nemluvilo se o&nbsp;tom, co to konkr\u00e9tn\u011b ka\u017ed\u00e9mu \u017eadateli p\u0159inese. A&nbsp;co to u\u0161et\u0159\u00ed st\u00e1tu. Tady se jen megalomansky \u0161ermovalo t\u00edm velkolep\u00fdm pojmem \u201edigitalizace.\u201c Kdo m\u00e1 pochybnosti o&nbsp;smysluplnosti tohoto pojet\u00ed inovace st\u00e1tn\u00ed spr\u00e1vy, b\u00fdv\u00e1 okam\u017eit\u011b na\u0159\u010den, \u017ee je proti pokroku. Ale houby. Pokrok a\u0165 fr\u010d\u00ed. Ale mus\u00ed b\u00fdt prost\u0159edkem, ne c\u00edlem. Ne feti\u0161em. Ne symbolem pokrok\u00e1\u0159sk\u00e9 ideologie.<\/p>\n<p>A pro\u010d prstov\u00fd? Proto\u017ee digitus znamen\u00e1 latinsky prst. Uka\u017eme tedy digitalizaci digitus. Ten prost\u0159edn\u00ed.<\/p>\n<p>Ps\u00e1no pro Den\u00edk TO 30. 9. 2024<\/p>\n","protected":false},"excerpt":{"rendered":"<p>Prstov\u00fd feti\u0161ismus\u2026 to m\u00e1 b\u00fdt n\u011bjak\u00e1 \u00fachylka? Vlastn\u011b ano. T\u00fdk\u00e1 se na\u0161\u00ed slavn\u011b neslavn\u00e9 \u201edigitalizace\u201c. Pr\u00fd se nepovedla a pr\u00fd je t\u0159eba zapracovat na tom, aby se napodruh\u00e9 u\u017e povedla. Je ale probl\u00e9m jen v&nbsp;tom, \u017ee se nepovedla? Nen\u00ed.<\/p>\n","protected":false},"author":9,"featured_media":0,"comment_status":"open","ping_status":"open","sticky":false,"template":"","format":"standard","meta":{"ngg_post_thumbnail":0,"footnotes":""},"categories":[1],"tags":[],"class_list":["post-14384","post","type-post","status-publish","format-standard","hentry","category-publikovane-clanky"],"_links":{"self":[{"href":"https:\/\/www.ladislavjakl.cz\/index.php?rest_route=\/wp\/v2\/posts\/14384","targetHints":{"allow":["GET"]}}],"collection":[{"href":"https:\/\/www.ladislavjakl.cz\/index.php?rest_route=\/wp\/v2\/posts"}],"about":[{"href":"https:\/\/www.ladislavjakl.cz\/index.php?rest_route=\/wp\/v2\/types\/post"}],"author":[{"embeddable":true,"href":"https:\/\/www.ladislavjakl.cz\/index.php?rest_route=\/wp\/v2\/users\/9"}],"replies":[{"embeddable":true,"href":"https:\/\/www.ladislavjakl.cz\/index.php?rest_route=%2Fwp%2Fv2%2Fcomments&post=14384"}],"version-history":[{"count":1,"href":"https:\/\/www.ladislavjakl.cz\/index.php?rest_route=\/wp\/v2\/posts\/14384\/revisions"}],"predecessor-version":[{"id":14385,"href":"https:\/\/www.ladislavjakl.cz\/index.php?rest_route=\/wp\/v2\/posts\/14384\/revisions\/14385"}],"wp:attachment":[{"href":"https:\/\/www.ladislavjakl.cz\/index.php?rest_route=%2Fwp%2Fv2%2Fmedia&parent=14384"}],"wp:term":[{"taxonomy":"category","embeddable":true,"href":"https:\/\/www.ladislavjakl.cz\/index.php?rest_route=%2Fwp%2Fv2%2Fcategories&post=14384"},{"taxonomy":"post_tag","embeddable":true,"href":"https:\/\/www.ladislavjakl.cz\/index.php?rest_route=%2Fwp%2Fv2%2Ftags&post=14384"}],"curies":[{"name":"wp","href":"https:\/\/api.w.org\/{rel}","templated":true}]}}