{"id":14397,"date":"2024-10-10T17:09:12","date_gmt":"2024-10-10T15:09:12","guid":{"rendered":"https:\/\/www.ladislavjakl.cz\/?p=14397"},"modified":"2024-10-10T17:09:12","modified_gmt":"2024-10-10T15:09:12","slug":"jak-se-lisi-uchylka-od-normy","status":"publish","type":"post","link":"https:\/\/www.ladislavjakl.cz\/?p=14397","title":{"rendered":"Jak se li\u0161\u00ed \u00fachylka od normy?"},"content":{"rendered":"<p>V&nbsp;Pardubic\u00edch str\u00e1\u017en\u00edci zadr\u017eeli chovance l\u00e9\u010debn\u00e9ho za\u0159\u00edzen\u00ed, proto\u017ee pr\u00fd onanoval p\u0159ed \u0161kolou, p\u0159i\u010dem\u017e ho mohly vid\u011bt d\u011bti. P\u0159\u00edpad nyn\u00ed \u0161et\u0159\u00ed st\u00e1tn\u00ed policie, mu\u017e byl vr\u00e1cen do \u00fastavu. Vypad\u00e1 to cel\u00e9 jednodu\u0161e, ale na druh\u00fd pohled u\u017e nen\u00ed.<\/p>\n<p><!--more--><\/p>\n<p>Stejn\u00fd zpravodajsk\u00fd web o toti\u017e den d\u0159\u00edve p\u0159inesl roztomil\u00fd \u010dl\u00e1nek uv\u011bdom\u011bl\u00e9 novin\u00e1\u0159sk\u00e9 el\u00e9vky o tom, jak jac\u00edsi rodi\u010de pr\u00fd zjevn\u011b pod rusk\u00fdm hybridn\u00edm vlivem odhla\u0161uj\u00ed sv\u00e9 d\u011bti z&nbsp;hodin pokrokov\u00e9 sexu\u00e1ln\u00ed v\u00fdchovy. Do\u010detli jsme se, \u017ee krom\u011b rusk\u00e9 propagandy za t\u00edm stoj\u00ed Orb\u00e1n, n\u011bmeck\u00e1 AfD a kdov\u00edjak\u00e9 temn\u00e9 konzervativn\u00ed s\u00edly. Nechyb\u011blo skoro nic.<\/p>\n<p>Mo\u017en\u00e1 se nyn\u00ed ale dozv\u00edme, \u017ee zadr\u017een\u00fd mu\u017e byl aktivistou progresivn\u00ed neziskovky, kter\u00fd se jen p\u0159ipravoval na svou p\u0159edn\u00e1\u0161ku ve t\u0159\u00edd\u011b druh\u00e1 b\u00e9 doty\u010dn\u00e9 \u0161koly a pod rusk\u00fdm, Orb\u00e1nov\u00fdm a krajn\u011b pravicov\u00fdm extremistick\u00fdm ultrakonzervativn\u00edm dezol\u00e1tsk\u00fdm vlivem byli ve skute\u010dnosti oni horliv\u00ed str\u00e1\u017en\u00edci.<\/p>\n<p>Ne\u017e se v\u011bc vysv\u011btl\u00ed, m\u016f\u017eeme si kl\u00e1st ot\u00e1zky. Je rodi\u010d zodpov\u011bdn\u00fd za sv\u00e9 d\u00edt\u011b? Je na\u0161e spole\u010dnost postavena na ochran\u011b rodiny a na p\u0159edpokladu, \u017ee rodi\u010d to se sv\u00fdm d\u00edt\u011btem mysl\u00ed dob\u0159e, dokonce l\u00e9pe ne\u017e pokrokov\u00ed aktivist\u00e9 na \u0161kol\u00e1ch? M\u00e1 rodi\u010d pr\u00e1vo rozhodnout, podle jak\u00fdch z\u00e1sad bude jeho d\u00edt\u011b vychov\u00e1v\u00e1no? Nebo pat\u0159\u00ed d\u00edt\u011b st\u00e1tu a jeho propagandistick\u00e9 ma\u0161in\u00e9rii? Kde je hranice mezi chl\u00edpnou deviac\u00ed a pokrokovou snahou bourat \u201ezastaran\u00e9 stereotypy\u201c kolem lidsk\u00e9 intimity?<\/p>\n<p>Jist\u011b, d\u00edt\u011b nem\u016f\u017ee vyr\u016fstat v&nbsp;bavlnce, v&nbsp;izolaci od \u017eivota, jak\u00fd dnes je. Je ale nutn\u00e9 mu pod nos cp\u00e1t velmi sporn\u00e9 krajn\u00ed polohy vykladu sexuality? Je spole\u010dnost ve sv\u00e9m celku srozum\u011bna s&nbsp;t\u00edm, kam jsou dnes d\u011bti na \u0161kol\u00e1ch postrk\u00e1v\u00e1ny? U\u0161kodil psychick\u00e9mu v\u00fdvoji d\u011bt\u00ed v\u00edce pohled na onanuj\u00edc\u00edho devianta, nebo \u201ev\u00fduka\u201c genderismu v&nbsp;pod\u00e1n\u00ed aktivisty kdov\u00edkolik\u00e1t\u00e9ho pohlav\u00ed v&nbsp;p\u0159evleku z&nbsp;n\u011bjak\u00e9 oplzl\u00e9 travesti show?<\/p>\n<p>Na v\u0161echny tyhle ot\u00e1zky m\u016f\u017eeme m\u00edt nejr\u016fzn\u011bj\u0161\u00ed odpov\u011bdi. Ale u\u017e ze samotn\u00e9ho faktu, \u017ee odpov\u011bdi zdaleka nejsou jednotn\u00e9, p\u0159ece plyne, \u017ee nem\u016f\u017eeme z pouze vybran\u00fdch z nich u\u010dinit pil\u00ed\u0159 st\u00e1tn\u00ed vzd\u011bl\u00e1vac\u00ed doktr\u00edny a ty ostatn\u00ed ostrakizovat coby d\u00edlo zlovoln\u00fdch agent\u016f ciz\u00edch moc\u00ed.<\/p>\n<p><em>Ladislav Jakl, 10. 10. 2024<\/em><\/p>\n<p><a href=\"https:\/\/www.institutvk.cz\/clanky\/2946.html\">Zdroj<\/a><\/p>\n","protected":false},"excerpt":{"rendered":"<p>V&nbsp;Pardubic\u00edch str\u00e1\u017en\u00edci zadr\u017eeli chovance l\u00e9\u010debn\u00e9ho za\u0159\u00edzen\u00ed, proto\u017ee pr\u00fd onanoval p\u0159ed \u0161kolou, p\u0159i\u010dem\u017e ho mohly vid\u011bt d\u011bti. P\u0159\u00edpad nyn\u00ed \u0161et\u0159\u00ed st\u00e1tn\u00ed policie, mu\u017e byl vr\u00e1cen do \u00fastavu. Vypad\u00e1 to cel\u00e9 jednodu\u0161e, ale na druh\u00fd pohled u\u017e nen\u00ed.<\/p>\n","protected":false},"author":9,"featured_media":0,"comment_status":"open","ping_status":"open","sticky":false,"template":"","format":"standard","meta":{"ngg_post_thumbnail":0,"footnotes":""},"categories":[1],"tags":[],"class_list":["post-14397","post","type-post","status-publish","format-standard","hentry","category-publikovane-clanky"],"_links":{"self":[{"href":"https:\/\/www.ladislavjakl.cz\/index.php?rest_route=\/wp\/v2\/posts\/14397","targetHints":{"allow":["GET"]}}],"collection":[{"href":"https:\/\/www.ladislavjakl.cz\/index.php?rest_route=\/wp\/v2\/posts"}],"about":[{"href":"https:\/\/www.ladislavjakl.cz\/index.php?rest_route=\/wp\/v2\/types\/post"}],"author":[{"embeddable":true,"href":"https:\/\/www.ladislavjakl.cz\/index.php?rest_route=\/wp\/v2\/users\/9"}],"replies":[{"embeddable":true,"href":"https:\/\/www.ladislavjakl.cz\/index.php?rest_route=%2Fwp%2Fv2%2Fcomments&post=14397"}],"version-history":[{"count":1,"href":"https:\/\/www.ladislavjakl.cz\/index.php?rest_route=\/wp\/v2\/posts\/14397\/revisions"}],"predecessor-version":[{"id":14398,"href":"https:\/\/www.ladislavjakl.cz\/index.php?rest_route=\/wp\/v2\/posts\/14397\/revisions\/14398"}],"wp:attachment":[{"href":"https:\/\/www.ladislavjakl.cz\/index.php?rest_route=%2Fwp%2Fv2%2Fmedia&parent=14397"}],"wp:term":[{"taxonomy":"category","embeddable":true,"href":"https:\/\/www.ladislavjakl.cz\/index.php?rest_route=%2Fwp%2Fv2%2Fcategories&post=14397"},{"taxonomy":"post_tag","embeddable":true,"href":"https:\/\/www.ladislavjakl.cz\/index.php?rest_route=%2Fwp%2Fv2%2Ftags&post=14397"}],"curies":[{"name":"wp","href":"https:\/\/api.w.org\/{rel}","templated":true}]}}