{"id":14403,"date":"2024-10-17T17:25:57","date_gmt":"2024-10-17T15:25:57","guid":{"rendered":"https:\/\/www.ladislavjakl.cz\/?p=14403"},"modified":"2024-10-17T17:25:57","modified_gmt":"2024-10-17T15:25:57","slug":"evropska-unie-je-protievropska","status":"publish","type":"post","link":"https:\/\/www.ladislavjakl.cz\/?p=14403","title":{"rendered":"Evropsk\u00e1 unie je protievropsk\u00e1"},"content":{"rendered":"<p>Evropa se mus\u00ed probudit, p\u00ed\u0161e n\u00e1\u0161 pan premi\u00e9r pro MF Dnes. Po Draghiho zpr\u00e1v\u011b, datech zve\u0159ejn\u011bn\u00fdch agenturou Bloomberg a dal\u0161\u00edch otev\u0159en\u00fdch katastrofick\u00fdch zpr\u00e1v\u00e1ch t\u0159eba o n\u011bmeck\u00e9m pr\u016fmyslu \u010di o technologick\u00e9m zaost\u00e1v\u00e1n\u00ed EU si asi i Petr Fiala, nejkonformn\u011bj\u0161\u00ed z unijn\u00edch politik\u016f, \u0159ekl, \u017ee \u201ete\u010f u\u017e se to sm\u00ed\u201c.<\/p>\n<p><!--more--><\/p>\n<p>A nejen\u017ee sm\u00ed. P\u0159ed volbami, kter\u00e9 p\u0159ijdou u\u017e za necel\u00fd rok, by se nov\u00e1 role m\u00edrn\u00e9ho kritika v&nbsp;mez\u00edch z\u00e1kona mohla hodit, kdyby t\u0159eba \u010d\u00e1st voli\u010d\u016f ztratila pam\u011b\u0165.&nbsp; A tak se n\u00e1m najednou v\u0161udemo\u017en\u011b roj\u00ed nov\u00ed state\u010dn\u00ed odv\u00e1\u017elivci, kte\u0159\u00ed se p\u0159edh\u00e1n\u011bj\u00ed a je\u0161t\u011b budou p\u0159edh\u00e1n\u011bt v&nbsp;kritice p\u0159edev\u0161\u00edm imigra\u010dn\u00ed a ekonomick\u00e9 politiky EU. V\u010dera je\u0161t\u011b za stejn\u00e1 slova jin\u00fdm nad\u00e1vali do nacionalist\u016f a dezol\u00e1t\u016f, dnes objevuj\u00ed Ameriku, jako kdyby to oni byli prvn\u00edmi, kdo za\u010dal b\u00edt na poplach.<\/p>\n<p>Ale nebu\u010fme hnidopi\u0161i, Fialova kritika je v&nbsp;z\u00e1sad\u011b spr\u00e1vn\u00e1 a p\u0159esn\u00e1 a my si o n\u00ed m\u016f\u017eeme \u0159\u00edci: sice pozd\u011b, ale p\u0159ece. Zaj\u00edmav\u00fd je toti\u017e je\u0161t\u011b jeden drobn\u00fd, okrajov\u00fd, ale symbolicky v\u00fdznamn\u00fd moment. Jak se m\u016f\u017ee probudit kontinent? Nem\u00e1 n\u00e1\u0161 pan premi\u00e9r namysli sp\u00ed\u0161e konkr\u00e9tn\u00ed organizaci EU (s rysy jednotn\u00e9ho st\u00e1tu) a jej\u00ed jednotliv\u00e9 instituce?<\/p>\n<p>Je to docela b\u011b\u017en\u00fd a ust\u00e1len\u00fd m\u00f3res. Pl\u00e9st si EU s&nbsp;kontinentem zvan\u00fdm Evropa. Jen\u017ee ono nejde o pleten\u00ed, ale o propagandu. Kdy\u017e o n\u011bkom, kdo si dovol\u00ed b\u00fdt kritick\u00fd ke konkr\u00e9tn\u00edmu zp\u016fsobu integrace, brusel\u0161t\u00ed unifik\u00e1to\u0159i a centraliz\u00e1to\u0159i prohl\u00e1s\u00ed, \u017ee je protiunijn\u00ed (t\u0159eba za slova, jak\u00e1 nyn\u00ed po hujersk\u00e9 p\u011btiletce najednou vyslovuje i Fiala), zn\u00ed to docela nudn\u011b, technicistn\u011b a nem\u00e1 to ten n\u00e1boj. Ale kdy\u017e o n\u011bkom vyk\u0159ikuj\u00ed, \u017ee je protievropsk\u00fd, pak to u\u017e zn\u00ed kr\u00e1sn\u011b agita\u010dn\u011b. Pak u\u017e to m\u00e1 zvuk, skoro jako kdy\u017e o n\u011bkom prohl\u00e1s\u00edte, \u017ee je proti samotn\u00e9 lidsk\u00e9 civilizaci.<\/p>\n<p>N\u00e1lepku \u201eprotievropskosti\u201c lze n\u011bkomu p\u0159isuzovat velmi jednodu\u0161e, a vlastn\u011b n\u011bkdy i docela bizarn\u011b. T\u0159eba p\u0159ed takov\u00fdmi osmi lety (a ob\u010das i dodnes) byla atributem evropanstv\u00ed snaha m\u00edt Evropu co nejv\u00edce africkou a arabskou. A pokud m\u00e1te k&nbsp;bezhlav\u00e9mu poafri\u010dt\u011bn\u00ed a poarab\u0161t\u011bn\u00ed n\u011bjak\u00e9 v\u00fdhrady, pak jste protievrop\u0161t\u00ed. Ano, a\u017e tak jednoduch\u00e9 to je.&nbsp; Chcete Evropu evropskou? Pak jste protievrop\u0161t\u00ed. Chcete ji v\u00edce africkou a arabskou? Pak jste spr\u00e1vn\u00fd Evropan. Nech\u00e1pete tenhle protimluv? Pak jste tak\u00e9 protievrop\u0161t\u00ed.<\/p>\n<p>Dnes je kdekdo erudovan\u00fdm kartografem, povolan\u00fdm ur\u010dovat, kde jsou hranice na\u0161eho kontinentu a kdo do n\u011bj pat\u0159\u00ed. I mezi profesion\u00e1ly zem\u011bpisci existuj\u00ed r\u016fzn\u00e9 \u0161koly podle toho, kde vid\u00ed hranici mezi Evropou a Asi\u00ed. Nicm\u00e9n\u011b podle \u017e\u00e1dn\u00e9 z&nbsp;t\u011bchto definic nen\u00ed Evropa toto\u017en\u00e1 s&nbsp;\u00fazem\u00edm \u010dlensk\u00fdch st\u00e1t\u016f EU.<\/p>\n<p>Zato podle v\u0161ech t\u011bchto definic plat\u00ed, \u017ee prvn\u00ed \u010dty\u0159i nejv\u011bt\u0161\u00ed evropsk\u00e1 m\u011bsta se nenal\u00e9zaj\u00ed v&nbsp;\u017e\u00e1dn\u00e9m \u010dlensk\u00e9m st\u00e1t\u011b EU.&nbsp; \u017de mimo EU je nejv\u011bt\u0161\u00ed \u0159eka i nejvy\u0161\u0161\u00ed hora Evropy. Anebo jin\u00fd zaj\u00edmav\u00fd obor: mrakodrapy. Z&nbsp;prvn\u00edch deseti nejvy\u0161\u0161\u00edch evropsk\u00fdch mrakodrap\u016f je v&nbsp;EU jen jeden: ve Var\u0161av\u011b. A a\u017e \u00fapln\u011b na konci prvn\u00ed evropsk\u00e9 dvac\u00edtky najdeme dal\u0161\u00ed \u201eunijn\u00ed\u201c mrakodrap \u2013 ve Frankfurtu.<\/p>\n<p>Jasn\u011b, nejsou to \u017e\u00e1dn\u00e1 z\u00e1sadn\u00ed krit\u00e9ria, ale i z nich je patrn\u00e9, \u017ee Evropa nen\u00ed EU a EU nen\u00ed Evropa. A \u017ee vrcholn\u00ed funkcion\u00e1\u0159i Evropsk\u00e9 unie nemaj\u00ed na Evropu \u017e\u00e1dn\u00fd monopol. \u017de nejsou \u017e\u00e1dn\u00fdmi \u201emajiteli\u201c Evropy.<\/p>\n<p>A brzo nebudou ani majiteli Evropsk\u00e9 unie.<\/p>\n<p><em>Ladislav Jakl, 17. 10. 2024&nbsp; &nbsp; &nbsp; &nbsp;<\/em><\/p>\n<p><a href=\"https:\/\/www.institutvk.cz\/clanky\/2952.html\">Zdroj<\/a><\/p>\n","protected":false},"excerpt":{"rendered":"<p>Evropa se mus\u00ed probudit, p\u00ed\u0161e n\u00e1\u0161 pan premi\u00e9r pro MF Dnes. Po Draghiho zpr\u00e1v\u011b, datech zve\u0159ejn\u011bn\u00fdch agenturou Bloomberg a dal\u0161\u00edch otev\u0159en\u00fdch katastrofick\u00fdch zpr\u00e1v\u00e1ch t\u0159eba o n\u011bmeck\u00e9m pr\u016fmyslu \u010di o technologick\u00e9m zaost\u00e1v\u00e1n\u00ed EU si asi i Petr Fiala, nejkonformn\u011bj\u0161\u00ed z unijn\u00edch politik\u016f, \u0159ekl, \u017ee \u201ete\u010f u\u017e se to sm\u00ed\u201c.<\/p>\n","protected":false},"author":9,"featured_media":0,"comment_status":"open","ping_status":"open","sticky":false,"template":"","format":"standard","meta":{"ngg_post_thumbnail":0,"footnotes":""},"categories":[1],"tags":[],"class_list":["post-14403","post","type-post","status-publish","format-standard","hentry","category-publikovane-clanky"],"_links":{"self":[{"href":"https:\/\/www.ladislavjakl.cz\/index.php?rest_route=\/wp\/v2\/posts\/14403","targetHints":{"allow":["GET"]}}],"collection":[{"href":"https:\/\/www.ladislavjakl.cz\/index.php?rest_route=\/wp\/v2\/posts"}],"about":[{"href":"https:\/\/www.ladislavjakl.cz\/index.php?rest_route=\/wp\/v2\/types\/post"}],"author":[{"embeddable":true,"href":"https:\/\/www.ladislavjakl.cz\/index.php?rest_route=\/wp\/v2\/users\/9"}],"replies":[{"embeddable":true,"href":"https:\/\/www.ladislavjakl.cz\/index.php?rest_route=%2Fwp%2Fv2%2Fcomments&post=14403"}],"version-history":[{"count":1,"href":"https:\/\/www.ladislavjakl.cz\/index.php?rest_route=\/wp\/v2\/posts\/14403\/revisions"}],"predecessor-version":[{"id":14404,"href":"https:\/\/www.ladislavjakl.cz\/index.php?rest_route=\/wp\/v2\/posts\/14403\/revisions\/14404"}],"wp:attachment":[{"href":"https:\/\/www.ladislavjakl.cz\/index.php?rest_route=%2Fwp%2Fv2%2Fmedia&parent=14403"}],"wp:term":[{"taxonomy":"category","embeddable":true,"href":"https:\/\/www.ladislavjakl.cz\/index.php?rest_route=%2Fwp%2Fv2%2Fcategories&post=14403"},{"taxonomy":"post_tag","embeddable":true,"href":"https:\/\/www.ladislavjakl.cz\/index.php?rest_route=%2Fwp%2Fv2%2Ftags&post=14403"}],"curies":[{"name":"wp","href":"https:\/\/api.w.org\/{rel}","templated":true}]}}