{"id":14422,"date":"2024-10-31T11:03:59","date_gmt":"2024-10-31T10:03:59","guid":{"rendered":"https:\/\/www.ladislavjakl.cz\/?p=14422"},"modified":"2024-10-31T11:05:06","modified_gmt":"2024-10-31T10:05:06","slug":"l-jakl-pro-parlamentni-listy-obscenni-exhibicionismus-za-verejne-penize","status":"publish","type":"post","link":"https:\/\/www.ladislavjakl.cz\/?p=14422","title":{"rendered":"L. Jakl pro Parlamentn\u00ed listy: Obsc\u00e9nn\u00ed exhibicionismus za ve\u0159ejn\u00e9 pen\u00edze?"},"content":{"rendered":"<p><strong>\u010cesk\u00e1 televize se sna\u017e\u00ed v\u00edcem\u00e9n\u011b dr\u017eet v kolej\u00edch ve\u0159ejnopr\u00e1vnosti, ale \u010cRo se s podcasty \u00fapln\u011b utrhnul. Kdy\u017e se pod\u00edv\u00e1me na jeden z nich s n\u00e1zvem Slast, nov\u00fd podcast Lindy Barto\u0161ov\u00e9 na Radiu Wave, co\u017e je celoplo\u0161n\u00e1 stanice \u010cRo, plat\u00ed o n\u011bm to P\u016frovo ozna\u010den\u00ed za utr\u017een\u00ed ze \u0159et\u011bzu? Nebo takov\u00e9 po\u0159ady maj\u00ed m\u00edt ve ve\u0159ejnopr\u00e1vn\u00edm vys\u00edl\u00e1n\u00ed sv\u00e9 m\u00edsto?<\/strong><\/p>\n<p><!--more--><\/p>\n<p>Takov\u00e1 aktivita by byla velmi sporn\u00e1 i na priv\u00e1tn\u00ed p\u016fd\u011b. Ale za pen\u00edze poplatn\u00edk\u016f se podle v\u0161ech srozumiteln\u00fdch princip\u016f sm\u00ed provozovat jen aktivity v univerz\u00e1ln\u00edm ve\u0159ejn\u00e9m z\u00e1jmu. A tady jde sp\u00ed\u0161e nejen o obsc\u00e9nn\u00ed exhibicionismus, ale i o defraudaci sv\u00e9ho druhu.<\/p>\n<p><strong>Z\u00e1kon o \u010cRo prav\u00ed, \u017ee hlavn\u00edmi \u00fakoly ve\u0159ejn\u00e9 slu\u017eby v oblasti rozhlasov\u00e9ho vys\u00edl\u00e1n\u00ed je vytv\u00e1\u0159en\u00ed a \u0161\u00ed\u0159en\u00ed program\u016f a poskytov\u00e1n\u00ed vyv\u00e1\u017een\u00e9 nab\u00eddky po\u0159ad\u016f pro v\u0161echny skupiny obyvatel se z\u0159etelem na svobodu jejich n\u00e1bo\u017eensk\u00e9 v\u00edry a p\u0159esv\u011bd\u010den\u00ed, kulturu, etnick\u00fd nebo n\u00e1rodnostn\u00ed p\u016fvod, n\u00e1rodn\u00ed toto\u017enost, soci\u00e1ln\u00ed p\u016fvod, v\u011bk nebo pohlav\u00ed tak, aby tyto programy a po\u0159ady odr\u00e1\u017eely rozmanitost n\u00e1zor\u016f a politick\u00fdch, n\u00e1bo\u017eensk\u00fdch, filozofick\u00fdch a um\u011bleck\u00fdch sm\u011br\u016f, a to s c\u00edlem pos\u00edlit vz\u00e1jemn\u00e9 porozum\u011bn\u00ed a toleranci a podporovat soudr\u017enost pluralitn\u00ed spole\u010dnosti. Je t\u00edmto od\u016fvodniteln\u00fd pravideln\u00fd po\u0159ad o svobod\u011b a intimit\u011b mlad\u00fdch \u017een ve ve\u0159ejnopr\u00e1vn\u00edm vys\u00edl\u00e1n\u00ed? <\/strong><\/p>\n<p>V pr\u00e1vu soukrom\u00e9m plat\u00ed princip &#8222;co nen\u00ed zak\u00e1z\u00e1no, to je dovoleno&#8220;. V pr\u00e1vu ve\u0159ejn\u00e9m (a tedy i u v\u0161ech ve\u0159ejn\u00fdch instituc\u00ed) je to p\u0159esn\u011b naopak. \u017d\u00e1dn\u00e1 z\u00e1konem z\u0159\u00edzen\u00e1 instituce nesm\u00ed d\u011blat nic jin\u00e9ho, ne\u017e co j\u00ed bylo ulo\u017eeno jako \u00fakol. Ne \u017ee si bude \u00fakoly sama vym\u00fd\u0161let, a pak natahovat ruku k poplatn\u00edkovi, aby p\u0159isypal. To by si mohli v t\u011bch instituc\u00edch \u0159\u00edci, \u017ee bezva t\u00e9ma je vnit\u0159n\u00ed sv\u011bt pedofila. A za na\u0161e pen\u00edze by n\u00e1m vysv\u011btlovali, \u017ee pedofil holt jen m\u00e1 r\u00e1d d\u011bti.<\/p>\n<p><strong>Je patrn\u00e9, \u017ee div\u00e1ci a poslucha\u010di by byli ochotni koncesion\u00e1\u0159sk\u00e9 poplatky platit, pokud by z nich byly hrazeny zpravodajsk\u00e9, publicistick\u00e9 a vzd\u011bl\u00e1vac\u00ed \u010di nau\u010dn\u00e9 po\u0159ady. \u010cT a \u010cRo se ov\u0161em staly molochy se spoustou stanic. Pro\u010d nen\u00ed politicky pr\u016fchoz\u00ed zru\u0161it stanice, kter\u00e9 maj\u00ed komer\u010dn\u00ed charakter a z rozpo\u010dtu \u010cT a \u010cRo od\u010derp\u00e1vaj\u00ed sumy na zaji\u0161t\u011bn\u00ed licenc\u00ed na sportovn\u00ed p\u0159enosy a vlastn\u00ed tvorbu, kter\u00e1 sest\u00e1v\u00e1 z po\u0159ad\u016f jako Star Dance, Pe\u010de cel\u00e9 \u010cesko \u010di genderov\u011b neutr\u00e1ln\u00edch poh\u00e1dek?<\/strong><\/p>\n<p>Proto\u017ee si tyhle instituce z\u00edskaly zast\u00e1nce mezi politiky. Je to vlastn\u011b jist\u00e1 forma obchodu, nebo tak\u00e9 korupce, chcete-li. My ti d\u00e1me prostor ve vys\u00edl\u00e1n\u00ed, ty nad n\u00e1mi dr\u017e ochrannou ruku. V\u011bc m\u00e1 ale je\u0161t\u011b jeden rozm\u011br. Sv\u00fdmi aktivitami ryze komer\u010dn\u00edho charakteru ob\u011b instituce &#8222;lezou do zel\u00ed&#8220; soukrom\u00fdm r\u00e1di\u00edm a televiz\u00edm a vytv\u00e1\u0159ej\u00ed jim nekalou, proto\u017ee masivn\u011b zv\u00fdhodn\u011bnou a dotovanou konkurenci.<\/p>\n<p><strong>Vl\u00e1dn\u00ed koalice po \u00fatern\u00edm nezdaru pokro\u010dit ve schvalov\u00e1n\u00ed zv\u00fd\u0161en\u00ed poplatku pro \u010cT na 150 korun za m\u011bs\u00edc a \u010cRo na 55 korun chce pokus zopakovat u\u017e ve \u010dtvrtek. V \u010dem vid\u00edte jej\u00ed motivaci bez jak\u00e9koli anal\u00fdzy hospoda\u0159en\u00ed obou m\u00e9di\u00ed jim takto p\u0159ilep\u0161it, pokud nevezmeme v potaz j\u00edzliv\u00e9 koment\u00e1\u0159e typu, \u017ee si koalice chce p\u0159edplatit z pen\u011bz ob\u010dan\u016f volebn\u00ed kampa\u0148 pro \u0159\u00edjen 2025?<\/strong><\/p>\n<p>Anebo to u\u017e vl\u00e1dn\u00ed politici sl\u00edbili, podporu z Vinohradsk\u00e9 a z Kav\u010d\u00edch hor u\u017e zkonzumovali, a te\u010f se boj\u00ed &#8222;sankce&#8220;, kdyby slib nesplnili a vy\u0161\u0161\u00ed p\u0159\u00edjem z poplatk\u016f neprosadili. Sankce by mohla vypadat jako konec nadr\u017eov\u00e1n\u00ed.<\/p>\n<p>&nbsp;<\/p>\n<p>Ji\u0159\u00ed Hron\u00edk, Parlamentn\u00ed listy<\/p>\n","protected":false},"excerpt":{"rendered":"<p>\u010cesk\u00e1 televize se sna\u017e\u00ed v\u00edcem\u00e9n\u011b dr\u017eet v kolej\u00edch ve\u0159ejnopr\u00e1vnosti, ale \u010cRo se s podcasty \u00fapln\u011b utrhnul. Kdy\u017e se pod\u00edv\u00e1me na jeden z nich s n\u00e1zvem Slast, nov\u00fd podcast Lindy Barto\u0161ov\u00e9 na Radiu Wave, co\u017e je celoplo\u0161n\u00e1 stanice \u010cRo, plat\u00ed o n\u011bm to P\u016frovo ozna\u010den\u00ed za utr\u017een\u00ed ze \u0159et\u011bzu? Nebo takov\u00e9 po\u0159ady maj\u00ed m\u00edt ve ve\u0159ejnopr\u00e1vn\u00edm [&hellip;]<\/p>\n","protected":false},"author":9,"featured_media":0,"comment_status":"open","ping_status":"open","sticky":false,"template":"","format":"standard","meta":{"ngg_post_thumbnail":0,"footnotes":""},"categories":[13],"tags":[],"class_list":["post-14422","post","type-post","status-publish","format-standard","hentry","category-rozhovory"],"_links":{"self":[{"href":"https:\/\/www.ladislavjakl.cz\/index.php?rest_route=\/wp\/v2\/posts\/14422","targetHints":{"allow":["GET"]}}],"collection":[{"href":"https:\/\/www.ladislavjakl.cz\/index.php?rest_route=\/wp\/v2\/posts"}],"about":[{"href":"https:\/\/www.ladislavjakl.cz\/index.php?rest_route=\/wp\/v2\/types\/post"}],"author":[{"embeddable":true,"href":"https:\/\/www.ladislavjakl.cz\/index.php?rest_route=\/wp\/v2\/users\/9"}],"replies":[{"embeddable":true,"href":"https:\/\/www.ladislavjakl.cz\/index.php?rest_route=%2Fwp%2Fv2%2Fcomments&post=14422"}],"version-history":[{"count":2,"href":"https:\/\/www.ladislavjakl.cz\/index.php?rest_route=\/wp\/v2\/posts\/14422\/revisions"}],"predecessor-version":[{"id":14424,"href":"https:\/\/www.ladislavjakl.cz\/index.php?rest_route=\/wp\/v2\/posts\/14422\/revisions\/14424"}],"wp:attachment":[{"href":"https:\/\/www.ladislavjakl.cz\/index.php?rest_route=%2Fwp%2Fv2%2Fmedia&parent=14422"}],"wp:term":[{"taxonomy":"category","embeddable":true,"href":"https:\/\/www.ladislavjakl.cz\/index.php?rest_route=%2Fwp%2Fv2%2Fcategories&post=14422"},{"taxonomy":"post_tag","embeddable":true,"href":"https:\/\/www.ladislavjakl.cz\/index.php?rest_route=%2Fwp%2Fv2%2Ftags&post=14422"}],"curies":[{"name":"wp","href":"https:\/\/api.w.org\/{rel}","templated":true}]}}