{"id":14425,"date":"2024-10-31T18:48:02","date_gmt":"2024-10-31T17:48:02","guid":{"rendered":"https:\/\/www.ladislavjakl.cz\/?p=14425"},"modified":"2024-10-31T18:49:25","modified_gmt":"2024-10-31T17:49:25","slug":"odpad-a-kanec","status":"publish","type":"post","link":"https:\/\/www.ladislavjakl.cz\/?p=14425","title":{"rendered":"Odpad a kanec"},"content":{"rendered":"<p>Za p\u00e1r dn\u016f vypuknou v USA prezidentsk\u00e9 volby. Miliony Ameri\u010dan\u016f u\u017e odvolily koresponden\u010dn\u011b v minul\u00fdch t\u00fddnech, ale v\u011bt\u0161ina hlas\u016f bude rozd\u00e1na a\u017e nyn\u00ed.<br \/>\n<!--more--><\/p>\n<p>A jak u\u017e to b\u00fdv\u00e1 p\u0159i ka\u017ed\u00fdch volb\u00e1ch v ka\u017ed\u00e9 dob\u011b a v ka\u017ed\u00e9 zemi, na posledn\u00ed chv\u00edli kampa\u0148 p\u0159iost\u0159uje. V USA oleje do ohn\u011b p\u0159ilil v\u00fdrok dosavadn\u00edho prezidenta Bidena, kter\u00fd republik\u00e1nsk\u00e9 voli\u010de p\u0159irovnal k lidsk\u00e9mu odpadu. Ani nemusel do\u0159\u00edk\u00e1vat, jak by se s takov\u00fdm odpadem m\u011blo nalo\u017eit. Jestli jinak ne\u017e s odpadem komun\u00e1ln\u00edm \u010di pr\u016fmyslov\u00fdm.<\/p>\n<p>Volebn\u00ed \u0161t\u00e1b Kamaly Harrisov\u00e9 mu asi moc nepod\u011bkoval, proto\u017ee cel\u00e1 \u010dty\u0159m\u011bs\u00ed\u010dn\u00ed kampa\u0148 t\u00e9to kandid\u00e1tky byla postavena na tom, \u017ee s Bidenem vlastn\u011b Harrisov\u00e1 nem\u00e1 nic spole\u010dn\u00e9ho, a\u010d mu byla po \u010dty\u0159i roky viceprezidentkou a vl\u00e1dla spolu s n\u00edm. Ostatn\u011b, nejen v tom je Harrisov\u00e1 origin\u00e1ln\u00ed, v\u017edy\u0165, jej\u00ed kandidatura pop\u0159ela letit\u00e9 nem\u011bnn\u00e9 pravidlo, \u017ee k tomu, aby se v USA stal n\u011bkdo prezidentsk\u00fdm kandid\u00e1tem za jednu z dvou hlavn\u00edch politick\u00fdch stran, mus\u00ed vyhr\u00e1t prim\u00e1rn\u00ed volby.<\/p>\n<p>Tyto \u0159\u00e1dky ale prim\u00e1rn\u011b nem\u00ed\u0159\u00ed k vyost\u0159en\u00e9 p\u0159edvolebn\u00ed kampani v USA. Drasticky vyhecovan\u00fd politick\u00fd st\u0159et ostatn\u011b vid\u00edme v dne\u0161n\u00ed dob\u011b v mnoha dal\u0161\u00edch zem\u00edch. D\u016fle\u017eit\u011bj\u0161\u00ed je, co takov\u00fd politick\u00fd st\u0159et d\u011bl\u00e1 se spole\u010dnost\u00ed a s mezilidsk\u00fdmi vztahy.<\/p>\n<p>Hodn\u011b autor\u016f se v minul\u00fdch osmi letech v USA v\u011bnovalo tomu, jak se politick\u00e9 rozep\u0159e staly jednou ze statisticky ud\u00e1van\u00fdch v\u00fdznamn\u00fdch p\u0159\u00ed\u010din rozvod\u016f. Hysterick\u00e1 spole\u010densk\u00e1 atmosf\u00e9ra, kter\u00e1 rozlept\u00e1v\u00e1 rodiny, letit\u00e1 p\u0159\u00e1telstv\u00ed \u010di vztahy na pracovi\u0161ti panuje tak\u00e9 ve Francii, v N\u011bmecku, v Polsku, ale t\u0159eba i u n\u00e1s.<\/p>\n<p>A nejde jen o politiku v u\u017e\u0161\u00edm slova smyslu. Jde i o jin\u00e1 aktu\u00e1ln\u00ed spole\u010densk\u00e1 t\u00e9mata. T\u0159eba o probl\u00e9m masov\u00e9 migrace, o genderovou ideologii \u010di klimatickou agendu. I kv\u016fli tomu se navz\u00e1jem \u0161krt\u00ed t\u0159eba \u010dlenov\u00e9 stejn\u00e9ho sboru dobrovoln\u00fdch hasi\u010d\u016f. Nebo je\u0161t\u011b ned\u00e1vno se sourozenci, d\u011bti s rodi\u010di, nejlep\u0161\u00ed kamar\u00e1di \u010di kolegov\u00e9 ve zl\u00e9m a skoro \u201enav\u017edy\u201c rozch\u00e1zeli kv\u016fli odli\u0161n\u00e9mu n\u00e1zoru na kovidov\u00e9 restrikce a lockdowny.<\/p>\n<p>To u\u017e \u010dlov\u011bk \u010dast\u011bji vid\u00ed sed\u011bt spolu u stolu vypjat\u00e9ho fandu Slavie se spar\u0165anem a\u017e za hrob, ne\u017e aby za\u017eil klidnou komunikaci kolem n\u011bkter\u00e9ho z t\u00e9mat, nastolen\u00e9ho na\u0161imi m\u00e9dii hlavn\u00edho proudu coby ta, o kter\u00fdch pr\u00fd m\u00e1me mluvit. A \u010dasto jde p\u0159itom o t\u00e9mata, kter\u00e1 se na\u0161ich \u017eivot\u016f dot\u00fdkaj\u00ed jen vzd\u00e1len\u011b.<\/p>\n<p>Snadno zapom\u00edn\u00e1me na to, \u017ee toho navz\u00e1jem m\u00e1me spole\u010dn\u00e9ho mnohem v\u00edce, ne\u017e se zd\u00e1. Spole\u010dn\u00e9 zku\u0161enosti, pov\u011bdom\u00ed o sv\u011bt\u011b, zvyky, oby\u010deje a tradice, p\u0159\u00edb\u011bhy, vzpom\u00ednky. Faktem je, \u017ee a\u010d bitka kolem z\u00e1sadn\u00edho t\u00e9matu, jestli je kanec lep\u0161\u00ed se zel\u00edm, \u010di s \u0161\u00edpkovou om\u00e1\u010dkou, je tak\u00e9 docela p\u0159edstaviteln\u00e1, devades\u00e1t dev\u011bt procent situac\u00ed, pro\u017eitk\u016f, post\u0159eh\u016f, dojm\u016f, kter\u00e9 vst\u0159eb\u00e1v\u00e1me v pr\u016fb\u011bhu v\u0161edn\u00edch dn\u00ed, je ohledn\u011b sv\u00e9 t\u0159askavosti docela impotentn\u00edch.<\/p>\n<p>Ach ne, neobch\u00e1zejme hork\u00e1 aktu\u00e1ln\u00ed t\u00e9mata v b\u00e1zni, aby se to n\u00e1hodou n\u011bkoho odvedle nedotklo. Takhle nelze \u017e\u00edt. Ale nen\u00ed nutn\u00e9 ze sporu kolem situace v Siamsk\u00e9m z\u00e1livu d\u011blat n\u00e1m\u011bt pro nesmi\u0159iteln\u00fd konflikt lid\u00ed, kte\u0159\u00ed by se bez probl\u00e9mu shodli i na p\u0159\u00edloze k divo\u010din\u011b.<\/p>\n<p>T\u00e9mata, kter\u00e1 jsou n\u00e1m vnucov\u00e1na medi\u00e1ln\u00edm prost\u0159ed\u00edm, nemohou okupovat cel\u00fd n\u00e1\u0161 osobn\u00ed intimn\u00ed, d\u016fv\u011brn\u00fd, mezilidsk\u00fd prostor. Maj\u00ed m\u00edt sv\u00e9 p\u0159im\u011b\u0159en\u00e9 m\u00edsto. Ale ne monopol.<\/p>\n<p>Jinak to tu nikdo nep\u0159e\u017eije.<\/p>\n<p>ps\u00e1no pro IVK<\/p>\n<p>Zdroj:&nbsp;<a href=\"https:\/\/blog.idnes.cz\/jakl\/odpad-a-kanec.Bg24100783\">https:\/\/blog.idnes.cz\/jakl\/odpad-a-kanec.Bg24100783<\/a><\/p>\n","protected":false},"excerpt":{"rendered":"<p>Za p\u00e1r dn\u016f vypuknou v USA prezidentsk\u00e9 volby. Miliony Ameri\u010dan\u016f u\u017e odvolily koresponden\u010dn\u011b v minul\u00fdch t\u00fddnech, ale v\u011bt\u0161ina hlas\u016f bude rozd\u00e1na a\u017e nyn\u00ed.<\/p>\n","protected":false},"author":9,"featured_media":0,"comment_status":"open","ping_status":"open","sticky":false,"template":"","format":"standard","meta":{"ngg_post_thumbnail":0,"footnotes":""},"categories":[1],"tags":[],"class_list":["post-14425","post","type-post","status-publish","format-standard","hentry","category-publikovane-clanky"],"_links":{"self":[{"href":"https:\/\/www.ladislavjakl.cz\/index.php?rest_route=\/wp\/v2\/posts\/14425","targetHints":{"allow":["GET"]}}],"collection":[{"href":"https:\/\/www.ladislavjakl.cz\/index.php?rest_route=\/wp\/v2\/posts"}],"about":[{"href":"https:\/\/www.ladislavjakl.cz\/index.php?rest_route=\/wp\/v2\/types\/post"}],"author":[{"embeddable":true,"href":"https:\/\/www.ladislavjakl.cz\/index.php?rest_route=\/wp\/v2\/users\/9"}],"replies":[{"embeddable":true,"href":"https:\/\/www.ladislavjakl.cz\/index.php?rest_route=%2Fwp%2Fv2%2Fcomments&post=14425"}],"version-history":[{"count":3,"href":"https:\/\/www.ladislavjakl.cz\/index.php?rest_route=\/wp\/v2\/posts\/14425\/revisions"}],"predecessor-version":[{"id":14428,"href":"https:\/\/www.ladislavjakl.cz\/index.php?rest_route=\/wp\/v2\/posts\/14425\/revisions\/14428"}],"wp:attachment":[{"href":"https:\/\/www.ladislavjakl.cz\/index.php?rest_route=%2Fwp%2Fv2%2Fmedia&parent=14425"}],"wp:term":[{"taxonomy":"category","embeddable":true,"href":"https:\/\/www.ladislavjakl.cz\/index.php?rest_route=%2Fwp%2Fv2%2Fcategories&post=14425"},{"taxonomy":"post_tag","embeddable":true,"href":"https:\/\/www.ladislavjakl.cz\/index.php?rest_route=%2Fwp%2Fv2%2Ftags&post=14425"}],"curies":[{"name":"wp","href":"https:\/\/api.w.org\/{rel}","templated":true}]}}