{"id":14441,"date":"2024-11-06T18:03:47","date_gmt":"2024-11-06T17:03:47","guid":{"rendered":"https:\/\/www.ladislavjakl.cz\/?p=14441"},"modified":"2024-11-06T18:03:47","modified_gmt":"2024-11-06T17:03:47","slug":"jakl-meli-jsme-u-donalda-trumpa-jeden-velky-bonus-ale-nyni-jsme-o-nej-prisli","status":"publish","type":"post","link":"https:\/\/www.ladislavjakl.cz\/?p=14441","title":{"rendered":"Jakl: M\u011bli jsme u Donalda Trumpa jeden velk\u00fd bonus, ale nyn\u00ed jsme o n\u011bj p\u0159i\u0161li"},"content":{"rendered":"<p>Donald Trump se po \u010dty\u0159ech letech vr\u00e1t\u00ed do B\u00edl\u00e9ho domu. P\u0159ekonal hranici nezbytn\u00fdch 270 volitel\u016f a porazil demokratku Kamalu Harrisovou. \u201eSnad Pavl\u016fv loutkovodi\u010d Kol\u00e1\u0159 nevyhl\u00e1s\u00ed Americe v\u00e1lku,\u201d \u017eertuje v rozhovoru pro ne\u010cT24 publicista a b\u00fdval\u00fd tajemn\u00edk prezidenta Klause Ladislav Jakl.<\/p>\n<p><img loading=\"lazy\" decoding=\"async\" class=\"alignnone size-medium wp-image-14435\" src=\"https:\/\/www.ladislavjakl.cz\/wp-content\/uploads\/2024\/11\/Williston-Severni-Dakota-USA-2024-264x198.jpg\" alt=\"\" width=\"264\" height=\"198\" srcset=\"https:\/\/www.ladislavjakl.cz\/wp-content\/uploads\/2024\/11\/Williston-Severni-Dakota-USA-2024-264x198.jpg 264w, https:\/\/www.ladislavjakl.cz\/wp-content\/uploads\/2024\/11\/Williston-Severni-Dakota-USA-2024-768x576.jpg 768w, https:\/\/www.ladislavjakl.cz\/wp-content\/uploads\/2024\/11\/Williston-Severni-Dakota-USA-2024.jpg 800w\" sizes=\"auto, (max-width: 264px) 100vw, 264px\" \/><br \/>\n<!--more--><\/p>\n<p><b>Co si mysl\u00edte o v\u00edt\u011bzstv\u00ed Donalda Trumpa? P\u0159ekvapil V\u00e1s takov\u00fd jednozna\u010dn\u00fd v\u00fdsledek?<\/b><\/p>\n<p><b>Ladislav Jakl<\/b>: Toto v\u00edt\u011bzstv\u00ed je v\u00fdsledkem vzpoury oby\u010dejn\u00fdch poctiv\u00fdch Ameri\u010dan\u016f, kte\u0159\u00ed u\u017e maj\u00ed dost divok\u00fdch soci\u00e1ln\u00edch experiment\u016f a p\u0159ej\u00ed si n\u00e1vrat k pom\u011br\u016fm, kdy ekonomika a spole\u010densk\u00e9 vztahy fungovaly norm\u00e1ln\u011b, a ne podle zvr\u00e1cen\u00fdch pl\u00e1n\u016f soci\u00e1ln\u00edch in\u017een\u00fdr\u016f. A ten v\u00fdsledek? Trumpovo v\u00edt\u011bzstv\u00ed jsem \u010dekal, ale zdaleka ne tak p\u0159esv\u011bd\u010div\u00e9.<\/p>\n<p><b>Trump ve sv\u00e9m prvn\u00edm projevu ke sv\u00fdm p\u0159\u00edznivc\u016fm po volb\u00e1ch \u0159ekl, \u017ee hodl\u00e1 \u201ev\u00e1lky neza\u010d\u00ednat, ale ukon\u010dovat\u201c. Jak\u00e9 konkr\u00e9tn\u00ed kroky by k tomu mohl podniknout?<\/b><\/p>\n<p>Sp\u00ed\u0161e jak\u00e9 podnikat nebude. Nebude v z\u00e1jmu pochybn\u00fdch sil tahat za kdekter\u00e9 glob\u00e1ln\u00ed nitky, proto\u017ee to Americe dosud p\u0159in\u00e1\u0161elo jen n\u00e1klady a ztr\u00e1ty, zat\u00edmco souvislost n\u011bkter\u00fdch silov\u00fdch mocensk\u00fdch aktivit po sv\u011bt\u011b se skute\u010dn\u00fdmi americk\u00fdmi n\u00e1rodn\u00edmi z\u00e1jmy byla jen pramal\u00e1. K postupn\u00e9mu ochladnut\u00ed n\u011bkter\u00fdch hork\u00fdch konflikt\u016f posta\u010d\u00ed, kdy\u017e Amerika coby sv\u011btov\u00fd hr\u00e1\u010d \u010d\u00edslo jedna p\u0159estane horliv\u011b p\u0159il\u00e9vat olej do kdejak\u00e9ho lok\u00e1ln\u00edho sporu.<\/p>\n<p><b>Jak ovlivn\u00ed Trumpovo v\u00edt\u011bzstv\u00ed evropskou politiku? Odraz\u00ed se i v parlamentn\u00edch volb\u00e1ch p\u0159\u00ed\u0161t\u00ed rok?<\/b><\/p>\n<p>Mysl\u00edm, \u017ee tak moc neovlivn\u00ed. Siln\u00e9 vlivov\u00e9 progresivistick\u00e9 skupiny s americk\u00fdmi ko\u0159eny budou v Evrop\u011b p\u016fsobit i nad\u00e1le, i bez ofici\u00e1ln\u00edho kryt\u00ed americkou vl\u00e1dou. Bruselsk\u00fd re\u017eim to ale nyn\u00ed ur\u010dit\u011b bude m\u00edt t\u011b\u017e\u0161\u00ed s potla\u010dov\u00e1n\u00edm svobody slova. Daleko v\u00edce Trumpovo v\u00edt\u011bzstv\u00ed ovlivn\u00ed evropskou ekonomiku, l\u00e9pe \u0159e\u010deno ekonomiku evropsk\u00fdch zem\u00ed. Ameri\u010dan\u00e9 v obchodn\u00ed politice zcela ur\u010dit\u011b p\u0159itvrd\u00ed, co\u017e m\u016f\u017ee p\u0159er\u016fst a\u017e v celn\u00ed v\u00e1lku.<\/p>\n<p><b>Okol\u00ed prezidenta Pavla se nevyjad\u0159ovalo o Donaldu Trumpovi p\u0159\u00edli\u0161 diplomaticky. S\u00e1m Petr Pavel je\u0161t\u011b jako prezidentsk\u00fd kandid\u00e1t ozna\u010dil Trumpa za \u201eodpudivou lidskou bytost\u201d, kter\u00e9 by nepodal ruku. M\u016f\u017ee toto ovlivnit \u010desko-americk\u00e9 vztahy?<\/b><\/p>\n<p>Nejsem si jist, \u017ee USA tu\u0161\u00ed, \u017ee maj\u00ed n\u011bjak\u00e9 vztahy s n\u011bjakou \u010ceskou republikou. Sv\u011btov\u00e1 sc\u00e9na je obydlena r\u016fzn\u00fdmi exoty s hodn\u011b v\u00fdst\u0159edn\u00edmi v\u00fdroky. Ameri\u010dan\u00e9 v\u017edy v\u011bd\u011bli, \u017ee n\u011bkdy je t\u0159eba jednat i s podivn\u00fdmi plukovn\u00edky a gener\u00e1ly \u010di kanibaly. My jsme ale m\u011bli u staronov\u00e9ho americk\u00e9ho prezidenta jeden velk\u00fd bonus: Donald Trump zde m\u00e1 siln\u00e9 osobn\u00ed a rodinn\u00e9 vazby (co\u017e se m\u00e9di\u00edm hlavn\u00edho proudu da\u0159\u00ed t\u00e9m\u011b\u0159 utajovat). A o tento bonus jsme nyn\u00ed asi p\u0159i\u0161li. No, snad Pavl\u016fv loutkovodi\u010d Kol\u00e1\u0159 nevyhl\u00e1s\u00ed Americe v\u00e1lku, kdy\u017e t\u011bsn\u011b p\u0159ed volbami v souvislosti s Trumpem prohl\u00e1sil, \u017ee pokud by se americk\u00fd prezident sunul sm\u011brem k autokratick\u00e9mu vl\u00e1dnut\u00ed, m\u011bli by Ameri\u010dan\u00e9 vz\u00edt do rukou zbran\u011b a sm\u00e9st ho. Star\u00fd vtip hovo\u0159\u00ed o tom, pro\u010d v USA nikdy nem\u016f\u017ee prob\u011bhnout barevn\u00e1 revoluce. Proto\u017ee tam nemaj\u00ed americkou ambas\u00e1du. T\u0159eba k tomu Kol\u00e1\u0159 s Pavlem pou\u017eij\u00ed tu \u010deskou. No, asi bych na toto t\u00e9ma nem\u011bl \u017eertovat, tihle gener\u00e1lov\u00e9 by to mohli vz\u00edt v\u00e1\u017en\u011b.<\/p>\n<p><b>D\u011bkujeme za rozhovor!<\/b><\/p>\n<p><a href=\"https:\/\/42tcen.com\/entry\/jakl-meli-jsme-u-donalda-trumpa-jeden-velky-bonus-ale-nyni-jsme-o-nej-prisli\">Zdroj<\/a><\/p>\n","protected":false},"excerpt":{"rendered":"<p>Donald Trump se po \u010dty\u0159ech letech vr\u00e1t\u00ed do B\u00edl\u00e9ho domu. P\u0159ekonal hranici nezbytn\u00fdch 270 volitel\u016f a porazil demokratku Kamalu Harrisovou. \u201eSnad Pavl\u016fv loutkovodi\u010d Kol\u00e1\u0159 nevyhl\u00e1s\u00ed Americe v\u00e1lku,\u201d \u017eertuje v rozhovoru pro ne\u010cT24 publicista a b\u00fdval\u00fd tajemn\u00edk prezidenta Klause Ladislav Jakl.<\/p>\n","protected":false},"author":9,"featured_media":0,"comment_status":"open","ping_status":"open","sticky":false,"template":"","format":"standard","meta":{"ngg_post_thumbnail":0,"footnotes":""},"categories":[1],"tags":[],"class_list":["post-14441","post","type-post","status-publish","format-standard","hentry","category-publikovane-clanky"],"_links":{"self":[{"href":"https:\/\/www.ladislavjakl.cz\/index.php?rest_route=\/wp\/v2\/posts\/14441","targetHints":{"allow":["GET"]}}],"collection":[{"href":"https:\/\/www.ladislavjakl.cz\/index.php?rest_route=\/wp\/v2\/posts"}],"about":[{"href":"https:\/\/www.ladislavjakl.cz\/index.php?rest_route=\/wp\/v2\/types\/post"}],"author":[{"embeddable":true,"href":"https:\/\/www.ladislavjakl.cz\/index.php?rest_route=\/wp\/v2\/users\/9"}],"replies":[{"embeddable":true,"href":"https:\/\/www.ladislavjakl.cz\/index.php?rest_route=%2Fwp%2Fv2%2Fcomments&post=14441"}],"version-history":[{"count":1,"href":"https:\/\/www.ladislavjakl.cz\/index.php?rest_route=\/wp\/v2\/posts\/14441\/revisions"}],"predecessor-version":[{"id":14442,"href":"https:\/\/www.ladislavjakl.cz\/index.php?rest_route=\/wp\/v2\/posts\/14441\/revisions\/14442"}],"wp:attachment":[{"href":"https:\/\/www.ladislavjakl.cz\/index.php?rest_route=%2Fwp%2Fv2%2Fmedia&parent=14441"}],"wp:term":[{"taxonomy":"category","embeddable":true,"href":"https:\/\/www.ladislavjakl.cz\/index.php?rest_route=%2Fwp%2Fv2%2Fcategories&post=14441"},{"taxonomy":"post_tag","embeddable":true,"href":"https:\/\/www.ladislavjakl.cz\/index.php?rest_route=%2Fwp%2Fv2%2Ftags&post=14441"}],"curies":[{"name":"wp","href":"https:\/\/api.w.org\/{rel}","templated":true}]}}