{"id":14443,"date":"2024-11-07T16:10:14","date_gmt":"2024-11-07T15:10:14","guid":{"rendered":"https:\/\/www.ladislavjakl.cz\/?p=14443"},"modified":"2024-11-07T16:10:14","modified_gmt":"2024-11-07T15:10:14","slug":"nemecky-stroj-se-zadrel","status":"publish","type":"post","link":"https:\/\/www.ladislavjakl.cz\/?p=14443","title":{"rendered":"N\u011bmeck\u00fd stroj se zad\u0159el"},"content":{"rendered":"<p>Tak n\u00e1m n\u011bmeck\u00e1 levicov\u00e1 vl\u00e1da dovl\u00e1dla. Levicovost a progresivismus bylo toti\u017e to jedin\u00e9, co m\u011bli \u010dlenov\u00e9 \u201esemaforov\u00e9\u201c koalice spole\u010dn\u00e9ho. Tak to obvykle b\u00fdv\u00e1 u koalic, kter\u00e9 se d\u00e1vaj\u00ed dohromady \u201eproti n\u011bkomu\u201c a ne na z\u00e1klad\u011b pr\u016fniku sv\u00fdch poltick\u00fdch program\u016f.<\/p>\n<p><!--more--><\/p>\n<p>Rud\u00e1 soci\u00e1ln\u00ed demokracie se pod\u00edlela t\u00e9m\u011b\u0159 na v\u0161ech pov\u00e1le\u010dn\u00fdch vl\u00e1d\u00e1ch. M\u00edvala ve sv\u00e9m st\u0159edu siln\u00e9 osobnosti a \u010derpala z mohutn\u00e9 podpory odbor\u016f. V\u0161ak tak\u00e9 jej\u00ed elektor\u00e1t tvo\u0159ili p\u0159edev\u0161\u00edm zam\u011bstnanci pr\u016fmyslov\u00fdch firem. Podobn\u011b jako socialist\u00e9 a soci\u00e1ln\u00ed demokrat\u00e9 jin\u00fdch zem\u00ed (v\u010detn\u011b t\u00e9 na\u0161\u00ed) se ale na sv\u016fj tradi\u010dn\u00ed elektor\u00e1t vyka\u0161lali a za\u010dali nadb\u00edhat rozmazlen\u00e9 pokrok\u00e1\u0159sk\u00e9 velkom\u011bstsk\u00e9 ml\u00e1de\u017ei, takov\u00fdm t\u011bm hipster\u016fm, kter\u00fdm je prosperita n\u011bmeck\u00e9ho pr\u016fmyslu ukraden\u00e1, proto\u017ee je obvykle \u017eiv\u00ed granty nebo rodi\u010de. Soci\u00e1ln\u011b demokratick\u00fd voli\u010d tak z\u016fstal opu\u0161t\u011bn, z\u010d\u00e1sti si na\u0161el zast\u00e1n\u00ed u AfD nebo u postkomunist\u016f.<\/p>\n<p>Zelen\u00e9 sv\u011btlo semaforu p\u0159ekvapiv\u011b pat\u0159\u00ed Zelen\u00fdm. Ti jsou naprost\u00fd krajn\u00ed extr\u00e9m. Takov\u00fd, \u017ee je pro n\u011b i levi\u010d\u00e1ck\u00e1 SPD m\u00e1lo pokrok\u00e1\u0159sk\u00e1. Zelen\u00ed se nevzdali sv\u00e9ho sebevra\u017eedn\u00e9ho ta\u017een\u00ed proti n\u011bmeck\u00e9mu pr\u016fmyslu a zem\u011bd\u011blstv\u00ed ani pot\u00e9, co p\u0159evzali v\u00fdznamnou \u010d\u00e1st zodpov\u011bdnosti za chod st\u00e1tu, a ani pot\u00e9, co jejich hujersk\u00e1 gr\u00fdnd\u00fdlov\u0161tina za\u010dala p\u0159in\u00e1\u0161et sv\u00e9 jedovat\u00e9 ovoce v&nbsp;podob\u011b \u0159et\u011bzov\u00e9ho krachu n\u011bmeck\u00fdch pr\u016fmyslov\u00fdch firem, p\u0159edev\u0161\u00edm automobilek. A nevzdali se ani sv\u00e9 extr\u00e9mn\u00ed genderov\u00e9 a multikulti ideologie, p\u0159esto\u017ee i jejich v\u010derej\u0161\u00ed voli\u010di vid\u00ed, \u017ee takhle cesta vede leda do zelen\u00e9ho pekla.<\/p>\n<p>\u017dlut\u00ed, to jsou salonn\u00ed Svobodn\u00ed demokrat\u00e9, kte\u0159\u00ed nikdy \u017e\u00e1dn\u00fd program nepot\u0159ebovali, dohodli se v\u017edy skoro s&nbsp;ka\u017ed\u00fdm, v\u017edy u v\u0161eho cht\u011bli b\u00fdt a z\u00e1sady by jim v&nbsp;t\u00e9to p\u0159izp\u016fsobivosti jen p\u0159ek\u00e1\u017eely. Jen\u017ee i na n\u011b je parta revolu\u010dn\u00edch dobrodruh\u016f, kte\u0159\u00ed dnes sed\u00ed ve spolkov\u00e9 vl\u00e1d\u011b, a\u017e p\u0159\u00edli\u0161 neurval\u00e1. Svobodn\u00ed maj\u00ed rad\u0161i klid ve sv\u00e9m ko\u017een\u00e9m k\u0159esle u sklenky dobr\u00e9ho pit\u00ed, a ne n\u011bjak\u00e9 buntov\u00e1n\u00ed na civiliza\u010dn\u00ed barik\u00e1dy.<\/p>\n<p>Tohle v\u0161e mohlo fungovat mo\u017en\u00e1 za n\u011bjak\u00e9ho ide\u00e1ln\u00edho politick\u00e9ho a ekonomick\u00e9ho po\u010das\u00ed, ale ne v&nbsp;dob\u011b, kdy boj s&nbsp;podneb\u00edm a miliony Arab\u016f a Afri\u010dan\u016f p\u0159iv\u00e1d\u011bj\u00ed N\u011bmecko do nejhor\u0161\u00ed krize od sjednocen\u00ed. A tak se \u010dlenov\u00e9 koalice hezky po\u0161t\u011bkali, pofackovali &#8211; a \u017eenou zemi k&nbsp;p\u0159ed\u010dasn\u00fdm volb\u00e1m.<\/p>\n<p>V&nbsp;opozici krom\u011b mal\u00fdch stran \u010d\u00edh\u00e1 sestava CDU-CSU, ale ani ta zdaleka nen\u00ed imunn\u00ed v\u016f\u010di bruselsk\u00e9mu zelen\u00e9mu a pokrok\u00e1\u0159sk\u00e9mu fanatismu, plus Alternativa f\u00fcr Deutschland. U n\u00ed plat\u00ed, \u017ee o co m\u00e1 v\u011bt\u0161\u00ed podporu u ve\u0159ejnosti, o to v\u011bt\u0161\u00ed odpor k&nbsp;n\u00ed c\u00edt\u00ed politick\u00e1 a byrokratick\u00e1 elita, kter\u00e1 si zvykla na to, \u017ee j\u00ed N\u011bmecko pat\u0159\u00ed. A tak AfD \u010del\u00ed m\u011bkk\u00fdm i tvrd\u00fdm form\u00e1m kriminalizace, ostrakizace, \u0161ikany, izolace a skandalizace.<\/p>\n<p>A n\u00e1s se to v\u0161e t\u00fdk\u00e1 mnohem v\u00edc, ne\u017e bychom si p\u0159\u00e1li. N\u011bmecko m\u00e1 probl\u00e9m. Velk\u00fd probl\u00e9m. A nedostane se z&nbsp;n\u011bj, dokud tam nedojde k&nbsp;\u0161ir\u0161\u00ed spole\u010densk\u00e9 shod\u011b na tom, co tento probl\u00e9m zp\u016fsobilo a p\u016fsob\u00ed. Tak\u017ee to podle v\u0161eho vypad\u00e1 na dlouhodobou ag\u00f3nii ne\u017e na rychl\u00fd a ozdravn\u00fd chirurgick\u00fd z\u00e1krok. Dr\u017eme jim palce.<\/p>\n<p><em>Ladislav Jakl, 7. 11. 2024<\/em><\/p>\n<p><a href=\"https:\/\/www.institutvk.cz\/clanky\/2969.html\">Zdroj<\/a><\/p>\n","protected":false},"excerpt":{"rendered":"<p>Tak n\u00e1m n\u011bmeck\u00e1 levicov\u00e1 vl\u00e1da dovl\u00e1dla. Levicovost a progresivismus bylo toti\u017e to jedin\u00e9, co m\u011bli \u010dlenov\u00e9 \u201esemaforov\u00e9\u201c koalice spole\u010dn\u00e9ho. Tak to obvykle b\u00fdv\u00e1 u koalic, kter\u00e9 se d\u00e1vaj\u00ed dohromady \u201eproti n\u011bkomu\u201c a ne na z\u00e1klad\u011b pr\u016fniku sv\u00fdch poltick\u00fdch program\u016f.<\/p>\n","protected":false},"author":9,"featured_media":0,"comment_status":"open","ping_status":"open","sticky":false,"template":"","format":"standard","meta":{"ngg_post_thumbnail":0,"footnotes":""},"categories":[1],"tags":[],"class_list":["post-14443","post","type-post","status-publish","format-standard","hentry","category-publikovane-clanky"],"_links":{"self":[{"href":"https:\/\/www.ladislavjakl.cz\/index.php?rest_route=\/wp\/v2\/posts\/14443","targetHints":{"allow":["GET"]}}],"collection":[{"href":"https:\/\/www.ladislavjakl.cz\/index.php?rest_route=\/wp\/v2\/posts"}],"about":[{"href":"https:\/\/www.ladislavjakl.cz\/index.php?rest_route=\/wp\/v2\/types\/post"}],"author":[{"embeddable":true,"href":"https:\/\/www.ladislavjakl.cz\/index.php?rest_route=\/wp\/v2\/users\/9"}],"replies":[{"embeddable":true,"href":"https:\/\/www.ladislavjakl.cz\/index.php?rest_route=%2Fwp%2Fv2%2Fcomments&post=14443"}],"version-history":[{"count":1,"href":"https:\/\/www.ladislavjakl.cz\/index.php?rest_route=\/wp\/v2\/posts\/14443\/revisions"}],"predecessor-version":[{"id":14444,"href":"https:\/\/www.ladislavjakl.cz\/index.php?rest_route=\/wp\/v2\/posts\/14443\/revisions\/14444"}],"wp:attachment":[{"href":"https:\/\/www.ladislavjakl.cz\/index.php?rest_route=%2Fwp%2Fv2%2Fmedia&parent=14443"}],"wp:term":[{"taxonomy":"category","embeddable":true,"href":"https:\/\/www.ladislavjakl.cz\/index.php?rest_route=%2Fwp%2Fv2%2Fcategories&post=14443"},{"taxonomy":"post_tag","embeddable":true,"href":"https:\/\/www.ladislavjakl.cz\/index.php?rest_route=%2Fwp%2Fv2%2Ftags&post=14443"}],"curies":[{"name":"wp","href":"https:\/\/api.w.org\/{rel}","templated":true}]}}