{"id":14458,"date":"2024-11-13T13:15:04","date_gmt":"2024-11-13T12:15:04","guid":{"rendered":"https:\/\/www.ladislavjakl.cz\/?p=14458"},"modified":"2024-11-13T13:15:04","modified_gmt":"2024-11-13T12:15:04","slug":"snazil-se-utnout-masina-radeni-reznicka-v-ct-kdyz-vitezil-trump-byl-pristizen","status":"publish","type":"post","link":"https:\/\/www.ladislavjakl.cz\/?p=14458","title":{"rendered":"\u201eSna\u017eil se utnout Ma\u0161\u00edna.\u201c \u0158\u00e1d\u011bn\u00ed \u0158ezn\u00ed\u010dka v \u010cT, kdy\u017e v\u00edt\u011bzil Trump. Byl p\u0159isti\u017een"},"content":{"rendered":"<p><strong>Spoluzakladatel Spole\u010dnosti pro obranu svobody projevu Daniel V\u00e1vra po sledov\u00e1n\u00ed speci\u00e1lu \u010cT k prezidentsk\u00fdm volb\u00e1m v USA a p\u0159edev\u0161\u00edm po pov\u00edd\u00e1n\u00ed moder\u00e1tora Martina \u0158ezn\u00ed\u010dka s historikem Igorem Luke\u0161em podal podn\u011bt k RRTV kv\u016fli podez\u0159en\u00ed, \u017ee ve\u0159ejnopr\u00e1vn\u00ed televize \u0161\u00ed\u0159ila dezinformace. \u201eCel\u00e9 jej\u00ed vys\u00edl\u00e1n\u00ed se neslo v duchu proti Donaldu Trumpovi. Za t\u00edmto \u00fa\u010delem byli vyb\u00edr\u00e1n\u00ed i host\u00e9,\u201c \u0159\u00edk\u00e1 pro Parlamentn\u00edListy.cz medi\u00e1ln\u00ed analyti\u010dka Alena Mar\u0161\u00e1lkov\u00e1. \u201eMnoho lid\u00ed si ze sv\u00e9 kapsy plat\u00ed vys\u00edl\u00e1n\u00ed proti vlastn\u00edm z\u00e1jm\u016fm,\u201c dod\u00e1v\u00e1 radn\u00ed Ladislav Jakl.<\/strong><\/p>\n<p><!--more--><\/p>\n<figure>\n<div class=\"img\"><img decoding=\"async\" src=\"https:\/\/cms.parlamentnilisty.cz\/image.ashx?w=632&amp;h=307&amp;f=IMG_7237_637890773319155366.jpg&amp;id=170361\" alt=\"\u201eSna\u017eil se utnout Ma\u0161\u00edna.\u201c \u0158\u00e1d\u011bn\u00ed \u0158ezn\u00ed\u010dka v \u010cT, kdy\u017e v\u00edt\u011bzil Trump. Byl p\u0159isti\u017een\"><\/div><figcaption class=\"photo-info\"><small>Foto:&nbsp;<strong>Hans \u0160tembera<\/strong><br \/>\nPopisek:&nbsp;<strong>Vlajka \u010cesk\u00e9 televize<\/strong><\/small><\/figcaption><\/figure>\n<section class=\"article-content\">\n<div class=\"article-container\">\n<p>Nejen v \u010desk\u00e9m politick\u00e9m, ale i medi\u00e1ln\u00edm prost\u0159ed\u00ed se na\u0161lo hodn\u011b t\u011bch, kte\u0159\u00ed p\u0159ij\u00edmali v\u00fdsledky prezidentsk\u00fdch voleb ve Spojen\u00fdch st\u00e1tech s hlasit\u00fdm sk\u0159\u00edp\u011bn\u00edm zub\u016f. N\u011bkte\u0159\u00ed to nedok\u00e1zali zakr\u00fdt ani tehdy, kdy\u017e byli jednou z hlavn\u00edch tv\u00e1\u0159\u00ed ve vys\u00edl\u00e1n\u00ed speci\u00e1lu \u010cT. To plat\u00ed o vedouc\u00edm zahrani\u010dn\u00ed redakce \u010cT Martinu \u0158ezn\u00ed\u010dkovi. Skute\u010dnou delikatesou v tomto sm\u011bru pak bylo jeho pov\u00edd\u00e1n\u00ed s profesorem historie a mezin\u00e1rodn\u00edch vztah\u016f na Boston University Igorem Luke\u0161em. Obl\u00edben\u00e9ho hosta \u010cT24 nechal moder\u00e1tor mluvit, ani\u017e ho konfrontoval s fakty. \u201eZato dotazovan\u00fdm p\u0159\u00edznivc\u016fm republik\u00e1n\u016f sk\u00e1kal do \u0159e\u010di a neust\u00e1le je \u201afactcheckoval\u2018. \u0160\u00ed\u0159\u00ed \u010cesk\u00e1 televize dezinformace? Nebo jak si to m\u00e1m vysv\u011btlit?\u201c zareagoval spoluzakladatel Spole\u010dnosti pro obranu svobody projevu Daniel V\u00e1vra a jal se konat.<\/p>\n<p>Sepsal fakta, kter\u00e1 usv\u011bd\u010duj\u00ed hosta z dezinformac\u00ed a moder\u00e1tora z toho, \u017ee si nepo\u010d\u00ednal objektivn\u011b a dopustil, aby se k div\u00e1kovi ve\u0159ejnopr\u00e1vn\u00ed televize dost\u00e1valo to, co nen\u00ed pravda, a to bez jak\u00e9hokoli koment\u00e1\u0159e a oponentury. Proto podal podn\u011bt k Rad\u011b pro rozhlasov\u00e9 a televizn\u00ed vys\u00edl\u00e1n\u00ed, aby se po\u010d\u00edn\u00e1n\u00edm Martina \u0158ezn\u00ed\u010dka zab\u00fdvala. \u201eAnalytici RRTV jeho v\u00fdstupy rozeberou, p\u0159edlo\u017e\u00ed Rad\u011b, materi\u00e1l bude ve\u0159ejnosti dostupn\u00fd, dostane ho k dispozici i Dan V\u00e1vra, pokud bude cht\u00edt. R\u00e1mcov\u011b jsem sledoval \u010desk\u00e9 CNN i \u010cT. V\u00fdb\u011br host\u016f, veden\u00ed rozhovor\u016f&#8230;, mus\u00edm \u0159\u00edct, \u017ee jsem byl p\u0159ekvapen\u00fd, jak se zpravodajov\u00e9 \u010cT sna\u017eili b\u00fdt nestrann\u00ed, v\u010detn\u011b Michala Kubala v pra\u017esk\u00e9m studiu\u2026 krom\u011b Martina \u0158ezn\u00ed\u010dka. \u0158\u00edk\u00e1m si, a\u0165 jde d\u011blat politiku a ke sv\u00fdm politick\u00fdm preferenc\u00edm nezneu\u017e\u00edv\u00e1 ve\u0159ejnopr\u00e1vn\u00ed televizi,\u201c napsal v reakci na facebooku \u010dlen RRTV Vadim Petrov.<\/p>\n<p>&nbsp;<\/p>\n<section class=\"section-brown section-inarticle related-articles\">\n<div class=\"well well-rounded\">\n<h2>Psali jsme:<\/h2>\n<ul class=\"unstyled\">\n<li><a href=\"https:\/\/www.parlamentnilisty.cz\/arena\/monitor\/V-CT-beha-mraz-po-zadech-Trump-vitezi-a-mluvi-Igor-Lukes-764348\">V \u010cT b\u011bh\u00e1 mr\u00e1z po z\u00e1dech. Trump v\u00edt\u011bz\u00ed a mluv\u00ed Igor Luke\u0161<\/a><\/li>\n<\/ul>\n<\/div>\n<\/section>\n<p>Vedouc\u00ed zahrani\u010dn\u00ed redakce \u010cesk\u00e9 televize Martin \u0158ezn\u00ed\u010dek se ale opustit ve\u0159ejnopr\u00e1vn\u00ed m\u00e9dium o\u010dividn\u011b nechyst\u00e1. Jeho v\u00fdkony ov\u0161em mohly u leckoho vzbudit dojem, jako by \u0161lo o \u010dlena \u0161t\u00e1bu Demokratick\u00e9 strany. \u201eSledoval jsem \u017eiv\u011b opravdu jen \u010d\u00e1st doty\u010dn\u00e9ho po\u0159adu, ale i v t\u00e9 kr\u00e1tk\u00e9 chv\u00edli m\u011b zaujalo, jak se moder\u00e1tor sna\u017eil utnout pana Ma\u0161\u00edna s t\u00edm, \u017ee sign\u00e1l pr\u00fd m\u00e1 zpo\u017ed\u011bn\u00ed. Je roztomil\u00e9, \u017ee takov\u00e9 zpo\u017ed\u011bn\u00ed se nevyskytne, kdy\u017e zrovna mluv\u00ed n\u011bkdo v souladu s ofici\u00e1ln\u00ed lini\u00ed,\u201c konstatuje pro Parlamentn\u00edListy.cz Ladislav Jakl, \u010dlen Rady pro rozhlasov\u00e9 a televizn\u00ed vys\u00edl\u00e1n\u00ed.&nbsp;<\/p>\n<p>Nebyl s\u00e1m, kdo u Martina \u0158ezn\u00ed\u010dka marn\u011b hledal element\u00e1rn\u00ed objektivitu a vyv\u00e1\u017eenost. \u201eVys\u00edl\u00e1n\u00ed \u010cesk\u00e9 televize jsem s kr\u00e1tk\u00fdmi p\u0159est\u00e1vkami sledovala a pod kritiku Daniela V\u00e1vry na adresu Martina \u0158ezn\u00ed\u010dka bych se podepsala. A mysl\u00edm si, \u017ee by se ve\u0159ejnopr\u00e1vn\u00ed televize dala podrobit i dal\u0161\u00ed kritice. Cel\u00e9 jej\u00ed vys\u00edl\u00e1n\u00ed se neslo v duchu proti Donaldu Trumpovi. Za t\u00edmto \u00fa\u010delem byli vyb\u00edr\u00e1n\u00ed i host\u00e9 a bylo zn\u00e1t, \u017ee se n\u011bkte\u0159\u00ed moder\u00e1to\u0159i sna\u017eili to trochu vyv\u00e1\u017eit sv\u00fdmi dotazy. Bohu\u017eel, marn\u011b,\u201c \u0159\u00edk\u00e1 pro Parlamentn\u00edListy.cz Alena Mar\u0161\u00e1lkov\u00e1, medi\u00e1ln\u00ed poradkyn\u011b&nbsp;<strong><a href=\"https:\/\/www.prolibertate.cz\/\" target=\"_blank\" rel=\"nofollow noopener\">Pro Libertate<\/a><\/strong>.<\/p>\n<h4>P\u0159i dodr\u017eov\u00e1n\u00ed Kodexu \u010cT by u\u017e nebyl zam\u011bstnancem<\/h4>\n<p>Ale i kdy\u017e anal\u00fdza RRTV potvrd\u00ed, \u017ee Martin \u0158ezn\u00ed\u010dek s div\u00e1ky manipuloval, dosa\u017een\u00ed n\u00e1pravy nebude nic jednoduch\u00e9ho. \u201eN\u00e1pravu m\u016f\u017ee zjednat jen nad\u0159\u00edzen\u00fd pana \u0158ezn\u00ed\u010dka. Opakovan\u011b u\u017e mnoho m\u011bs\u00edc\u016f upozor\u0148uji, \u017ee Kodex \u010cT nen\u00ed c\u00e1r pap\u00edru. Kdyby jej redakto\u0159i a moder\u00e1to\u0159i \u010cT dodr\u017eovali, kdyby veden\u00ed \u010cesk\u00e9 televize \u0159\u00e1dn\u011b kontrolovalo jeho dodr\u017eov\u00e1n\u00ed, tak by pan \u0158ezn\u00ed\u010dek u\u017e d\u00e1vno nebyl zam\u011bstnancem \u010cT,\u201c tvrd\u00ed Alena Mar\u0161\u00e1lkov\u00e1.<\/p>\n<p><a href=\"https:\/\/www.parlamentnilisty.cz\/arena\/monitor\/-Snazil-se-utnout-Masina-Radeni-Reznicka-v-CT-kdyz-vitezil-Trump-Byl-pristizen-764711\">Zdroj<\/a><\/p>\n<\/div>\n<\/section>\n","protected":false},"excerpt":{"rendered":"<p>Spoluzakladatel Spole\u010dnosti pro obranu svobody projevu Daniel V\u00e1vra po sledov\u00e1n\u00ed speci\u00e1lu \u010cT k prezidentsk\u00fdm volb\u00e1m v USA a p\u0159edev\u0161\u00edm po pov\u00edd\u00e1n\u00ed moder\u00e1tora Martina \u0158ezn\u00ed\u010dka s historikem Igorem Luke\u0161em podal podn\u011bt k RRTV kv\u016fli podez\u0159en\u00ed, \u017ee ve\u0159ejnopr\u00e1vn\u00ed televize \u0161\u00ed\u0159ila dezinformace. \u201eCel\u00e9 jej\u00ed vys\u00edl\u00e1n\u00ed se neslo v duchu proti Donaldu Trumpovi. Za t\u00edmto \u00fa\u010delem byli vyb\u00edr\u00e1n\u00ed i [&hellip;]<\/p>\n","protected":false},"author":9,"featured_media":0,"comment_status":"open","ping_status":"open","sticky":false,"template":"","format":"standard","meta":{"ngg_post_thumbnail":0,"footnotes":""},"categories":[11,13],"tags":[],"class_list":["post-14458","post","type-post","status-publish","format-standard","hentry","category-ozvena","category-rozhovory"],"_links":{"self":[{"href":"https:\/\/www.ladislavjakl.cz\/index.php?rest_route=\/wp\/v2\/posts\/14458","targetHints":{"allow":["GET"]}}],"collection":[{"href":"https:\/\/www.ladislavjakl.cz\/index.php?rest_route=\/wp\/v2\/posts"}],"about":[{"href":"https:\/\/www.ladislavjakl.cz\/index.php?rest_route=\/wp\/v2\/types\/post"}],"author":[{"embeddable":true,"href":"https:\/\/www.ladislavjakl.cz\/index.php?rest_route=\/wp\/v2\/users\/9"}],"replies":[{"embeddable":true,"href":"https:\/\/www.ladislavjakl.cz\/index.php?rest_route=%2Fwp%2Fv2%2Fcomments&post=14458"}],"version-history":[{"count":1,"href":"https:\/\/www.ladislavjakl.cz\/index.php?rest_route=\/wp\/v2\/posts\/14458\/revisions"}],"predecessor-version":[{"id":14459,"href":"https:\/\/www.ladislavjakl.cz\/index.php?rest_route=\/wp\/v2\/posts\/14458\/revisions\/14459"}],"wp:attachment":[{"href":"https:\/\/www.ladislavjakl.cz\/index.php?rest_route=%2Fwp%2Fv2%2Fmedia&parent=14458"}],"wp:term":[{"taxonomy":"category","embeddable":true,"href":"https:\/\/www.ladislavjakl.cz\/index.php?rest_route=%2Fwp%2Fv2%2Fcategories&post=14458"},{"taxonomy":"post_tag","embeddable":true,"href":"https:\/\/www.ladislavjakl.cz\/index.php?rest_route=%2Fwp%2Fv2%2Ftags&post=14458"}],"curies":[{"name":"wp","href":"https:\/\/api.w.org\/{rel}","templated":true}]}}