{"id":1446,"date":"2012-02-01T11:19:03","date_gmt":"2012-02-01T10:19:03","guid":{"rendered":"http:\/\/www.ladislavjakl.cz\/?p=1446"},"modified":"2012-02-01T11:19:03","modified_gmt":"2012-02-01T10:19:03","slug":"cesko-ceka-evropsky-soud-kopeme-prikopy-pise-jakl","status":"publish","type":"post","link":"https:\/\/www.ladislavjakl.cz\/?p=1446","title":{"rendered":"\u010cesko \u010dek\u00e1 evropsk\u00fd soud. Kopeme p\u0159\u00edkopy, p\u00ed\u0161e Jakl"},"content":{"rendered":"<p>Klaus\u016fv tajemn\u00edk Ladislav Jakl kritizuje Evropskou unii dlouhodob\u011b \u2013  nyn\u00ed na sv\u00e9m blogu glosuje znovu. Rozkopanou Evropskou t\u0159\u00eddou pr\u00fd kopeme  p\u0159\u00edkopy EU. \u010cesko kv\u016fli n\u00ed jde p\u0159ed Evropsk\u00fd soud.<\/p>\n<p><!--more--><\/p>\n<p>\u201eEvropsk\u00e1 komise v\u010dera v tichosti podpo\u0159ila n\u00e1vrh, aby \u010cesk\u00e1 republika  stanula p\u0159ed Soudn\u00edm dvorem EU. D\u016fvod je zcela z\u00e1sadn\u00ed a m\u016f\u017eeme b\u00fdt  r\u00e1di, \u017ee u toho soudu nejsme u\u017e tak rok. T\u00edm d\u016fvodem je zlomysln\u00e9 a  hrub\u011b proti duchu integrace sm\u011b\u0159uj\u00edc\u00ed rozkop\u00e1n\u00ed Evropsk\u00e9 t\u0159\u00eddy v Praze  pod velmi pr\u016fhlednou z\u00e1minkou stavby metra. Evropsk\u00e1 komise se pr\u00e1vem  pt\u00e1: pro\u010d nebyla rad\u011bji rozkop\u00e1na Americk\u00e1 ulice? Nebo \u010c\u00ednsk\u00e1?\u201c pt\u00e1 se  Jakl.<\/p>\n<p><strong>Temn\u00e9 pikle euroskeptik\u016f<\/strong><\/p>\n<p>Podle Jakla se uv\u011bdom\u011bl\u00ed Evropan\u00e9 necht\u011bli d\u00edvat na dehonestaci  Evropsk\u00e9 unie a evropsk\u00e9 jednoty. \u201eProsl\u00fdch\u00e1 se, \u017ee na pra\u017eskou \u0161patnost  upozornilo Evropskou komisi sv\u00fdm nal\u00e9hav\u00fdm dopisem 99 aktivist\u016f v \u010dele s  trojic\u00ed Li\u0161ka, Rou\u010dek a Pehe,\u201c ironizuje tajemn\u00edk.<\/p>\n<p>Po Evropsk\u00e9 t\u0159\u00edd\u011b se jezd\u00ed k Pra\u017esk\u00e9mu hradu \u2013 jasn\u00e1 uk\u00e1zka toho, \u017ee  V\u00e1clav Klaus kope p\u0159\u00edkopy, kter\u00fdmi se chce od Evropy odd\u011blovat. \u201eJak\u00e9  temn\u00e9 pikle euroskeptik\u016f za t\u00edm stoj\u00ed?\u201c pt\u00e1 se Jakl.<\/p>\n<p><a href=\"http:\/\/www.parlamentnilisty.cz\/zpravy\/Cesko-ceka-evropsky-soud-Kopeme-prikopy-pise-Jakl-221326\" target=\"_blank\">Zdroj<\/a><\/p>\n","protected":false},"excerpt":{"rendered":"<p>Klaus\u016fv tajemn\u00edk Ladislav Jakl kritizuje Evropskou unii dlouhodob\u011b \u2013 nyn\u00ed na sv\u00e9m blogu glosuje znovu. Rozkopanou Evropskou t\u0159\u00eddou pr\u00fd kopeme p\u0159\u00edkopy EU. \u010cesko kv\u016fli n\u00ed jde p\u0159ed Evropsk\u00fd soud.<\/p>\n","protected":false},"author":1,"featured_media":0,"comment_status":"open","ping_status":"open","sticky":false,"template":"","format":"standard","meta":{"ngg_post_thumbnail":0,"footnotes":""},"categories":[11],"tags":[],"class_list":["post-1446","post","type-post","status-publish","format-standard","hentry","category-ozvena"],"_links":{"self":[{"href":"https:\/\/www.ladislavjakl.cz\/index.php?rest_route=\/wp\/v2\/posts\/1446","targetHints":{"allow":["GET"]}}],"collection":[{"href":"https:\/\/www.ladislavjakl.cz\/index.php?rest_route=\/wp\/v2\/posts"}],"about":[{"href":"https:\/\/www.ladislavjakl.cz\/index.php?rest_route=\/wp\/v2\/types\/post"}],"author":[{"embeddable":true,"href":"https:\/\/www.ladislavjakl.cz\/index.php?rest_route=\/wp\/v2\/users\/1"}],"replies":[{"embeddable":true,"href":"https:\/\/www.ladislavjakl.cz\/index.php?rest_route=%2Fwp%2Fv2%2Fcomments&post=1446"}],"version-history":[{"count":2,"href":"https:\/\/www.ladislavjakl.cz\/index.php?rest_route=\/wp\/v2\/posts\/1446\/revisions"}],"predecessor-version":[{"id":1448,"href":"https:\/\/www.ladislavjakl.cz\/index.php?rest_route=\/wp\/v2\/posts\/1446\/revisions\/1448"}],"wp:attachment":[{"href":"https:\/\/www.ladislavjakl.cz\/index.php?rest_route=%2Fwp%2Fv2%2Fmedia&parent=1446"}],"wp:term":[{"taxonomy":"category","embeddable":true,"href":"https:\/\/www.ladislavjakl.cz\/index.php?rest_route=%2Fwp%2Fv2%2Fcategories&post=1446"},{"taxonomy":"post_tag","embeddable":true,"href":"https:\/\/www.ladislavjakl.cz\/index.php?rest_route=%2Fwp%2Fv2%2Ftags&post=1446"}],"curies":[{"name":"wp","href":"https:\/\/api.w.org\/{rel}","templated":true}]}}