{"id":14471,"date":"2024-11-27T13:28:38","date_gmt":"2024-11-27T12:28:38","guid":{"rendered":"https:\/\/www.ladislavjakl.cz\/?p=14471"},"modified":"2024-11-27T13:28:38","modified_gmt":"2024-11-27T12:28:38","slug":"nehorazne-co-se-skryva-za-posledni-petici-za-vyssi-poplatky-pro-ct","status":"publish","type":"post","link":"https:\/\/www.ladislavjakl.cz\/?p=14471","title":{"rendered":"Nehor\u00e1zn\u00e9. Co se skr\u00fdv\u00e1 za posledn\u00ed petic\u00ed za vy\u0161\u0161\u00ed poplatky pro \u010cT"},"content":{"rendered":"<p><strong>Na poplach bije v\u00edce ne\u017e \u0161est des\u00edtek v\u00fdznamn\u00fdch instituc\u00ed, kter\u00e9 vyd\u011bsilo, \u017ee by se do konce roku nestihla schv\u00e1lit medi\u00e1ln\u00ed novela, a tak by se ani nezv\u00fd\u0161ily koncesion\u00e1\u0159sk\u00e9 poplatky. \u201eJde z valn\u00e9 \u010d\u00e1sti o instituce, kter\u00e9 dost\u00e1vaj\u00ed od \u010cesk\u00e9 televize a \u010cesk\u00e9ho rozhlasu ve\u0159ejn\u00e9 pen\u00edze bu\u010f p\u0159\u00edmo ve form\u011b dotov\u00e1n\u00ed r\u016fzn\u00fdch projekt\u016f, nebo prost\u0159ednictv\u00edm protek\u010dn\u00ed podpory ve vys\u00edlac\u00edm \u010dase,\u201c \u0159\u00edk\u00e1 pro Parlamentn\u00edListy.cz \u010dlen RRTV Ladislav Jakl. \u201eZa er\u00e1rn\u00ed pen\u00edze vytv\u00e1\u0159ej\u00ed n\u00e1tlak na kohokoli, kdo se jim znel\u00edb\u00ed,\u201c p\u0159id\u00e1v\u00e1 se ke kritice t\u011bchto instituc\u00ed Tom\u00e1\u0161 K\u0148ourek, \u010dlen Rady \u010cesk\u00e9ho rozhlasu.<\/strong><\/p>\n<p><!--more--><\/p>\n<figure>\n<div class=\"img\"><img decoding=\"async\" src=\"https:\/\/cms.parlamentnilisty.cz\/image.ashx?w=632&amp;h=307&amp;f=IMG_6613_637546059939898125.jpg&amp;id=157670\" alt=\"Nehor\u00e1zn\u00e9. Co se skr\u00fdv\u00e1 za posledn\u00ed petic\u00ed za vy\u0161\u0161\u00ed poplatky pro \u010cT\"><\/div><figcaption class=\"photo-info\"><small>Foto:&nbsp;<strong>Hans \u0160tembera<\/strong><br \/>\nPopisek:&nbsp;<strong>Budova \u010cesk\u00e9 televize, ilustra\u010dn\u00ed foto<\/strong><\/small><\/figcaption><\/figure>\n<section class=\"article-content\">\n<div class=\"article-container\">\n<p>V\u00edce ne\u017e \u0161edes\u00e1t v\u00fdznamn\u00fdch instituc\u00ed v\u010detn\u011b \u010cesk\u00e9 filharmonie, N\u00e1rodn\u00edch divadel v Praze i v Brn\u011b, \u010clov\u011bka v t\u00edsni, AMU, Pam\u011bti n\u00e1roda, Syndik\u00e1tu novin\u00e1\u0159\u016f, \u010cesk\u00e9ho olympijsk\u00e9ho v\u00fdboru, Knihovny V\u00e1clava Havla, D\u00edky, \u017ee m\u016f\u017eem a dal\u0161\u00edch u\u017e nemohlo p\u0159ihl\u00ed\u017eet tomu, \u017ee by se do konce roku nestihla schv\u00e1lit velk\u00e1 medi\u00e1ln\u00ed novela v\u010detn\u011b zv\u00fd\u0161en\u00ed televizn\u00edch a rozhlasov\u00fdch poplatk\u016f, a proto vyzvaly p\u0159edsedy vl\u00e1dn\u00edch stran k zaji\u0161t\u011bn\u00ed nez\u00e1vislosti a finan\u010dn\u00ed stability m\u00e9di\u00ed ve\u0159ejn\u00e9 slu\u017eby tak, jak se k tomu zav\u00e1zali v programov\u00e9m prohl\u00e1\u0161en\u00ed. Sna\u017e\u00ed se vyburcovat koali\u010dn\u00ed z\u00e1konod\u00e1rce, kte\u0159\u00ed u\u017e sami za\u010dali otev\u0159en\u011b p\u0159izn\u00e1vat, \u017ee by ke schv\u00e1len\u00ed mohlo doj\u00edt a\u017e v p\u0159\u00ed\u0161t\u00edm roce. To by znamenalo, \u017ee by \u010cesk\u00e1 televize i \u010cesk\u00fd rozhlas mohly s nav\u00fd\u0161en\u00edm koncesion\u00e1\u0159sk\u00e9ho poplatku po\u010d\u00edtat nejd\u0159\u00edve od poloviny roku 2025.<\/p>\n<p>Instituce se prohl\u00e1\u0161en\u00edm a spu\u0161t\u011bn\u00edm petice sna\u017e\u00ed zes\u00edlit hlas podpory t\u00e9 \u010d\u00e1sti ve\u0159ejnosti, kter\u00e1 zat\u00edm nebyla sly\u0161et, zat\u00edmco podle nich poslanci \u010del\u00ed kampan\u00edm komer\u010dn\u00edch m\u00e9di\u00ed. \u201eVe sv\u011bt\u011b dezinformac\u00ed a on-line prostoru pot\u0159ebujeme siln\u00e1 nez\u00e1visl\u00e1 ve\u0159ejnopr\u00e1vn\u00ed m\u00e9dia v\u00edce \u200ene\u017e kdy jindy. P\u0159ed 35 lety to byla jedna z v\u011bc\u00ed, kterou jsme cht\u011bli: Nez\u00e1visl\u00e1 m\u00e9dia, kter\u00e1 tvo\u0159\u00ed jeden ze z\u00e1klad\u016f funguj\u00edc\u00ed svobodn\u00e9 demokratick\u00e9 spole\u010dnosti,\u201c zd\u016fvodnil \u0160imon P\u00e1nek, \u0159editel organizace \u010clov\u011bk v t\u00edsni, pro\u010d nem\u016f\u017ee z\u016fstat ne\u010dinn\u00fdm. \u201eStabiln\u00ed p\u0159edv\u00eddateln\u00e9 financov\u00e1n\u00ed je jednou z d\u016fle\u017eit\u00fdch podm\u00ednek existence svobodn\u00fdch m\u00e9di\u00ed a um\u011bleck\u00e9 tvorby,\u201c vyj\u00e1d\u0159il Jan Burian, gener\u00e1ln\u00ed \u0159editel N\u00e1rodn\u00edho divadla, obavy z toho, co by si ve\u0159ejnopr\u00e1vn\u00ed m\u00e9dia bez zv\u00fd\u0161en\u00ed poplatku po\u010dala.<\/p>\n<h4 align=\"left\">Prohl\u00e1\u0161en\u00ed \u0161lo zkr\u00e1tit na t\u0159i slova: \u201eChceme va\u0161e prachy!\u201c<\/h4>\n<p align=\"left\">Pikantn\u00ed ov\u0161em je, \u017ee ve v\u00fd\u010dtu z\u00e1sluh a v\u00fdznamu \u010cesk\u00e9 televize a \u010cesk\u00e9ho rozhlasu signat\u00e1\u0159i tvrd\u00ed, \u017ee tato m\u00e9dia p\u0159edstavuj\u00ed kl\u00ed\u010dov\u00fd a z\u00e1rove\u0148 nejvyu\u017e\u00edvan\u011bj\u0161\u00ed zdroj informac\u00ed v krizov\u00fdch situac\u00edch, jako byly ned\u00e1vn\u00e9 povodn\u011b nebo pandemie koronaviru. P\u0159itom pr\u00e1v\u011b covidov\u00e9 obdob\u00ed je valnou \u010d\u00e1st\u00ed ve\u0159ejnosti vn\u00edm\u00e1no jako obrovsk\u00e9 selh\u00e1n\u00ed t\u011bch, co n\u00e1s m\u011bli objektivn\u011b informovat. Ironick\u00fd \u00fasm\u011bv mus\u00ed vyvolat i dal\u0161\u00ed tvrzen\u00ed, \u017ee \u010cT a \u010cRo p\u0159in\u00e1\u0161ej\u00ed nestrann\u00e9 a kvalitn\u00ed informace. Podobn\u011b nev\u011brohodn\u011b p\u016fsob\u00ed i formulace, \u017ee rozhlasov\u00e9 a televizn\u00ed poplatky zaji\u0161\u0165uj\u00ed udr\u017een\u00ed nez\u00e1vislosti na moment\u00e1ln\u00ed politick\u00e9 moci.<\/p>\n<p align=\"left\">V\u00fdzva t\u011bchto instituc\u00ed obsahuje podle \u010dlena Rady pro rozhlasov\u00e9 a televizn\u00ed vys\u00edl\u00e1n\u00ed Ladislava Jakla a\u017e&nbsp;<strong><a href=\"https:\/\/www.dikyzemuzem.cz\/podpor-podpisem\/\" target=\"_blank\" rel=\"nofollow noopener\">p\u0159\u00edli\u0161 mnoho nadbyte\u010dn\u00fdch slov<\/a><\/strong>. \u201e\u0160la by zkr\u00e1tit na tyto t\u0159i: \u201aChceme va\u0161e prachy!\u2018 O nic jin\u00e9ho tu p\u0159ece nejde. Pro\u010d po ve\u0159ejnosti nekoluje v\u00fdzva se statis\u00edci podpis\u016f, ve kter\u00e9 by div\u00e1ci a poslucha\u010di vyz\u00fdvali vl\u00e1du: Zvy\u0161te n\u00e1m poplatky, nebo jinak za\u010dneme pos\u00edlat sv\u00e9 pen\u00edze na Vinohradskou a na Kav\u010d\u00ed hory sami a dobrovoln\u011b! \u017de by to byla blbost? Jist\u011b\u017ee. J\u00e1 v\u00fdzvu st\u00e1tem placen\u00fdch instituc\u00ed pova\u017euji za nehor\u00e1znou,\u201c uv\u00e1d\u00ed pro Parlamentn\u00edListy.cz Ladislav Jakl.<\/p>\n<h4>Za er\u00e1rn\u00ed pen\u00edze vytv\u00e1\u0159ej\u00ed n\u00e1tlak na toho, kdo se jim znel\u00edb\u00ed<\/h4>\n<p align=\"left\">Tyto instituce se dle n\u011bj nemaj\u00ed prom\u011b\u0148ovat v n\u00e1tlakov\u00e9 s\u00edly h\u00e1j\u00edc\u00ed sv\u00e9 vlastn\u00ed ekonomick\u00e9 z\u00e1jmy. \u201eNemaj\u00ed m\u00edt \u017e\u00e1dn\u00e9 sv\u00e9 z\u00e1jmy. Maj\u00ed plnit \u00fakoly, pro kter\u00e9 byly z\u0159\u00edzeny a na kter\u00e9 dost\u00e1vaj\u00ed pen\u00edze z kapes da\u0148ov\u00fdch poplatn\u00edk\u016f. Jde z valn\u00e9 \u010d\u00e1sti o instituce, kter\u00e9 dost\u00e1vaj\u00ed od \u010cesk\u00e9 televize a \u010cesk\u00e9ho rozhlasu ve\u0159ejn\u00e9 pen\u00edze bu\u010f p\u0159\u00edmo ve form\u011b dotov\u00e1n\u00ed r\u016fzn\u00fdch projekt\u016f, nebo prost\u0159ednictv\u00edm protek\u010dn\u00ed podpory ve vys\u00edlac\u00edm \u010dase. Anebo jsou to organizace pod vlivem jednotlivc\u016f, kte\u0159\u00ed maj\u00ed sv\u00e9 osobn\u00ed hmotn\u00e9 z\u00e1jmy na tom, aby jejich televizn\u00ed a rozhlasov\u00fd \u017eivitel dostal dal\u0161\u00ed injekci,\u201c vysv\u011btluje radn\u00ed motivaci t\u011bch, kdo se pod prohl\u00e1\u0161en\u00ed podepsali.<\/p>\n<p align=\"left\">Podle \u010dlena Rady \u010cesk\u00e9ho rozhlasu Tom\u00e1\u0161e K\u0148ourka nevyv\u00edjej\u00ed tyto instituce jen n\u00e1tlak na st\u00e1tn\u00ed org\u00e1ny. \u201eAle na kohokoli, kdo se jim znel\u00edb\u00ed. Samoz\u0159ejm\u011b za er\u00e1rn\u00ed pen\u00edze a s jednostrannou podporou provl\u00e1dn\u00edch m\u00e9di\u00ed. Vyve\u010fte m\u011b z omylu, ale nepamatuji se, \u017ee by n\u011bkter\u00e1 z t\u011bchto velev\u00e1\u017een\u00fdch organizac\u00ed vyv\u00edjela n\u00e1tlak na vl\u00e1du t\u0159eba za mno\u017e\u00edc\u00ed se kauzy \u0161ikany lid\u00ed za jejich \u201anespr\u00e1vn\u00fd\u2018 n\u00e1zor nebo za nechutn\u00e9 v\u00fdroky vrchn\u00edho st\u00e1tn\u00edho cenzora plukovn\u00edka Folt\u00fdna. Kde jsou? V\u017edy\u0165 tady jde o svobodu slova jako jedn\u00e9 z ned\u00edln\u00fdch sou\u010d\u00e1st\u00ed demokracie bez p\u0159\u00edvlastk\u016f. Nebo jim je to jedno? Pokud se nezast\u00e1v\u00e1te svobody slova, nem\u016f\u017eete se ozna\u010dit za \u201av\u00fdznamnou \u010deskou instituci\u2018. Mo\u017en\u00e1 i proto, \u017ee \u0159ada ze zm\u00edn\u011bn\u00fdch subjekt\u016f je financov\u00e1na ze zahrani\u010d\u00ed,\u201c \u0159\u00edk\u00e1 pro Parlamentn\u00edListy.cz Tom\u00e1\u0161 K\u0148ourek.<\/p>\n<h4 align=\"left\">St\u00e1t m\u00e1 slou\u017eit v\u0161em, a ne jedn\u00e9 skupin\u011b proti druh\u00e9<\/h4>\n<p align=\"left\">V\u00fdznamn\u00e9 \u010desk\u00e9 instituce, jak o sob\u011b samy p\u00ed\u0161\u00ed, vytvo\u0159ily pestrou spole\u010dnost, kter\u00e1 svedla dohromady t\u0159eba N\u00e1rodn\u00ed divadlo a \u010clov\u011bka v t\u00edsni. \u201eSta\u010dilo by \u0159\u00edci, \u017ee jsou to stejn\u00ed lid\u00e9. Ti, \u201akte\u0159\u00ed spolu mluv\u00ed\u2018. St\u00e1t je pro n\u011b n\u00e1stroj, kter\u00fd m\u00e1 moc donutit ob\u010dany a poplatn\u00edky, aby povinn\u011b financovali produkci, za kterou by dobrovoln\u011b nedali korunu. Ale st\u00e1t m\u00e1 moc je k tomu donutit. Neplati\u010d se m\u016f\u017ee ocitnout v pozici ter\u010de sankc\u00ed mocensk\u00e9 ma\u0161in\u00e9rie, a tak rad\u011bji zaplat\u00ed. Dobr\u00e1, ale \u017ee n\u011bkdo sobecky bojuje za sv\u00e9 z\u00e1jmy na \u00fakor t\u011bch, co se nemohou br\u00e1nit, to by \u010dlov\u011bk u t\u011bchto aktivist\u016f je\u0161t\u011b snad ch\u00e1pal. Ale nepochopiteln\u00e9 a neomluviteln\u00e9 je to, \u017ee n\u00e1\u0161 st\u00e1t a na\u0161e vl\u00e1da to dovol\u00ed a nem\u00e1 probl\u00e9m chovat se jako n\u00e1stroj vybran\u00e9 n\u00e1tlakov\u00e9 skupiny lid\u00ed, kter\u00e1 si d\u011bl\u00e1 n\u00e1rok na pen\u00edze od lid\u00ed ostatn\u00edch. St\u00e1t m\u00e1 slou\u017eit v\u0161em, a ne jedn\u00e9 skupin\u011b proti druh\u00e9,\u201c zd\u016fraz\u0148uje Ladislav Jakl.<\/p>\n<p align=\"left\">Ani varov\u00e1n\u00edm p\u0159ed ohro\u017een\u00edm nez\u00e1vislosti a finan\u010dn\u00ed stability m\u00e9di\u00ed ve\u0159ejn\u00e9 slu\u017eby, pokud nebude novela co nejrychleji p\u0159ijata, ho signat\u00e1\u0159i nep\u0159esv\u011bd\u010dili. \u201eNev\u00edm \u00fapln\u011b, co to je nez\u00e1vislost. Nez\u00e1vislost na \u010dem? Pro mne je u m\u00e9di\u00ed daleko d\u016fle\u017eit\u011bj\u0161\u00edm slovem \u201apluralita\u2018. Komplexnost a vyv\u00e1\u017eenost m\u016f\u017ee poskytnou jen medi\u00e1ln\u00ed a informa\u010dn\u00ed trh jako celek. Svoboda a mo\u017enost v\u00fdb\u011bru, to jsou pro mne srozumiteln\u00e9 term\u00edny. Je Star Dance nez\u00e1visl\u00fdm po\u0159adem? Nebo star\u00e9 detektivky, komer\u010dn\u00ed sporty? V\u00edce pen\u011bz pro tyhle ve\u0159ejn\u00e9 (vlastn\u011b st\u00e1tn\u00ed) instituce p\u0159inese jedin\u00e9, rozl\u00e9z\u00e1n\u00ed st\u00e1tem kontrolovan\u00e9ho sektoru po medi\u00e1ln\u00edm prostoru a umen\u0161ov\u00e1n\u00ed prostoru pro pluralitn\u00ed, konkuren\u010dn\u00ed, mnohobarevn\u00e9 a st\u00e1tem ne\u0159\u00edzen\u00e9 soukrom\u00e9 vys\u00edl\u00e1n\u00ed. A to je tak\u00e9 c\u00edlem. Naprost\u00e1 dominance st\u00e1tn\u00ed moc\u00ed kontrolovan\u00fdch m\u00e9di\u00ed,\u201c konstatuje \u010dlen RRTV.<\/p>\n<h4 align=\"left\">Jen p\u0159es t\u0159etinu respondent\u016f m\u00e1 \u010cT za nestrannou<\/h4>\n<p align=\"left\">V souvislosti s aktivitami t\u011bchto instituc\u00ed je nam\u00edst\u011b p\u0159ipomenout, \u017ee bezm\u00e1la t\u0159i \u010dtvrtiny \u010cech\u016f nesouhlas\u00ed se zvy\u0161ov\u00e1n\u00edm koncesion\u00e1\u0159sk\u00fdch poplatk\u016f. Vypl\u00fdv\u00e1 to z reprezentativn\u00edho pr\u016fzkumu&nbsp;<strong><a href=\"https:\/\/nms.global\/cz\/vetsina-cechu-a-cesek-nesouhlasi-se-zvysenim-poplatku-za-televizni-a-rozhlasove-vysilani\/\" target=\"_blank\" rel=\"nofollow noopener\">agentury NMS Market Research<\/a><\/strong>. N\u00e1vrh, kter\u00fd pro\u0161el prvn\u00edm \u010dten\u00edm v Poslaneck\u00e9 sn\u011bmovn\u011b, pracuje se zv\u00fd\u0161en\u00edm poplatku za televizn\u00ed vys\u00edl\u00e1n\u00ed o 15 K\u010d m\u011bs\u00ed\u010dn\u011b a se zv\u00fd\u0161en\u00edm rozhlasov\u00e9ho poplatku o 10 K\u010d. \u010ce\u0161i by tak od prvn\u00edho ledna 2025 m\u011bli za televizi a rozhlas platit 150 K\u010d, respektive 55 K\u010d m\u011bs\u00ed\u010dn\u011b. Takov\u00fd n\u00e1vrh podle pr\u016fzkumu odm\u00edt\u00e1 71 % \u010desk\u00e9 populace. Podle stejn\u00e9ho pr\u016fzkumu necel\u00e1 polovina respondent\u016f (49 %) uv\u00e1d\u00ed, \u017ee \u010cT je dobr\u00fdm zdrojem objektivn\u00edch informac\u00ed. Nestrannost \u010cT hodnotilo pozitivn\u011b jen 39 % \u010cech\u016f a \u010ce\u0161ek.<\/p>\n<p align=\"left\"><a href=\"https:\/\/www.parlamentnilisty.cz\/arena\/monitor\/Nehorazne-Co-se-skryva-za-posledni-petici-za-vyssi-poplatky-pro-CT-765437\">Zdroj<\/a><\/p>\n<\/div>\n<\/section>\n","protected":false},"excerpt":{"rendered":"<p>Na poplach bije v\u00edce ne\u017e \u0161est des\u00edtek v\u00fdznamn\u00fdch instituc\u00ed, kter\u00e9 vyd\u011bsilo, \u017ee by se do konce roku nestihla schv\u00e1lit medi\u00e1ln\u00ed novela, a tak by se ani nezv\u00fd\u0161ily koncesion\u00e1\u0159sk\u00e9 poplatky. \u201eJde z valn\u00e9 \u010d\u00e1sti o instituce, kter\u00e9 dost\u00e1vaj\u00ed od \u010cesk\u00e9 televize a \u010cesk\u00e9ho rozhlasu ve\u0159ejn\u00e9 pen\u00edze bu\u010f p\u0159\u00edmo ve form\u011b dotov\u00e1n\u00ed r\u016fzn\u00fdch projekt\u016f, nebo prost\u0159ednictv\u00edm protek\u010dn\u00ed [&hellip;]<\/p>\n","protected":false},"author":9,"featured_media":0,"comment_status":"open","ping_status":"open","sticky":false,"template":"","format":"standard","meta":{"ngg_post_thumbnail":0,"footnotes":""},"categories":[11,13],"tags":[],"class_list":["post-14471","post","type-post","status-publish","format-standard","hentry","category-ozvena","category-rozhovory"],"_links":{"self":[{"href":"https:\/\/www.ladislavjakl.cz\/index.php?rest_route=\/wp\/v2\/posts\/14471","targetHints":{"allow":["GET"]}}],"collection":[{"href":"https:\/\/www.ladislavjakl.cz\/index.php?rest_route=\/wp\/v2\/posts"}],"about":[{"href":"https:\/\/www.ladislavjakl.cz\/index.php?rest_route=\/wp\/v2\/types\/post"}],"author":[{"embeddable":true,"href":"https:\/\/www.ladislavjakl.cz\/index.php?rest_route=\/wp\/v2\/users\/9"}],"replies":[{"embeddable":true,"href":"https:\/\/www.ladislavjakl.cz\/index.php?rest_route=%2Fwp%2Fv2%2Fcomments&post=14471"}],"version-history":[{"count":1,"href":"https:\/\/www.ladislavjakl.cz\/index.php?rest_route=\/wp\/v2\/posts\/14471\/revisions"}],"predecessor-version":[{"id":14472,"href":"https:\/\/www.ladislavjakl.cz\/index.php?rest_route=\/wp\/v2\/posts\/14471\/revisions\/14472"}],"wp:attachment":[{"href":"https:\/\/www.ladislavjakl.cz\/index.php?rest_route=%2Fwp%2Fv2%2Fmedia&parent=14471"}],"wp:term":[{"taxonomy":"category","embeddable":true,"href":"https:\/\/www.ladislavjakl.cz\/index.php?rest_route=%2Fwp%2Fv2%2Fcategories&post=14471"},{"taxonomy":"post_tag","embeddable":true,"href":"https:\/\/www.ladislavjakl.cz\/index.php?rest_route=%2Fwp%2Fv2%2Ftags&post=14471"}],"curies":[{"name":"wp","href":"https:\/\/api.w.org\/{rel}","templated":true}]}}