{"id":14475,"date":"2024-11-28T14:02:20","date_gmt":"2024-11-28T13:02:20","guid":{"rendered":"https:\/\/www.ladislavjakl.cz\/?p=14475"},"modified":"2024-11-28T14:02:20","modified_gmt":"2024-11-28T13:02:20","slug":"demokrat-pry-zakazuje-jen-hitlery","status":"publish","type":"post","link":"https:\/\/www.ladislavjakl.cz\/?p=14475","title":{"rendered":"Demokrat pr\u00fd zakazuje jen Hitlery"},"content":{"rendered":"<p><em>M\u00e1 \u010dlov\u011bk, kter\u00fd hl\u00e1s\u00e1 sv\u00e9 p\u0159esv\u011bd\u010den\u00ed o placatosti Zem\u011bkoule, b\u00fdt v\u016fbec p\u0159ipu\u0161t\u011bn do debaty se zn\u00e1m\u00fdm astrofyzikem? No nem\u00e1! Nen\u00ed k&nbsp;tomu p\u0159ece kvalifikov\u00e1n, opr\u00e1vn\u011bn, povol\u00e1n. A debata s&nbsp;n\u00edm postr\u00e1d\u00e1 smysl. V\u00e1\u017en\u011b?<\/em><\/p>\n<p><!--more--><\/p>\n<p>No, mo\u017en\u00e1 pro n\u011bkoho postr\u00e1d\u00e1. A takov\u00fd \u201en\u011bkdo\u201c si holt takovou debatu asi nevyslechne. Pro jin\u00e9 lidi m\u016f\u017ee b\u00fdt takov\u00e1 debata t\u0159eba pobaven\u00edm, pro dal\u0161\u00ed zase inspirac\u00ed \u010di zdrojem n\u00e1padu, jak lze polemizovat i s&nbsp;lidmi, jejich\u017e vid\u011bn\u00ed v\u011bc\u00ed je dramaticky odli\u0161n\u00e9. A mo\u017en\u00e1 existuje sto dal\u0161\u00edch d\u016fvod\u016f, pro\u010d m\u016f\u017ee m\u00edt takov\u00e1 debata pro n\u011bkoho smysl. Ale i kdyby nem\u011bla \u017e\u00e1dn\u00fd, znamenalo by to, \u017ee je nutno silou takovou debatu nep\u0159ipustit?<\/p>\n<p>Ano. Jsou lid\u00e9, pro kter\u00e9 je takov\u00e1 debata nebezpe\u010dn\u00e1, \u0161kodliv\u00e1 a nelze ji v\u016fbec povolit. P\u0159\u00edli\u0161 se nenam\u00e1haj\u00ed p\u0159em\u00fd\u0161let o tom, zda riziko takov\u00e9 debaty je tak velk\u00e9, \u017ee oprav\u0148uje k&nbsp;\u00favah\u00e1m o tom, kdo v\u0161echno pat\u0159\u00ed do kategorie srovnateln\u00e9 s vyznava\u010di teorie o placatosti Zem\u011b. Nenam\u00e1haj\u00ed se p\u0159em\u00fd\u0161let ani tom, kam a\u017e takov\u00e9hle \u00favahy mohou v\u00e9st.<\/p>\n<p><strong>U\u010ditel Luke\u0161<\/strong><\/p>\n<p>P\u0159\u00edm\u011br o astrofyzikovi a stoupenci teorie o placatosti Zem\u011b jsem si p\u016fj\u010dil od jednoho z&nbsp;mnoha novin\u00e1\u0159\u016f, kte\u0159\u00ed p\u0159ed \u0161esti lety reagovali na mou debatu v&nbsp;publicistick\u00e9m po\u0159adu \u010cesk\u00e9 televizi s&nbsp;u\u010ditelem st\u0159edoevropsk\u00e9 historie od Bostonu Igorem Luke\u0161em. Debata se vedla na t\u00e9ma americko-rusk\u00e9ho summitu na Islandu. Nebo sp\u00ed\u0161e m\u011bla v\u00e9st. O t\u00e9matech summitu tak, jak byly prezentov\u00e1ny na tiskov\u00e9 konferenci, jsem mluvil jen j\u00e1. Druh\u00fd \u00fa\u010dastn\u00edk debaty mluvil jen o dotazu britsk\u00e9ho novin\u00e1\u0159e na on\u00e9 tiskovce. Novin\u00e1\u0159 se neptal na obsah jedn\u00e1n\u00ed, ale cht\u011bl jen po tis\u00edc\u00ed opr\u00e1\u0161it na\u0159\u010den\u00ed v\u016f\u010di prezidentovi Donaldu Tumpovi, \u017ee byl zvolen manipulac\u00ed, za kterou st\u00e1lo Rusko.<\/p>\n<p>To stoj\u00ed za p\u0159ipomenut\u00ed. M\u00e9dia hlavn\u00edho proudu dnes chv\u00e1l\u00ed pora\u017een\u00e9 Demokraty za to, \u017ee p\u0159ijali por\u00e1\u017eku a \u017ee chystaj\u00ed p\u0159ed\u00e1n\u00ed moci. Co\u017e se pr\u00fd p\u0159ed \u010dty\u0159ma lety nestalo. No, na p\u0159ed\u00e1n\u00ed moci si je\u0161t\u011b dva m\u011bs\u00edce po\u010dk\u00e1me, st\u00e1t se m\u016f\u017ee ledacos, ale u tohoto srovn\u00e1n\u00ed se zastavme. \u017dije tu m\u00fdtus, jak \u017ee je to tentokr\u00e1t idylka, zat\u00edmco p\u0159ed \u010dty\u0159ma lety inicioval Trump \u201e\u00fatok\u201c na Kapitol. No, ona to byla akce dost podivn\u00e1. Trump rozhodn\u011b nikoho nevyz\u00fdval ke vniknut\u00ed do americk\u00e9ho parlamentu, divn\u00e9 sp\u00ed\u0161e bylo to, jak v p\u0159edm\u011btnou chv\u00edli zmizela ochranka, na\u010de\u017e si dav lid\u00ed v&nbsp;chodb\u00e1ch Kapitolu uspo\u0159\u00e1dal exkurzi, z&nbsp;\u010deho\u017e se dochovaly mraky obrazov\u00e9ho materi\u00e1lu. Jak do\u0161lo k&nbsp;zabit\u00ed \u010dty\u0159 t\u011bchto demonstrant\u016f a tak\u00e9 jedn\u00e9 osoby z&nbsp;\u0159ad policist\u016f, to zrovna moc jasn\u00e9 nen\u00ed. Proto\u017ee se o tom zrovna moc mluvit nesm\u011blo. Ale dobr\u00e1.<\/p>\n<p>Kdy\u017e u\u017e ale srovn\u00e1v\u00e1me, pro\u010d nesrovn\u00e1v\u00e1me dne\u0161ek se situac\u00ed pro zvolen\u00ed Donalda Trumpa p\u0159ed osmi lety? Ani na minutu jeho v\u00edt\u011bzstv\u00ed politick\u00e1, kulturn\u00ed, novin\u00e1\u0159sk\u00e9 \u010di univerzitn\u00ed levicov\u00e1 sc\u00e9na nep\u0159ijala. Trump byl vl\u00e1\u010den po soudech, \u010delil impeachmentu, byl obvi\u0148ov\u00e1n, \u017ee za jeho v\u00edt\u011bzstv\u00edm stoj\u00ed rusk\u00e9 \u010dachry. M\u00edsto plnohodnotn\u00e9ho prezidentov\u00e1n\u00ed se tak Trump v\u011bnoval cel\u00e9 roky jen h\u00e1jen\u00ed samotn\u00e9 existence sv\u00e9ho prezidentov\u00e1n\u00ed. \u017de pak sv\u00e9 soudy vyhr\u00e1l a \u017ee za tzv. ruskou stopou st\u00e1la konspirace volebn\u00edho \u0161t\u00e1bu Clintonov\u00e9, to u\u017e pak nikoho moc nezaj\u00edmalo. Na t\u00e9to l\u017eiv\u00e9 vln\u011b ale tehdy surfoval pr\u00e1v\u011b Igor Luke\u0161 a m\u00edsto obsahu summitu st\u00e1le nastoloval jen onu jednu ot\u00e1zku jednoho Brita z&nbsp;tiskovky.<\/p>\n<p>Nejhez\u010d\u00ed bylo, jak reagoval na m\u00e9 v\u011bty. Pominul moder\u00e1torovu ot\u00e1zku s&nbsp;t\u00edm, \u017ee nejd\u0159\u00edv mus\u00ed vyjevit sv\u00e9 p\u0159ekvapen\u00ed nad t\u00edm, jak \u017ee on p\u0159ece p\u0159i\u0161el do t\u00e9to debaty, a zat\u00edm poslouch\u00e1 \u201eotev\u0159en\u00e9 l\u017ei a nesmysly\u201c \u010dlov\u011bka, o kter\u00e9m v\u00ed jen to, \u017ee nos\u00ed ko\u0148sk\u00fd ohon.<\/p>\n<p><strong>Ko\u0148sk\u00fd ohon a \u010cT<\/strong><\/p>\n<p>Dnes nen\u00ed podstatn\u00e9, \u017ee Luke\u0161 tehdy uj\u00ed\u017ed\u011bl na pokrok\u00e1\u0159skou ma\u0161in\u00e9ri\u00ed tla\u010den\u00e9 protitrumpovsk\u00e9 hysterii a t\u00e9ma summitu ho nezaj\u00edmalo. I kdy\u017e \u00fasm\u011bvn\u00e9 je i jeho kouzlo necht\u011bn\u00e9ho: j\u00e1 jsem si p\u0159i\u0161el \u0159\u00edkat, co budu cht\u00edt, a najednou \u017ee m\u00e1m debatovat? Ano, i proto letos demokrat\u00e9 prohr\u00e1li. Sv\u00e9 oponenty nejsou p\u0159ipraveni p\u0159etla\u010dit argumenty, jen p\u0159ehlu\u0161it, uml\u010det, kriminalizovat \u010di ignorovat.<\/p>\n<p>Podstatn\u00e9 je to, jak pot\u00e9 na rozhovor reagovala na\u0161e novin\u00e1\u0159sk\u00e1 fronta. T\u00e9m\u011b\u0159 jednotn\u011b ry\u010dela, \u017ee do takov\u00e9 debaty jsem v\u016fbec nem\u011bl b\u00fdt p\u0159ipu\u0161t\u011bn, co j\u00e1 jsem jako za\u010d, kdy\u017e v\u016f\u010di mn\u011b sed\u00ed americk\u00fd ct\u011bn\u00fd znalec mezin\u00e1rodn\u00ed politiky. No, r\u00e1d bych v\u011bd\u011bl, kolika summit\u016f se Luke\u0161 osobn\u011b z\u00fa\u010dastnil, na kolika diplomatick\u00fdch jedn\u00e1n\u00edch na nejvy\u0161\u0161\u00ed \u00farovni byl p\u0159\u00edtomen, s&nbsp;kolika nejvy\u0161\u0161\u00edmi p\u0159edstaviteli st\u00e1t\u016f, kdy mluvil, jak\u00e9 m\u00e1 zku\u0161enosti s&nbsp;diplomatick\u00fdmi re\u0161er\u0161emi a agendami. Asi nic moc, ale tu ot\u00e1zku si novin\u00e1\u0159i nekladli.<\/p>\n<p>A n\u011bkte\u0159\u00ed vyt\u00e1hli kalibr nejsiln\u011bj\u0161\u00ed. \u017de nelze d\u00e1vat stejn\u00fd prostor Hitlerovi jako \u017didovi. A \u017ee p\u011bt minut pro Hitlera a p\u011bt minut pro \u017dida, to nen\u00ed \u017e\u00e1dn\u00e1 vyv\u00e1\u017eenost. Jist\u011b\u017ee t\u00edm Hitlerem jsem m\u011bl b\u00fdt j\u00e1. To nepsali anonymov\u00e9 v&nbsp;diskus\u00edch, ale novin\u00e1\u0159i v&nbsp;m\u00e9di\u00edch. V\u010detn\u011b t\u011bch z&nbsp;\u010cT.<\/p>\n<p>Vlastn\u011b jsem si na to vzpomn\u011bl d\u00edky p\u0159\u00edsp\u011bvku p\u0159edsedy Svobodn\u00fdch Libora Vondr\u00e1\u010dka na fejsbuku, ve kter\u00e9m zve\u0159ejnil malou \u010d\u00e1st z\u00e1znamu on\u00e9 vesel\u00e9 debaty s&nbsp;Luke\u0161em a pt\u00e1 se \u201eTak schv\u00e1ln\u011b: Kolik minut v&nbsp;\u010cT dostal za posledn\u00edch 24 hodin Igor Luke\u0161, hledaj\u00edc\u00ed \u201eko\u0148sk\u00fd ohon\u201c na hlav\u011b Jakla, a kolik v\u011bcn\u00fd Ladislav Jakl\u201c. Tajenku mohu prozradit, a net\u00fdk\u00e1 se pouze ned\u00e1vn\u00fdch 24 volebn\u00edch hodin. Do budovy OTN, odkud se vys\u00edl\u00e1 zpravodajstv\u00ed a publicistika \u010cT, jsem za \u0161est a p\u016fl roku od on\u00e9 debaty s&nbsp;Luke\u0161em nebyl pozv\u00e1n ani jednou (ani formou telemostu), zat\u00edmco pan Luke\u0161 si od kamery sotva stihne odsko\u010dit na toaletu. &nbsp;&nbsp;&nbsp;&nbsp;&nbsp;&nbsp;&nbsp;&nbsp;&nbsp;&nbsp;&nbsp;<\/p>\n<p><strong>P\u011bt minut pro Hitlera<\/strong><\/p>\n<p>Na tom v\u0161em je nejzaj\u00edmav\u011bj\u0161\u00ed ona snadnost p\u0159irovn\u00e1n\u00ed k&nbsp;Hitlerovi. Pou\u017eil ji i doty\u010dn\u00fd novin\u00e1\u0159 z&nbsp;\u00favodu tohoto textu, aby nakonec dal p\u0159ednost stoupenci teorie o placatosti Zem\u011b. Toho si nelze nev\u0161imnout. Majitel\u00e9 jedin\u00fdch pravd, jsou-li p\u0159itla\u010deni ke zdi d\u016fkazy, \u017ee zadup\u00e1vaj\u00ed svobodu slova, \u017ee destruuj\u00ed voltairovsk\u00fd princip dialogu a \u017ee uml\u010duj\u00ed a zastra\u0161uj\u00ed sv\u00e9 oponenty, vyt\u00e1hnou obvykle pr\u00e1v\u011b tenhle sv\u016fj posledn\u00ed zoufal\u00fd argument. \u017de p\u0159ece svobodu slova nelze ch\u00e1pat absolutn\u011b ve smyslu vyv\u00e1\u017eenosti vz\u00e1jemn\u011b polemizuj\u00edc\u00edch ideov\u00fdch a n\u00e1zorov\u00fdch pozic, proto\u017ee to by znamenalo p\u0159istoupit na princip \u201ep\u011bt minut pro \u017dida, p\u011bt minut pro Hitlera\u201c. A m\u00edvaj\u00ed u toho triumfalistick\u00fd pocit, \u017ee tento argument nelze p\u0159eb\u00edt, ani\u017e by se oponent dopustil obhajoby samotn\u00e9ho pekla.<\/p>\n<p>Dobr\u00e1, tak se na tento jejich trumf v&nbsp;ruk\u00e1vu pod\u00edvejme zbl\u00edzka. U\u017e to, s&nbsp;jakou snadnost\u00ed p\u0159irovn\u00e1vaj\u00ed sv\u00e9 oponenty k&nbsp;Hitlerovi, je krystalick\u00fdm p\u0159\u00edkladem jejich my\u0161len\u00ed. Ostatn\u00ed jsou Hitle\u0159i a \u010f\u00e1blov\u00e9, j\u00e1 tedy nutn\u011b mus\u00edm b\u00fdt zt\u011blesn\u011bn\u00edm dobra, j\u00e1 mus\u00edm b\u00fdt and\u011blem, kter\u00fd je nad ve\u0161kerou pozemskou bitvou slov.<\/p>\n<p>Ale je tu je\u0161t\u011b n\u011bco v\u00e1\u017en\u011bj\u0161\u00edho. Hitler je mrtev a jeho ideologie je popsan\u00e1, v\u010detn\u011b toho, k&nbsp;\u010demu vedla. Kdybychom Hitlera jen pro \u00fa\u010dely takov\u00e9 hypotetick\u00e9 debaty o\u017eivili, byla by jeho \u00fa\u010dast tak stra\u0161liv\u011b nep\u0159ijateln\u00e1? Nebyla by naopak tou nelep\u0161\u00ed ilustrac\u00ed, jak n\u011bkter\u00e1 hesla, jsou-li konfrontov\u00e1na se sv\u00fdmi d\u016fsledky, vyjev\u00ed svou podstatu p\u00e1dn\u011bji, n\u00e1zorn\u011bji a p\u0159esv\u011bd\u010div\u011bji, ne\u017e jak\u00fdkoli jin\u00fd zp\u016fsob demaskov\u00e1n\u00ed?<\/p>\n<p>Nav\u00edc nejde o tuto historickou postavu, ale o princip, o fenom\u00e9n. Jak pozn\u00e1me nov\u00e9 Hitlery d\u0159\u00edv, ne\u017e za\u010dnou zplynov\u00e1vat a p\u00e1lit \u0179idy? P\u0159ece pouze jedin\u011b t\u00edm, \u017ee budeme poslouchat, co \u0159\u00edkaj\u00ed. A budeme dom\u00fd\u0161let jejich slova do d\u016fsledk\u016f. To je p\u0159ece nejlep\u0161\u00ed prevence, aby jim spole\u010dnost znovu nenalet\u011bla.<\/p>\n<p>To se tak moc boj\u00edme, \u017ee by na svou stranu strhli lid? To si tak m\u00e1lo v\u011b\u0159\u00edme, \u017ee je mus\u00edme uml\u010det? To tak m\u00e1lo v\u011b\u0159\u00edme lidem, \u017ee podlehnou v\u00e1ben\u00ed krysa\u0159ovy p\u00ed\u0161\u0165alky? A jak vlastn\u011b v\u00edme, kte\u0159\u00ed to jsou, kdy\u017e je nechceme nechat mluvit? Pak asi nem\u00e1me sami dobr\u00e9 sv\u011bdom\u00ed, pak si sami nejsme jisti, zda argumentujeme \u010destn\u011b a korektn\u011b. Pokud budeme rozd\u00e1vat n\u00e1lepky s&nbsp;Hitlerem, ani\u017e bychom kritiky nechali mluvit, nikdy se nedozv\u00edme, kdo si eventu\u00e1ln\u011b takovou n\u00e1lepku zaslou\u017e\u00ed. A tedy umet\u00e1me cesti\u010dku skute\u010dn\u00fdm nov\u00fdm Hitler\u016fm. Tak\u017ee: pro\u010d ne p\u011bt minut i pro satana? A\u0165 se demaskuje!<\/p>\n<p>Ostatn\u011b, dokonce i tehdy, kdy u\u017e bylo v\u0161e demaskov\u00e1no, m\u011bli v\u0161ichni ob\u017ealovan\u00ed v&nbsp;Norimbersk\u00e9m procesu sv\u00e9 \u0159\u00e1dn\u00e9 obh\u00e1jce. M\u011bli sv\u00e9 minuty, mohli se obhajovat sami, mohli argumentovat, vysv\u011btlovat, h\u00e1jit se. V\u011bt\u0161inou marn\u011b, ale tu mo\u017enost m\u011bli, Kdyby ji nem\u011bli, nebyli by jejich soudci n\u00e1strojem spravedlnosti, ale pouh\u00e9 msty.<\/p>\n<p>A co tedy protla\u010duj\u00ed ti dne\u0161n\u00ed majitel\u00e9 jedin\u00fdch pravd? Zl\u00fd n\u00e1zor nesm\u00ed m\u00edt n\u00e1rok na to, aby jeho nositel cokoli vysv\u011btloval, aby ho h\u00e1jil. A to i v&nbsp;p\u0159\u00edpad\u011b, \u017ee toho na n\u011bj m\u00e1me milionkr\u00e1t m\u00e9n\u011b ne\u017e na v\u00e1le\u010dn\u00e9 zlo\u010dince z&nbsp;Norimberku. \u017d\u00e1dn\u00fdch p\u011bt minut pro ty, kter\u00e9 ocejchujeme coby nov\u00e9 Hitlery, \u017e\u00e1dn\u00fd prostor pro sebeobhajobu t\u011bch, kter\u00e9 pova\u017eujeme za zlo. Rovnou n\u011bjak\u00e1 modern\u00ed forma spole\u010densk\u00e9 popravy.<\/p>\n<p>Tihle urputn\u00ed a vehementn\u00ed potla\u010dovatel\u00e9 v\u0161ech \u201e\u0161kodliv\u00fdch slov\u201c si ve sv\u00e9m z\u00e1palu nemaj\u00ed \u0161anci v\u0161imnout, \u017ee to jim pod nosem za\u010d\u00edn\u00e1 ra\u0161it kn\u00edrek. Ne, nebojme se tohoto jejich \u201eabsolutn\u00edho p\u0159irovn\u00e1n\u00ed\u201c a nenechme se j\u00edm zastra\u0161it. Princip debaty a princip jej\u00ed ochrany je ve skute\u010dnosti daleko vz\u00e1cn\u011bj\u0161\u00ed ne\u017e fr\u00e1ze o tom, jak je nep\u0159ijateln\u00e9 dovolit n\u011bkomu mluvit.<\/p>\n<p>\u017dij\u00ed mezi n\u00e1mi lid\u00e9, kte\u0159\u00ed hl\u00e1saj\u00ed: \u201edikt\u00e1to\u0159i zakazuj\u00ed \u0159\u00edkat dobr\u00e9 v\u011bci, zat\u00edmco demokrat\u00e9 nezakazuj\u00ed \u0159\u00edkat dobr\u00e9 v\u011bci, zakazuj\u00ed \u0159\u00edkat jen \u0161patn\u00e9 v\u011bci.\u201c Tolik zbyte\u010dn\u00fdch slov, \u017ee. P\u0159itom by sta\u010dilo: \u201edikt\u00e1to\u0159i zakazuj\u00ed, demokrat\u00e9 nezakazuj\u00ed.\u201c<\/p>\n<p>Ps\u00e1no pro listopadov\u00fd m\u011bs\u00ed\u010dn\u00edk TO&nbsp;<\/p>\n","protected":false},"excerpt":{"rendered":"<p>M\u00e1 \u010dlov\u011bk, kter\u00fd hl\u00e1s\u00e1 sv\u00e9 p\u0159esv\u011bd\u010den\u00ed o placatosti Zem\u011bkoule, b\u00fdt v\u016fbec p\u0159ipu\u0161t\u011bn do debaty se zn\u00e1m\u00fdm astrofyzikem? No nem\u00e1! Nen\u00ed k&nbsp;tomu p\u0159ece kvalifikov\u00e1n, opr\u00e1vn\u011bn, povol\u00e1n. A debata s&nbsp;n\u00edm postr\u00e1d\u00e1 smysl. V\u00e1\u017en\u011b?<\/p>\n","protected":false},"author":9,"featured_media":0,"comment_status":"open","ping_status":"open","sticky":false,"template":"","format":"standard","meta":{"ngg_post_thumbnail":0,"footnotes":""},"categories":[1],"tags":[],"class_list":["post-14475","post","type-post","status-publish","format-standard","hentry","category-publikovane-clanky"],"_links":{"self":[{"href":"https:\/\/www.ladislavjakl.cz\/index.php?rest_route=\/wp\/v2\/posts\/14475","targetHints":{"allow":["GET"]}}],"collection":[{"href":"https:\/\/www.ladislavjakl.cz\/index.php?rest_route=\/wp\/v2\/posts"}],"about":[{"href":"https:\/\/www.ladislavjakl.cz\/index.php?rest_route=\/wp\/v2\/types\/post"}],"author":[{"embeddable":true,"href":"https:\/\/www.ladislavjakl.cz\/index.php?rest_route=\/wp\/v2\/users\/9"}],"replies":[{"embeddable":true,"href":"https:\/\/www.ladislavjakl.cz\/index.php?rest_route=%2Fwp%2Fv2%2Fcomments&post=14475"}],"version-history":[{"count":1,"href":"https:\/\/www.ladislavjakl.cz\/index.php?rest_route=\/wp\/v2\/posts\/14475\/revisions"}],"predecessor-version":[{"id":14476,"href":"https:\/\/www.ladislavjakl.cz\/index.php?rest_route=\/wp\/v2\/posts\/14475\/revisions\/14476"}],"wp:attachment":[{"href":"https:\/\/www.ladislavjakl.cz\/index.php?rest_route=%2Fwp%2Fv2%2Fmedia&parent=14475"}],"wp:term":[{"taxonomy":"category","embeddable":true,"href":"https:\/\/www.ladislavjakl.cz\/index.php?rest_route=%2Fwp%2Fv2%2Fcategories&post=14475"},{"taxonomy":"post_tag","embeddable":true,"href":"https:\/\/www.ladislavjakl.cz\/index.php?rest_route=%2Fwp%2Fv2%2Ftags&post=14475"}],"curies":[{"name":"wp","href":"https:\/\/api.w.org\/{rel}","templated":true}]}}