{"id":14478,"date":"2024-11-29T21:02:26","date_gmt":"2024-11-29T20:02:26","guid":{"rendered":"https:\/\/www.ladislavjakl.cz\/?p=14478"},"modified":"2024-11-29T21:02:26","modified_gmt":"2024-11-29T20:02:26","slug":"pestujete-mrkev-jste-rasisti","status":"publish","type":"post","link":"https:\/\/www.ladislavjakl.cz\/?p=14478","title":{"rendered":"P\u011bstujete mrkev? Jste rasisti!"},"content":{"rendered":"<p>Alkohol je rasistick\u00fd. Pro zpozdilce, kte\u0159\u00ed tomu nev\u011b\u0159\u00ed, je tu p\u00e1dn\u00fd argument. Co vid\u00ed opilec? Vid\u00ed snad \u010dern\u00e9 my\u0161ky? Spr\u00e1vn\u011b! Vid\u00ed b\u00edl\u00e9! Chcete snad je\u0161t\u011b p\u00e1dn\u011bj\u0161\u00ed argument pro z\u00e1kaz alkoholu?<\/p>\n<p><!--more--><\/p>\n<p>Mo\u017en\u00e1 si \u0159\u00edk\u00e1te, \u017ee takov\u00e9 hloup\u00e9 vt\u00edpky se snad rad\u011bji ani nemaj\u00ed \u0159\u00edkat nahlas, nebo se toho je\u0161t\u011b n\u011bkdo chytne. Proto\u017ee evidentn\u011b nic nen\u00ed dost nep\u0159edstaviteln\u00e9, aby se to nemohlo st\u00e1t sou\u010d\u00e1st\u00ed progresivistick\u00e9 agendy. P\u0159\u00edkladem m\u016f\u017ee b\u00fdt t\u0159eba jedna z&nbsp;nejpokrokov\u011bj\u0161\u00edch vl\u00e1d sv\u011bta, ta vel\u0161k\u00e1.<\/p>\n<p>Co by mohlo b\u00fdt vel\u0161t\u011bj\u0161\u00edho, ne\u017e proch\u00e1zka po parku s&nbsp;pejskem plemene welsh corgi cardigan (nebo pembroke), \u0159\u00edk\u00e1te si. Jen\u017ee \u2013 bejv\u00e1valo. Vl\u00e1da z\u00e1padobritsk\u00e9 zem\u011b Wales se toti\u017e zav\u00e1zala, \u017ee do roku 2030 bude zdej\u0161\u00ed spole\u010dnost zcela nerasistickou. Na tom nem\u016f\u017ee b\u00fdt nic \u0161patn\u00e9ho, \u0159\u00edk\u00e1te si. K&nbsp;tomu posta\u010d\u00ed prov\u011b\u0159it, zda zdej\u0161\u00ed pr\u00e1vn\u00ed \u0159\u00e1d, pop\u0159\u00edpad\u011b pravidla ve\u0159ejn\u00fdch instituc\u00ed neobsahuj\u00ed n\u011bjak\u00e9 relikty rasov\u00e9 segregace \u010di diskriminace.<\/p>\n<p>Jen\u017ee to by boj proti rasismu z\u016fstal podle m\u00edstn\u00ed labouristick\u00e9 vl\u00e1dy nap\u016fl cesty. A tak se mil\u00e1 vl\u00e1da obr\u00e1tila na aktivistick\u00e9 iniciativy, aby j\u00ed poradily, jak bojovat proti rasismu co nejd\u016fsledn\u011bji. A mezi odporu\u010den\u00edmi, kter\u00e9 se n\u00e1sledn\u011b ocitly ve zpr\u00e1v\u011b vel\u0161k\u00e9 vl\u00e1dy, je z\u00e1kaz ven\u010den\u00ed ps\u016f. Nebo tak\u00e9 z\u00e1kaz zahradni\u010den\u00ed.<\/p>\n<p>Organizace typu Climate Cymru BAME, Green Soul nebo North Wales African Society jsou toti\u017e n\u00e1zoru, \u017ee \u010derno\u0161i se v&nbsp;p\u0159\u00edtomnosti ps\u016f nec\u00edt\u00ed bezpe\u010dn\u011b. A \u017ee stejn\u011b chov ps\u016f je kon\u00ed\u010dkem b\u011bloch\u016f. Stejn\u011b jako zahradni\u010den\u00ed na z\u00e1honech u domu, proto\u017ee to je pr\u00fd z\u00e1liba star\u00fdch b\u011blo\u0161ek. Jestli se v\u00e1m takov\u00e9 po\u017eadavky zdaj\u00ed \u00fapln\u011b pitom\u00e9, jen na sebe prozrazujete sv\u00e9 skryt\u00e9 rasistick\u00e9 ledv\u00ed. A kdov\u00ed, jestli taky nepijete alkohol. Pro jeho\u017e odbour\u00e1v\u00e1n\u00ed m\u00e1 nad\u0159azen\u00e1 b\u00edl\u00e1 rasa lep\u0161\u00ed enzymov\u00e9 vybaven\u00ed ne\u017e rasy ostatn\u00ed.<\/p>\n<p>Tak\u017ee pry\u010d se zahr\u00e1dkami a pejsky. Bude to sta\u010dit? Jsem si jist, \u017ee ne. Obrac\u00edm se proto na v\u00e1s, mil\u00ed \u010dten\u00e1\u0159i, zda byste si nedali pr\u00e1ci a neodhalili dal\u0161\u00ed na prvn\u00ed pohled ne\u0161kodn\u00e9 a nevinn\u00e9 formy z\u00e1ke\u0159n\u00e9ho rasismu. Dob\u0159e se d\u00edvejte kolem sebe. Co t\u0159eba opalovac\u00ed kr\u00e9my? Kulmy a nat\u00e1\u010dky? Vid\u00edte, najde se toho je\u0161t\u011b dost. Sv\u00e9 podn\u011bty m\u016f\u017eete adresovat rovnou vel\u0161sk\u00e9 vl\u00e1d\u011b. Ta by je mohla zahrnout do sv\u00e9 zpr\u00e1vy p\u0159\u00ed\u0161t\u00ed rok. A zpr\u00e1va by pak mohla b\u00fdt publikov\u00e1na t\u0159eba prvn\u00edho dubna.<\/p>\n<p>Mimochodem, ono to glob\u00e1ln\u00ed oteplov\u00e1n\u00ed je taky rasistick\u00e9. B\u00edl\u00ed obyvatel\u00e9 m\u00edrn\u00e9ho p\u00e1su se t\u011b\u0161\u00ed na teplou\u010dko, na vy\u0161\u0161\u00ed \u00farody a na \u0161\u0165avnat\u011bj\u0161\u00ed zele\u0148, zat\u00edmco sn\u011bd\u00ed obyvatel\u00e9 z&nbsp;oblast\u00ed polo\u017een\u00fdch bl\u00ed\u017ee k&nbsp;rovn\u00edku se mohou up\u00e9ci. Proto nen\u00ed divu, \u017ee mnoh\u00e9 z&nbsp;aktivistick\u00fdch organizac\u00ed prosazuj\u00ed protirasistickou a protiuh\u00edkovou agendu sou\u010dasn\u011b.<\/p>\n<p>Tak\u017ee jestli jste a\u017e dosud byli vla\u017en\u00ed v\u016f\u010di klimatick\u00fdm zvon\u016fm bij\u00edc\u00edm na poplach, pak jste nejen nep\u0159\u00e1tel\u00e9 planety, ale tak\u00e9 p\u011bkn\u00ed rasisti. A proto\u017ee nechci b\u00fdt s&nbsp;v\u00e1mi h\u00e1zen do jednoho pytle, navrhuji okam\u017eit\u00fd z\u00e1kaz tu\u017eek. Pro\u010d? Zanech\u00e1vaj\u00ed na pap\u00ed\u0159e uhl\u00edkovou stopu.<\/p>\n<p><em>Ladislav Jakl, 28. 11. 2024<\/em><\/p>\n<p><a href=\"https:\/\/www.institutvk.cz\/clanky\/2988.html\">Zdroj<\/a><\/p>\n","protected":false},"excerpt":{"rendered":"<p>Alkohol je rasistick\u00fd. Pro zpozdilce, kte\u0159\u00ed tomu nev\u011b\u0159\u00ed, je tu p\u00e1dn\u00fd argument. Co vid\u00ed opilec? Vid\u00ed snad \u010dern\u00e9 my\u0161ky? Spr\u00e1vn\u011b! Vid\u00ed b\u00edl\u00e9! Chcete snad je\u0161t\u011b p\u00e1dn\u011bj\u0161\u00ed argument pro z\u00e1kaz alkoholu?<\/p>\n","protected":false},"author":9,"featured_media":0,"comment_status":"open","ping_status":"open","sticky":false,"template":"","format":"standard","meta":{"ngg_post_thumbnail":0,"footnotes":""},"categories":[1,10],"tags":[],"class_list":["post-14478","post","type-post","status-publish","format-standard","hentry","category-publikovane-clanky","category-zlehka"],"_links":{"self":[{"href":"https:\/\/www.ladislavjakl.cz\/index.php?rest_route=\/wp\/v2\/posts\/14478","targetHints":{"allow":["GET"]}}],"collection":[{"href":"https:\/\/www.ladislavjakl.cz\/index.php?rest_route=\/wp\/v2\/posts"}],"about":[{"href":"https:\/\/www.ladislavjakl.cz\/index.php?rest_route=\/wp\/v2\/types\/post"}],"author":[{"embeddable":true,"href":"https:\/\/www.ladislavjakl.cz\/index.php?rest_route=\/wp\/v2\/users\/9"}],"replies":[{"embeddable":true,"href":"https:\/\/www.ladislavjakl.cz\/index.php?rest_route=%2Fwp%2Fv2%2Fcomments&post=14478"}],"version-history":[{"count":1,"href":"https:\/\/www.ladislavjakl.cz\/index.php?rest_route=\/wp\/v2\/posts\/14478\/revisions"}],"predecessor-version":[{"id":14479,"href":"https:\/\/www.ladislavjakl.cz\/index.php?rest_route=\/wp\/v2\/posts\/14478\/revisions\/14479"}],"wp:attachment":[{"href":"https:\/\/www.ladislavjakl.cz\/index.php?rest_route=%2Fwp%2Fv2%2Fmedia&parent=14478"}],"wp:term":[{"taxonomy":"category","embeddable":true,"href":"https:\/\/www.ladislavjakl.cz\/index.php?rest_route=%2Fwp%2Fv2%2Fcategories&post=14478"},{"taxonomy":"post_tag","embeddable":true,"href":"https:\/\/www.ladislavjakl.cz\/index.php?rest_route=%2Fwp%2Fv2%2Ftags&post=14478"}],"curies":[{"name":"wp","href":"https:\/\/api.w.org\/{rel}","templated":true}]}}