{"id":14484,"date":"2024-12-02T17:54:44","date_gmt":"2024-12-02T16:54:44","guid":{"rendered":"https:\/\/www.ladislavjakl.cz\/?p=14484"},"modified":"2024-12-02T17:54:44","modified_gmt":"2024-12-02T16:54:44","slug":"jakl-rozpor-mezi-zkusenosti-a-tim-co-je-videt-na-obrazovkach-muze-vest-k-radikalizaci-verejnosti","status":"publish","type":"post","link":"https:\/\/www.ladislavjakl.cz\/?p=14484","title":{"rendered":"Jakl: Rozpor mezi zku\u0161enost\u00ed a t\u00edm, co je vid\u011bt na obrazovk\u00e1ch, m\u016f\u017ee v\u00e9st k radikalizaci ve\u0159ejnosti"},"content":{"rendered":"<div class=\"article__lead\">\u010cesk\u00e1 televize st\u00e1hla prim\u00e1tora Plzn\u011b z vys\u00edl\u00e1n\u00ed pot\u00e9, co spojil r\u016fst kriminality s uprchl\u00edky z Ukrajiny. Nov\u00fd p\u0159\u00edpad cenzury zhodnotil Ladislav Jakl, \u0159editel Centra spole\u010densk\u00fdch studi\u00ed Institutu V\u00e1clava Klause: \u201eVid\u00edme, kam vedlo popisov\u00e1n\u00ed \u00fatok\u016f ileg\u00e1ln\u00edch imigrant\u016f slovy jako \u201amlad\u00edci napadli\u2018.\u201d<\/div>\n<div>&nbsp;<\/div>\n<p><!--more--><\/p>\n<p><b>Co si mysl\u00edte o z\u00e1sahu moder\u00e1tora b\u011bhem \u017eiv\u00e9ho vys\u00edl\u00e1n\u00ed a o n\u00e1hl\u00e9m ukon\u010den\u00ed videomostu s prim\u00e1torem Romanem Zarzysk\u00fdm?<\/p>\n<p>Ladislav Jakl:<\/b>&nbsp;\u010cetl jsem o n\u011bm. I o n\u00e1sledn\u00e9 reakci plze\u0148sk\u00fdch zastupitel\u016f. Jde o typick\u00fd p\u0159\u00edklad p\u0161tros\u00ed politiky. Zaml\u010d\u00edme n\u011bjak\u00fd nep\u0159\u00edjemn\u00fd spole\u010densk\u00fd jev a budeme si myslet, \u017ee t\u00edm jev p\u0159estane existovat. Nep\u0159estane. Naopak. T\u00edm, \u017ee se o n\u011bm nebude otev\u0159en\u011b mluvit, nebude se ani \u00fa\u010dinn\u011b \u0159e\u0161it, a\u017e nakonec nabude obludn\u00fdch rozm\u011br\u016f. Vid\u00edme, kam vedlo mnohalet\u00e9 popisov\u00e1n\u00ed vra\u017eedn\u00fdch \u00fatok\u016f v z\u00e1padoevropsk\u00fdch zem\u00edch z rukou ileg\u00e1ln\u00edch imigrant\u016f slovy jako \u201emlad\u00edci napadli\u201c\u2026<b><\/p>\n<p>O \u010dem sv\u011bd\u010d\u00ed skute\u010dnost, \u017ee \u010cesk\u00e1 televize nen\u00ed ochotn\u00e1, aby se mluvilo o p\u0159\u00ed\u010din\u00e1ch r\u016fstu kriminality ve m\u011bstech v souvislosti s konfliktem na Ukrajin\u011b?<\/b><\/p>\n<p>Nejde jen o Ukrajince. Stejn\u00e9 to je i u imigrant\u016f z Ar\u00e1bie \u010di Afriky. Lid\u00e9 ale nepot\u0159ebuj\u00ed televizi, aby na vlastn\u00ed o\u010di vid\u011bli, \u017ee se d\u011bje n\u011bco \u0161patn\u00e9ho. A kdy\u017e o tom nevid\u00ed reflexi v m\u00e9di\u00edch, za\u010dnou v\u0161e pova\u017eovat za spiknut\u00ed moci proti norm\u00e1ln\u00edm lidem.<b><\/p>\n<p>Jak tento p\u0159\u00edstup m\u016f\u017ee p\u016fsobit na div\u00e1ky? Ovlivn\u00ed jejich ochotu k placen\u00ed plo\u0161n\u00e9 televizn\u00ed dan\u011b, kter\u00e1 se nyn\u00ed projedn\u00e1v\u00e1 a m\u011bla by se platit od p\u0159\u00ed\u0161t\u00edho roku?<\/b><\/p>\n<p>Ochotu platit rozhlasov\u00e9 a televizn\u00ed poplatky to negativn\u011b ovlivnit m\u016f\u017ee, stejn\u011b jako letit\u00e1 jednostrann\u00e1 propaganda u mnoha ostatn\u00edch t\u00e9mat. Ale jde o v\u00e1\u017en\u011bj\u0161\u00ed v\u011bc ne\u017e o poplatky. St\u00e1tem z\u0159\u00edzen\u00e1 m\u00e9dia za\u010dne div\u00e1k pova\u017eovat za sou\u010d\u00e1st mocensk\u00e9 ma\u0161in\u00e9rie, proti kter\u00e9 je nutno se postavit. Rozpor mezi ka\u017edodenn\u00ed zku\u0161enost\u00ed a t\u00edm, co je vid\u011bt na obrazovk\u00e1ch, m\u016f\u017ee v\u00e9st jen k dal\u0161\u00ed radikalizaci ve\u0159ejnosti.<\/p>\n<p><b>D\u011bkujeme za rozhovor!<\/b><\/p>\n<p><a href=\"https:\/\/42tcen.com\/entry\/jakl-rozpor-mezi-zkusenosti-a-tim-co-je-videt-na-obrazovkach-muze-vest-k-radikalizaci-verejnosti\">Zdroj<\/a><\/p>\n","protected":false},"excerpt":{"rendered":"<p>\u010cesk\u00e1 televize st\u00e1hla prim\u00e1tora Plzn\u011b z vys\u00edl\u00e1n\u00ed pot\u00e9, co spojil r\u016fst kriminality s uprchl\u00edky z Ukrajiny. Nov\u00fd p\u0159\u00edpad cenzury zhodnotil Ladislav Jakl, \u0159editel Centra spole\u010densk\u00fdch studi\u00ed Institutu V\u00e1clava Klause: \u201eVid\u00edme, kam vedlo popisov\u00e1n\u00ed \u00fatok\u016f ileg\u00e1ln\u00edch imigrant\u016f slovy jako \u201amlad\u00edci napadli\u2018.\u201d &nbsp;<\/p>\n","protected":false},"author":9,"featured_media":0,"comment_status":"open","ping_status":"open","sticky":false,"template":"","format":"standard","meta":{"ngg_post_thumbnail":0,"footnotes":""},"categories":[13],"tags":[],"class_list":["post-14484","post","type-post","status-publish","format-standard","hentry","category-rozhovory"],"_links":{"self":[{"href":"https:\/\/www.ladislavjakl.cz\/index.php?rest_route=\/wp\/v2\/posts\/14484","targetHints":{"allow":["GET"]}}],"collection":[{"href":"https:\/\/www.ladislavjakl.cz\/index.php?rest_route=\/wp\/v2\/posts"}],"about":[{"href":"https:\/\/www.ladislavjakl.cz\/index.php?rest_route=\/wp\/v2\/types\/post"}],"author":[{"embeddable":true,"href":"https:\/\/www.ladislavjakl.cz\/index.php?rest_route=\/wp\/v2\/users\/9"}],"replies":[{"embeddable":true,"href":"https:\/\/www.ladislavjakl.cz\/index.php?rest_route=%2Fwp%2Fv2%2Fcomments&post=14484"}],"version-history":[{"count":1,"href":"https:\/\/www.ladislavjakl.cz\/index.php?rest_route=\/wp\/v2\/posts\/14484\/revisions"}],"predecessor-version":[{"id":14485,"href":"https:\/\/www.ladislavjakl.cz\/index.php?rest_route=\/wp\/v2\/posts\/14484\/revisions\/14485"}],"wp:attachment":[{"href":"https:\/\/www.ladislavjakl.cz\/index.php?rest_route=%2Fwp%2Fv2%2Fmedia&parent=14484"}],"wp:term":[{"taxonomy":"category","embeddable":true,"href":"https:\/\/www.ladislavjakl.cz\/index.php?rest_route=%2Fwp%2Fv2%2Fcategories&post=14484"},{"taxonomy":"post_tag","embeddable":true,"href":"https:\/\/www.ladislavjakl.cz\/index.php?rest_route=%2Fwp%2Fv2%2Ftags&post=14484"}],"curies":[{"name":"wp","href":"https:\/\/api.w.org\/{rel}","templated":true}]}}