{"id":14486,"date":"2024-12-05T20:39:04","date_gmt":"2024-12-05T19:39:04","guid":{"rendered":"https:\/\/www.ladislavjakl.cz\/?p=14486"},"modified":"2024-12-05T20:39:04","modified_gmt":"2024-12-05T19:39:04","slug":"spolecnost-jako-papinak-bez-ventilu","status":"publish","type":"post","link":"https:\/\/www.ladislavjakl.cz\/?p=14486","title":{"rendered":"Spole\u010dnost jako papi\u0148\u00e1k bez ventilu"},"content":{"rendered":"<p>Spole\u010dnost je tak trochu jako papi\u0148\u00e1k. Ka\u017ed\u00e1 spole\u010dnost a v&nbsp;ka\u017ed\u00e9 dob\u011b. Jen teplota a tlak v&nbsp;papi\u0148\u00e1ku se m\u011bn\u00ed podle toho, jak se m\u011bn\u00ed m\u00edra nespokojenosti ve\u0159ejnosti.<\/p>\n<p><!--more--><\/p>\n<p>Ventilem takov\u00e9ho p\u0159etlaku b\u00fdvaj\u00ed nej\u010dast\u011bji volby. Cynici \u0159\u00edkaj\u00ed, \u017ee lidi chod\u00ed k&nbsp;volb\u00e1m kv\u016fli tomu, aby pak m\u011bli na koho nad\u00e1vat. A \u017ee ob\u010das u voleb zm\u011bn\u00ed sv\u00e9 rozhodnut\u00ed z&nbsp;minula, aby mohli nad\u00e1vat zase n\u011bkomu jin\u00e9mu. Ona na tom je trocha pravdy, daleko v\u00edce ale plat\u00ed, \u017ee n\u00e1lady se m\u011bn\u00ed ve spole\u010dnosti kontinu\u00e1ln\u011b a \u017ee ke konci volebn\u00edho obdob\u00ed b\u00fdv\u00e1 spektrum n\u00e1lad oproti v\u00fdsledk\u016fm minul\u00fdch voleb hodn\u011b posunut\u00e9, a to v&nbsp;takov\u00e9 m\u00ed\u0159e, kter\u00e1 odpov\u00edd\u00e1 m\u00ed\u0159e zklam\u00e1n\u00ed voli\u010d\u016f z&nbsp;aktu\u00e1ln\u00ed politick\u00e9 reprezentace.<\/p>\n<p>A kdy\u017e je takov\u00e9 posunut\u00ed u\u017e hodn\u011b dramatick\u00e9, tlak v&nbsp;papi\u0148\u00e1ku naroste k&nbsp;hodnot\u00e1m, kter\u00e9 hroz\u00ed roztr\u017een\u00edm hrnce a n\u00e1sledn\u00fdm velk\u00fdm nepo\u0159\u00e1dkem po cel\u00e9 kuchyni. Kdy\u017e do tohoto momentu v\u010das vpadnou volby, tlak je v\u017edy alespo\u0148 z\u010d\u00e1sti upu\u0161t\u011bn a ve\u0159ejnost zv\u011bdav\u011b sleduje, jak si politick\u00e9 situace porad\u00ed s&nbsp;kartami rozdan\u00fdmi nov\u011b.<\/p>\n<p>Tak tomu b\u00fdvalo po cel\u00e1 dlouh\u00e1 desetilet\u00ed, v&nbsp;zem\u00edch s&nbsp;parlamentn\u00ed demokraci\u00ed nejm\u00e9n\u011b od konce 19. stolet\u00ed. Jen\u017ee v&nbsp;posledn\u00edch letech se tenhle princip zadrh\u00e1v\u00e1. My jsme to za\u017eili v&nbsp;pln\u00e9 par\u00e1d\u011b v&nbsp;roce 1998, kdy medi\u00e1ln\u00ed frontou podporovan\u00e9 politick\u00e9 s\u00edly v&nbsp;\u010dele s&nbsp;tehdej\u0161\u00edm prezidentem republiky cht\u011bli v\u00edt\u011bze voleb vytla\u010dit do autu. A ob\u010das se takov\u00e9 zamotan\u00e9 povolebn\u00ed situace st\u00e1valy i v&nbsp;dal\u0161\u00edch zem\u00edch. Byly to ale jevy sp\u00ed\u0161e nesouvisej\u00edc\u00ed a ojedin\u011bl\u00e9.<\/p>\n<p>Dnes m\u00e1me co do \u010din\u011bn\u00ed s&nbsp;novou ofici\u00e1ln\u00ed politickou strategi\u00ed pokrok\u00e1\u0159sk\u00fdch sil v&nbsp;mnoha zem\u00edch kolem n\u00e1s. N\u011bkde cht\u011bj\u00ed hloubit p\u0159\u00edkopy, n\u011bkde budovat sanit\u00e1rn\u00ed kordony, n\u011bkde silou protla\u010dit \u201enepolitick\u00e9\u201c \u0159e\u0161en\u00ed povolebn\u00ed situace, jako naposledy ve Francii.<\/p>\n<p>T\u00edm ale volby ztr\u00e1cej\u00ed svou z\u00e1sadn\u00ed funkci \u00fapustn\u00e9ho ventilu, proto\u017ee ten je t\u011bmito brut\u00e1ln\u00edmi metodami ucp\u00e1n a \u010d\u00e1st spole\u010dnosti m\u00e1 opr\u00e1vn\u011bn\u00fd pocit z toho, \u017ee je v rozhoduj\u00edc\u00edch politick\u00fdch struktur\u00e1ch podreprezentovan\u00e1. Poztr\u00e1cela se moudrost a p\u0159edv\u00eddavost t\u011bch, kdo p\u0159ed sto lety vt\u00e1hly do hry je\u0161t\u011b ned\u00e1vno protisyst\u00e9mov\u00e9 soci\u00e1ln\u00ed demokraty, nalo\u017eili jim pod\u00edl na odpov\u011bdnosti, t\u00edm je odzubili, zcivilnili a u\u010dinili z nich konstruktivn\u00ed sou\u010d\u00e1st politick\u00e9ho establishmentu. Elektor\u00e1t socialist\u016f poztr\u00e1cel sovu radikalitu, proto\u017ee u\u017e nemohl argumentovat t\u00edm, \u017ee je odstaven, vylu\u010dov\u00e1n ze hry a st\u00e1t tak vlastn\u011b nen\u00ed jeho. Ventil vypustil p\u00e1ru.<\/p>\n<p>A p\u0159esn\u00fd opak dnes d\u011blaj\u00ed politick\u00e9 struktury nap\u0159\u00ed\u010d Evropskou uni\u00ed. Protestn\u00ed strany s\u00edl\u00ed, leckde u\u017e z\u00e1pol\u00ed o prvn\u00ed m\u00edsto v&nbsp;popularit\u011b a preferenc\u00edch, ale z\u016fst\u00e1vaj\u00ed ostrakizov\u00e1ni. K&nbsp;\u010demu to vede? K&nbsp;nefunk\u010dn\u00edm slepenc\u016fm, k&nbsp;polo\u00fa\u0159ednick\u00fdm vl\u00e1d\u00e1m, k&nbsp;provizorn\u00edm \u0159e\u0161en\u00edm, k nestabiln\u00edm \u0159e\u0161en\u00edm. Jako pr\u00e1v\u011b nyn\u00ed ve Francii.<\/p>\n<p>Prezident Macron vyvolal p\u0159ed\u010dasn\u00e9 volby. Jeho spojenci je prohr\u00e1li na cel\u00e9 \u010d\u00e1\u0159e. Zv\u00edt\u011bzila radik\u00e1ln\u00ed levice, t\u011bsn\u011b za n\u00ed nacionalisti\u010dt\u00ed tradicionalist\u00e9. Ale k moci nedostali ani \u010duchnout, Macron instaloval sv\u00e9ho \u010dlov\u011bka do premi\u00e9rsk\u00e9ho k\u0159esla a sledoval, co to ud\u011bl\u00e1. Ud\u011blalo to b\u00e1c. Vl\u00e1da bez podpory v parlamentu neprosad\u00ed v\u016fbec nic, v\u010detn\u011b rozpo\u010dtu, a tak se v t\u011bchto chv\u00edl\u00edch zhroutila. A zase sly\u0161\u00edme, \u017ee hlavn\u00ed starost\u00ed je nyn\u00ed naj\u00edt \u0159e\u0161en\u00ed, u kter\u00e9ho by neasistovali ti o\u0161kliv\u00ed. Ti, kdo maj\u00ed nejv\u011bt\u0161\u00ed podporu ve\u0159ejnosti. Ventil je ucp\u00e1n. A pokud nebude rozumn\u011b popu\u0161t\u011bn, vylet\u00ed francouzsk\u00fd papi\u0148\u00e1k brzy do vzduchu. A pak mo\u017en\u00e1 n\u011bmeck\u00fd. A pak dal\u0161\u00ed.<\/p>\n<p>K&nbsp;\u010demu vede izolace, ignorace, ostrakizace a \u0161ikana radik\u00e1ln\u00edch stran? Jedin\u011b k&nbsp;tomu, \u017ee velk\u00e1 \u010d\u00e1st ve\u0159ejnosti u\u017e nebude vid\u011bt \u0159e\u0161en\u00ed ve volb\u00e1ch. Tlak poroste, a\u017e hrnec bouchne. Mysl\u00ed si snad tihle stoupenci zadr\u017eov\u00e1n\u00ed, kriminalizace, blokace, uml\u010dov\u00e1n\u00ed a dehonestace velk\u00e9 \u010d\u00e1sti ve\u0159ejnosti, \u017ee to u moci n\u011bjak p\u0159estoj\u00ed, hrnec vychladne s\u00e1m od sebe a pojede se v&nbsp;klidu d\u00e1l ve star\u00fdch kolej\u00edch?<\/p>\n<p>No, to se pou\u0161t\u011bj\u00ed do hodn\u011b riskantn\u00edho dobrodru\u017estv\u00ed.<\/p>\n<p><em>Ladislav Jakl, 5. 11. 2024<\/em><\/p>\n<p><a href=\"https:\/\/www.institutvk.cz\/clanky\/2995.html\">Zdroj<\/a><\/p>\n","protected":false},"excerpt":{"rendered":"<p>Spole\u010dnost je tak trochu jako papi\u0148\u00e1k. Ka\u017ed\u00e1 spole\u010dnost a v&nbsp;ka\u017ed\u00e9 dob\u011b. Jen teplota a tlak v&nbsp;papi\u0148\u00e1ku se m\u011bn\u00ed podle toho, jak se m\u011bn\u00ed m\u00edra nespokojenosti ve\u0159ejnosti.<\/p>\n","protected":false},"author":9,"featured_media":0,"comment_status":"open","ping_status":"open","sticky":false,"template":"","format":"standard","meta":{"ngg_post_thumbnail":0,"footnotes":""},"categories":[1],"tags":[],"class_list":["post-14486","post","type-post","status-publish","format-standard","hentry","category-publikovane-clanky"],"_links":{"self":[{"href":"https:\/\/www.ladislavjakl.cz\/index.php?rest_route=\/wp\/v2\/posts\/14486","targetHints":{"allow":["GET"]}}],"collection":[{"href":"https:\/\/www.ladislavjakl.cz\/index.php?rest_route=\/wp\/v2\/posts"}],"about":[{"href":"https:\/\/www.ladislavjakl.cz\/index.php?rest_route=\/wp\/v2\/types\/post"}],"author":[{"embeddable":true,"href":"https:\/\/www.ladislavjakl.cz\/index.php?rest_route=\/wp\/v2\/users\/9"}],"replies":[{"embeddable":true,"href":"https:\/\/www.ladislavjakl.cz\/index.php?rest_route=%2Fwp%2Fv2%2Fcomments&post=14486"}],"version-history":[{"count":1,"href":"https:\/\/www.ladislavjakl.cz\/index.php?rest_route=\/wp\/v2\/posts\/14486\/revisions"}],"predecessor-version":[{"id":14487,"href":"https:\/\/www.ladislavjakl.cz\/index.php?rest_route=\/wp\/v2\/posts\/14486\/revisions\/14487"}],"wp:attachment":[{"href":"https:\/\/www.ladislavjakl.cz\/index.php?rest_route=%2Fwp%2Fv2%2Fmedia&parent=14486"}],"wp:term":[{"taxonomy":"category","embeddable":true,"href":"https:\/\/www.ladislavjakl.cz\/index.php?rest_route=%2Fwp%2Fv2%2Fcategories&post=14486"},{"taxonomy":"post_tag","embeddable":true,"href":"https:\/\/www.ladislavjakl.cz\/index.php?rest_route=%2Fwp%2Fv2%2Ftags&post=14486"}],"curies":[{"name":"wp","href":"https:\/\/api.w.org\/{rel}","templated":true}]}}