{"id":14496,"date":"2024-12-12T20:41:06","date_gmt":"2024-12-12T19:41:06","guid":{"rendered":"https:\/\/www.ladislavjakl.cz\/?p=14496"},"modified":"2024-12-12T20:41:06","modified_gmt":"2024-12-12T19:41:06","slug":"ruseni-voleb-jsou-jine-cesty","status":"publish","type":"post","link":"https:\/\/www.ladislavjakl.cz\/?p=14496","title":{"rendered":"Ru\u0161en\u00ed voleb? Jsou jin\u00e9 cesty\u2026"},"content":{"rendered":"<p>V&nbsp;Rumunsku zru\u0161ili v\u00fdsledky prvn\u00edho kola prezidentsk\u00fdch voleb. Ty dopadly toti\u017e \u0161patn\u011b. Hlasov\u00e1n\u00ed prob\u011bhlo v&nbsp;po\u0159\u00e1dku, stejn\u011b tak i s\u010d\u00edt\u00e1n\u00ed hlas\u016f. Ale voli\u010di se pr\u00fd dali zm\u00e1st \u00fadajn\u011b nef\u00e9rovou p\u0159edvolebn\u00ed kampan\u00ed.<\/p>\n<p><!--more--><\/p>\n<p>Vyzkou\u0161ely si v&nbsp;Rumunsku pokrokov\u00e9 s\u00edly z\u00e1padn\u00edho sv\u011bta metodu, s&nbsp;n\u00ed\u017e se udr\u017e\u00ed u moci navzdory s\u00edl\u00edc\u00edm radik\u00e1ln\u00edm n\u00e1lad\u00e1m ve\u0159ejnosti? \u010cek\u00e1 rumunsk\u00fd sc\u00e9n\u00e1\u0159 dal\u0161\u00ed st\u00e1ty, v\u010detn\u011b toho na\u0161eho? I to je mo\u017en\u00e9. Za daleko pravd\u011bpodobn\u011bj\u0161\u00ed ale pova\u017euji sc\u00e9n\u00e1\u0159 jin\u00fd. Ne tak markantn\u00ed, ne tak brut\u00e1ln\u00ed, ne tak otev\u0159en\u00fd, ne tak demonstrativn\u00ed, ne tak k\u0159e\u010dovit\u00fd, zbrkl\u00fd a riskantn\u00ed.<\/p>\n<p>Soci\u00e1ln\u00ed in\u017een\u00fd\u0159i r\u016fzn\u00fdch generac\u00ed m\u00edvaj\u00ed i r\u016fzn\u00e9 metody, jak spole\u010dnost p\u0159etvo\u0159it do podoby, kterou by oni mohli pova\u017eovat za spr\u00e1vnou. Sv\u00e9ho \u010dasu bylo za hlavn\u00ed metodu pova\u017eov\u00e1no zni\u010den\u00ed soukrom\u00e9ho vlastnictv\u00ed. Zespole\u010den\u0161t\u011bn\u00ed v\u00fdrobn\u00edch prost\u0159edk\u016f se tomu \u0159\u00edkalo. Zn\u00e1rodn\u011bn\u00ed, zest\u00e1tn\u011bn\u00ed. St\u00e1tem a pokrokov\u00fdmi politiky zcela ovl\u00e1dnut\u00e9 hospod\u00e1\u0159stv\u00ed tak mohlo plnit \u00fakoly zcela podle zad\u00e1n\u00ed architekt\u016f nov\u00e9 spole\u010dnosti. Tato metoda se do jist\u00e9 m\u00edry zdiskreditovala, u\u017e pro svou mizernou produktivitu.<\/p>\n<p>Socialismus, kter\u00fd kolem n\u00e1s vznik\u00e1 nyn\u00ed, bude m\u00edt podobu jinou. Soukrom\u00e9 vlastnictv\u00ed form\u00e1ln\u011b a naoko v\u016fbec nemus\u00ed b\u00fdt dot\u010deno. Posta\u010d\u00ed, kdy\u017e st\u00e1t z\u00edsk\u00e1 n\u00e1stroje, kter\u00fdmi by z&nbsp;priv\u00e1tn\u00edch firem ud\u011blal poslu\u0161n\u00e1 p\u0159evodov\u00e1 kole\u010dka ve sv\u00e9 ma\u0161in\u00e9rii. Kv\u00f3ty, limity, ESG, dotace, pokuty, zdan\u011bn\u00ed, regulace, to v\u0161e jsou n\u00e1stroje, kter\u00e9 prosakuj\u00ed celou (nejen) ekonomickou tk\u00e1n\u00ed spole\u010densk\u00e9ho organismu a nasm\u011brov\u00e1vaj\u00ed spole\u010densk\u00fd syst\u00e9m ke k\u00fd\u017een\u00e9mu c\u00edli: k&nbsp;\u0159\u00edzen\u00e9 spole\u010dnosti. (Skon\u010d\u00ed to tak\u00e9 mizernou produktivitou, ale je\u0161t\u011b to asi pro mnoh\u00e9 nen\u00ed dost zjevn\u00e9.)<\/p>\n<p>Dost mo\u017en\u00e1, \u017ee v&nbsp;politice se p\u0159\u00ed\u0161t\u00ed rok nejen u n\u00e1s odehraje cosi velice obdobn\u00e9ho. Nebude nutn\u00e9 ru\u0161it volby nebo dokonce br\u00e1nit n\u011bkomu v&nbsp;samotn\u00e9 kandidatu\u0159e. M\u00edsto toho zes\u00edl\u00ed proces \u201eocho\u010dov\u00e1n\u00ed\u201c dosud neocho\u010den\u00fdch. Protestn\u00ed strany budou nen\u00e1padn\u011b, ale masov\u011b a soustavn\u011b infiltrov\u00e1ny, tla\u010deny, skryt\u011b korumpov\u00e1ny, vyd\u00edr\u00e1ny, p\u0159esv\u011bd\u010dov\u00e1ny, postrk\u00e1v\u00e1ny, nav\u00e1d\u011bny a usm\u011br\u0148ov\u00e1ny tak, aby nakonec bylo skoro jedno, jak volby dopadnou.<\/p>\n<p>Proto\u017ee daleko d\u016fle\u017eit\u011bj\u0161\u00ed ne\u017e to, kdo bude vl\u00e1dnout, je to, CO BUDE VL\u00c1DNOUT. Jak\u00e9 ideje, jak\u00e9 z\u00e1sady, jak\u00e9 my\u0161lenky, jak\u00e1 praktick\u00e1 politika. Ten, kdo dnes p\u0159em\u00fd\u0161l\u00ed o tom, jak si udr\u017eet moc na dal\u0161\u00ed \u010dasy, nekoncentruje sv\u00e9 \u00favahy jen na to, jak vystrnadit nepohodln\u00e9 lidi z politiky, ale tak\u00e9, jak z n\u00ed vystrnadit my\u0161lenky suverenity, individu\u00e1ln\u00ed svobody a v\u011brnosti z\u00e1jm\u016fm voli\u010d\u016f a ob\u010dan\u016f.<\/p>\n<p>Dob\u0159e se d\u00edvejme. P\u0159\u00ed\u0161t\u00ed rok bude dost mo\u017en\u00e1 obdob\u00edm skand\u00e1ln\u00edch odhalen\u00ed, \u201eodst\u0159el\u016f\u201c nad\u011bjn\u00fdch tv\u00e1\u0159\u00ed, denunciac\u00ed, diskreditac\u00ed a vystup\u0148ovan\u00fdch ostrakizac\u00ed, daleko nen\u00e1padn\u011bji ale bude obdob\u00edm postupn\u00e9ho ocho\u010dov\u00e1n\u00ed, uhlazov\u00e1n\u00ed, krotnut\u00ed, konformizace, n\u00e1hl\u00fdch \u201ezmoud\u0159en\u00ed\u201c a m\u011bknut\u00ed.<\/p>\n<p>To prvn\u00ed budou p\u0159in\u00e1\u0161et noviny na prvn\u00edch str\u00e1nk\u00e1ch. Toho druh\u00e9ho si budeme muset v\u0161\u00edmat sami.<\/p>\n<p><em>Ladislav Jakl, 12. 12. 2024<\/em><\/p>\n<p><a href=\"https:\/\/www.institutvk.cz\/clanky\/3003.html\">Zdroj<\/a><\/p>\n","protected":false},"excerpt":{"rendered":"<p>V&nbsp;Rumunsku zru\u0161ili v\u00fdsledky prvn\u00edho kola prezidentsk\u00fdch voleb. Ty dopadly toti\u017e \u0161patn\u011b. Hlasov\u00e1n\u00ed prob\u011bhlo v&nbsp;po\u0159\u00e1dku, stejn\u011b tak i s\u010d\u00edt\u00e1n\u00ed hlas\u016f. Ale voli\u010di se pr\u00fd dali zm\u00e1st \u00fadajn\u011b nef\u00e9rovou p\u0159edvolebn\u00ed kampan\u00ed.<\/p>\n","protected":false},"author":9,"featured_media":0,"comment_status":"open","ping_status":"open","sticky":false,"template":"","format":"standard","meta":{"ngg_post_thumbnail":0,"footnotes":""},"categories":[1],"tags":[],"class_list":["post-14496","post","type-post","status-publish","format-standard","hentry","category-publikovane-clanky"],"_links":{"self":[{"href":"https:\/\/www.ladislavjakl.cz\/index.php?rest_route=\/wp\/v2\/posts\/14496","targetHints":{"allow":["GET"]}}],"collection":[{"href":"https:\/\/www.ladislavjakl.cz\/index.php?rest_route=\/wp\/v2\/posts"}],"about":[{"href":"https:\/\/www.ladislavjakl.cz\/index.php?rest_route=\/wp\/v2\/types\/post"}],"author":[{"embeddable":true,"href":"https:\/\/www.ladislavjakl.cz\/index.php?rest_route=\/wp\/v2\/users\/9"}],"replies":[{"embeddable":true,"href":"https:\/\/www.ladislavjakl.cz\/index.php?rest_route=%2Fwp%2Fv2%2Fcomments&post=14496"}],"version-history":[{"count":1,"href":"https:\/\/www.ladislavjakl.cz\/index.php?rest_route=\/wp\/v2\/posts\/14496\/revisions"}],"predecessor-version":[{"id":14497,"href":"https:\/\/www.ladislavjakl.cz\/index.php?rest_route=\/wp\/v2\/posts\/14496\/revisions\/14497"}],"wp:attachment":[{"href":"https:\/\/www.ladislavjakl.cz\/index.php?rest_route=%2Fwp%2Fv2%2Fmedia&parent=14496"}],"wp:term":[{"taxonomy":"category","embeddable":true,"href":"https:\/\/www.ladislavjakl.cz\/index.php?rest_route=%2Fwp%2Fv2%2Fcategories&post=14496"},{"taxonomy":"post_tag","embeddable":true,"href":"https:\/\/www.ladislavjakl.cz\/index.php?rest_route=%2Fwp%2Fv2%2Ftags&post=14496"}],"curies":[{"name":"wp","href":"https:\/\/api.w.org\/{rel}","templated":true}]}}