{"id":14502,"date":"2024-12-16T19:46:52","date_gmt":"2024-12-16T18:46:52","guid":{"rendered":"https:\/\/www.ladislavjakl.cz\/?p=14502"},"modified":"2024-12-16T19:46:52","modified_gmt":"2024-12-16T18:46:52","slug":"ladislav-jakl-z-klausova-institutu-nejspis-nema-problem-s-ruskym-zasahovanim-do-voleb","status":"publish","type":"post","link":"https:\/\/www.ladislavjakl.cz\/?p=14502","title":{"rendered":"Ladislav Jakl z Klausova institutu nejsp\u00ed\u0161 nem\u00e1 probl\u00e9m s rusk\u00fdm zasahov\u00e1n\u00edm do voleb"},"content":{"rendered":"<p><strong>N\u00c1ZOR \/ V Institutu V\u00e1clava Klause vyj\u00e1d\u0159ili \u00fasty Ladislava Jakla obavy, aby se u n\u00e1s temn\u00e9 progresivistick\u00e9 s\u00edly p\u0159\u00ed\u0161t\u00ed rok nepokusily taky n\u011bjak zru\u0161it volby, jako k tomu do\u0161lo v Rumunsku v prvn\u00edm kole t\u011bch prezidentsk\u00fdch. Tam k tomu ov\u0161em do\u0161lo kv\u016fli nef\u00e9r ovlivn\u011bn\u00ed volebn\u00ed kampan\u011b&nbsp;<a href=\"https:\/\/www.forum24.cz\/temata\/ruska-federace-rusko\" target=\"_blank\" rel=\"noreferrer noopener\">Ruskem<\/a>. Tohle by m\u011blo n\u011bkomu vadit, nikoli snaha takov\u00fdm exces\u016fm zabr\u00e1nit.<\/strong><\/p>\n<p><!--more--><\/p>\n<p>\u201eV Rumunsku zru\u0161ili v\u00fdsledky prvn\u00edho kola prezidentsk\u00fdch voleb. Ty dopadly toti\u017e \u0161patn\u011b. Hlasov\u00e1n\u00ed prob\u011bhlo v po\u0159\u00e1dku, stejn\u011b tak i s\u010d\u00edt\u00e1n\u00ed hlas\u016f. Ale voli\u010di se pr\u00fd dali zm\u00e1st \u00fadajn\u011b nef\u00e9rovou p\u0159edvolebn\u00ed kampan\u00ed,\u201c st\u011b\u017euje si na str\u00e1nk\u00e1ch Institutu V\u00e1clava Klause&nbsp;<a href=\"https:\/\/www.institutvk.cz\/clanky\/3003.html\" target=\"_blank\" rel=\"noreferrer noopener\">Ladislav Jakl<\/a>.<\/p>\n<p>Pak d\u00e1le nazna\u010duje, \u017ee temn\u00e9 progresivistick\u00e9 s\u00edly jdou proti m\u00edn\u011bn\u00ed lidu.<\/p>\n<p>\u201eVyzkou\u0161ely si v Rumunsku pokrokov\u00e9 s\u00edly z\u00e1padn\u00edho sv\u011bta metodu, s n\u00ed\u017e se udr\u017e\u00ed u moci navzdory s\u00edl\u00edc\u00edm radik\u00e1ln\u00edm n\u00e1lad\u00e1m ve\u0159ejnosti? \u010cek\u00e1 rumunsk\u00fd sc\u00e9n\u00e1\u0159 dal\u0161\u00ed st\u00e1ty, v\u010detn\u011b toho na\u0161eho? I to je mo\u017en\u00e9,\u201c p\u0159em\u00edt\u00e1 Jakl.<\/p>\n<div class=\"prolink not-prose\">\n<div class=\"p-4 pt-0\">\n<h3 class=\"m-0 text-base font-semibold leading-tight transition font-fira-sans md:text-lg group-hover:text-brand-red\">\u0160tvou v\u00e1s reklamy na webu FORUM 24? Tak poj\u010fte \u010d\u00edst bez nich!<\/h3>\n<p><span class=\"hidden mt-2 mb-0 font-serif text-sm text-black md:block opacity-80\">Mil\u00ed \u010dten\u00e1\u0159i, jak v\u00edte, den\u00edk FORUM 24 je nez\u00e1visl\u00fd web, kter\u00fd si na sebe mus\u00ed vyd\u011blat, proto\u017ee jej nesponzoruje \u017e\u00e1dn\u00fd\u2026<\/span><\/div>\n<\/div>\n<p>Potom je\u0161t\u011b zm\u00ednil, \u017ee \u201esoci\u00e1ln\u00ed in\u017een\u00fd\u0159i r\u016fzn\u00fdch generac\u00ed\u201c maj\u00ed \u00fadajn\u011b r\u016fzn\u00e9 metody, jak p\u0159etvo\u0159it do podoby, kterou pova\u017euj\u00ed za spr\u00e1vnou, t\u0159eba r\u016fzn\u00e9 regulace, a temn\u011b v\u011b\u0161t\u00ed, \u017ee by se u n\u00e1s p\u0159i volb\u00e1ch mohlo st\u00e1t n\u011bco podobn\u00e9ho jako v Rumunsku.<\/p>\n<p>\u201eDost mo\u017en\u00e1, \u017ee v politice se p\u0159\u00ed\u0161t\u00ed rok nejen u n\u00e1s odehraje cosi velice obdobn\u00e9ho. Nebude nutn\u00e9 ru\u0161it volby, nebo dokonce br\u00e1nit n\u011bkomu v samotn\u00e9 kandidatu\u0159e. M\u00edsto toho zes\u00edl\u00ed proces \u201aocho\u010dov\u00e1n\u00ed\u2018 dosud neocho\u010den\u00fdch. Protestn\u00ed strany budou nen\u00e1padn\u011b, ale masov\u011b a soustavn\u011b infiltrov\u00e1ny, tla\u010deny, skryt\u011b korumpov\u00e1ny, vyd\u00edr\u00e1ny, p\u0159esv\u011bd\u010dov\u00e1ny, postrk\u00e1v\u00e1ny, nav\u00e1d\u011bny a usm\u011br\u0148ov\u00e1ny tak, aby nakonec bylo skoro jedno, jak volby dopadnou,\u201c l\u00ed\u010d\u00ed Jakl z\u00e1pletku politick\u00e9ho thrilleru.<\/p>\n<div class=\"prolink not-prose\">\n<div class=\"p-4 pt-0\">\n<h3 class=\"m-0 text-base font-semibold leading-tight transition font-fira-sans md:text-lg group-hover:text-brand-red\">Bez koalice SPOLU m\u016f\u017ee ODS \u201ehrd\u011b a sebev\u011bdom\u011b\u201c vej\u00edt do sn\u011bmovny. Tam si u\u017eije velkolepou osam\u011blost<\/h3>\n<p><span class=\"hidden mt-2 mb-0 font-serif text-sm text-black md:block opacity-80\">N\u00c1ZOR \/ Zd\u00e1 se, \u017ee v Ob\u010dansk\u00e9 demokratick\u00e9 stran\u011b p\u0159evl\u00e1d\u00e1 n\u00e1zor, \u017ee koalice\u2026<\/span><\/div>\n<\/div>\n<p>V<strong>&nbsp;<\/strong>Rumunsku se ale nestalo nic jin\u00e9ho, ne\u017e \u017ee&nbsp;<a href=\"https:\/\/www.forum24.cz\/mala-zahada-zwyrtek-hamplova-je-neklidna-kdyz-chce-nekdo-zarazit-ruske-zasahovani-do-voleb\" target=\"_blank\" rel=\"noreferrer noopener\">bylo anulov\u00e1no&nbsp;<\/a>prvn\u00ed kolo prezidentsk\u00fdch voleb. D\u016fvodem je podle \u00fa\u0159ad\u016f deformov\u00e1n\u00ed volebn\u00ed sout\u011b\u017ee, ke kter\u00e9mu podle nich do\u0161lo machinacemi na soci\u00e1ln\u00ed s\u00edti TikTok. Krajn\u011b pravicov\u00fd a prorusk\u00fd prezidentsk\u00fd kandid\u00e1t Calin Georgescu byl prost\u0159ednictv\u00edm TikToku masivn\u011b propagov\u00e1n pomoc\u00ed koordinovan\u00fdch \u00fa\u010dt\u016f, doporu\u010dovac\u00edch algoritm\u016f a placen\u00e9 reklamy. T\u00edm byla zdeformov\u00e1na demokratick\u00e1 sout\u011b\u017e. Stejn\u011b jako Jaklovi se anulov\u00e1n\u00ed prvn\u00edho kola nel\u00edbilo osob\u00e1m jako&nbsp;<a href=\"https:\/\/www.forum24.cz\/temata\/zuzana-majerova-zahradnikova\" target=\"_blank\" rel=\"noreferrer noopener\">Zuzana Majerov\u00e1<\/a>, Jana Zwyrtek Hamplov\u00e1 a Jind\u0159ich Rajchl.<\/p>\n<p>N\u011bkte\u0159\u00ed lid\u00e9 d\u011blaj\u00ed dojem, \u017ee jim masivn\u00ed rusk\u00e9 zasahov\u00e1n\u00ed do voleb a referend v r\u016fzn\u00fdch zem\u00edch prost\u011b nevad\u00ed. P\u0159itom kdy\u017e se masivn\u00ed a nep\u0159iznanou propagandou poda\u0159\u00ed zm\u011bnit my\u0161len\u00ed lid\u00ed, mohou b\u00fdt sice v\u0161echny volebn\u00ed procedury v po\u0159\u00e1dku, ale v\u00fdsledek odpov\u00edd\u00e1 z\u00e1jm\u016fm Ruska, nikoli dan\u00e9 zem\u011b.<\/p>\n<p>Takto ostatn\u011b Rusko z\u00e1sadn\u011b napomohlo zvolen\u00ed&nbsp;<a href=\"https:\/\/www.forum24.cz\/temata\/donald-trump\" target=\"_blank\" rel=\"noreferrer noopener\">Donalda Trumpa&nbsp;<\/a>prezidentem v roce 2016. Jednak p\u0159edb\u011b\u017en\u011b t\u00edm, \u017ee to byly rusk\u00e9 pen\u00edze, kter\u00e9 Trumpovi pomohly po jeho bankrotech, jednak internetovou kampan\u00ed kosmick\u00fdch rozm\u011br\u016f \u0159\u00edzenou z Ruska. Bez rusk\u00fdch pen\u011bz by Trump nemohl vystupovat v roli \u201e\u00fasp\u011b\u0161n\u00e9ho podnikatele\u201c, kter\u00fdm ve skute\u010dnosti nebyl, tak\u017ee by na \u00fa\u0159ad prezidenta nemohl ani pomyslet. Ladislav Jakl je ov\u0161em v\u00e1\u0161niv\u00fdm Trumpov\u00fdm stoupencem, co\u017e tak\u00e9 vedlo k on\u00e9 slovn\u00ed p\u0159est\u0159elce, ve kter\u00e9 byl ozna\u010den za p\u00e1na s ko\u0148sk\u00fdm ohonem.<\/p>\n<div class=\"prolink not-prose\">\n<div class=\"p-4 pt-0\">\n<h3 class=\"m-0 text-base font-semibold leading-tight transition font-fira-sans md:text-lg group-hover:text-brand-red\">Jak bude vypadat t\u0159et\u00ed sv\u011btov\u00e1 v\u00e1lka? Magaz\u00edn Newsweek p\u0159edstavil mo\u017en\u00e9 sc\u00e9n\u00e1\u0159e konfliktu<\/h3>\n<p><span class=\"hidden mt-2 mb-0 font-serif text-sm text-black md:block opacity-80\">Magaz\u00edn Newsweek se pokusil p\u0159edstavit na z\u00e1klad\u011b sou\u010dasn\u00fdch v\u011bdomost\u00ed o potenci\u00e1ln\u00edch protivn\u00edc\u00edch, jak by mohla vypadat\u2026<\/span><\/div>\n<\/div>\n<p>Ozna\u010den\u00ed&nbsp;<a href=\"https:\/\/www.blesk.cz\/clanek\/zpravy-politika\/554964\/drsna-hadka-v-ct-o-trumpa-pan-s-konskym-ohonem-lze-neustal-profesor-klausova-jakla.html\" target=\"_blank\" rel=\"noreferrer noopener\">\u201ep\u00e1n s ko\u0148sk\u00fdm ohonem\u201c<\/a>&nbsp;poch\u00e1z\u00ed od profesora univerzity v Bostonu Igora Luke\u0161e, kter\u00fd se v \u010dervenci 2018 v \u010cesk\u00e9 televizi \u00fa\u010dastnil debaty o politice Donalda Trumpa, tehdy prezidenta. Jakl tam Trumpa vychvaloval, je to podle n\u011bj \u201ep\u0159edstavitel Z\u00e1padu, na rozd\u00edl od marxist\u016f, kte\u0159\u00ed sed\u00ed v Bruselu\u201c a \u201e\u010dlov\u011bk, kter\u00fd zasluhuje na\u0161i podporu, proto\u017ee reprezentuje demokratick\u00fd sv\u011bt, na rozd\u00edl od r\u016fzn\u00fdch po\u0161t\u011bk\u00e1va\u010d\u016f\u201c.<\/p>\n<p>Profesor Luke\u0161 nepova\u017eoval Jakla za kompetentn\u00edho se k takov\u00fdm v\u011bcem vyjad\u0159ovat a pronesl onen pozd\u011bji \u010dasto citovan\u00fd v\u00fdrok.<\/p>\n<p>\u201eNa jedn\u00e9 stran\u011b m\u00e1me n\u00e1zory seri\u00f3zn\u00edch americk\u00fdch profesion\u00e1l\u016f, vlastenc\u016f, kte\u0159\u00ed cel\u00fd \u017eivot pracuj\u00ed pro dobro&nbsp;<a href=\"https:\/\/www.forum24.cz\/temata\/spojene-staty-americke-usa\" target=\"_blank\" rel=\"noreferrer noopener\">Spojen\u00fdch st\u00e1t\u016f<\/a>\u2026&nbsp;a d\u00e1me hlas tady tomu p\u00e1novi, kter\u00e9ho sice nevid\u00edm, ale v\u00edm z n\u011bjak\u00e9 star\u00e9 fotografie, \u017ee m\u00e1 ko\u0148sk\u00fd ohon na hlav\u011b.&nbsp;A z toho snad m\u00e1m uzav\u0159\u00edt, \u017ee m\u00e1 autoritu mluvit o tom, co je dobr\u00e9 pro Spojen\u00e9 st\u00e1ty, nebo co je dokonce dobr\u00e9 pro celou z\u00e1padn\u00ed alianci.\u201c<\/p>\n<div class=\"prolink not-prose\">\n<div class=\"p-4 pt-0\">\n<h3 class=\"m-0 text-base font-semibold leading-tight transition font-fira-sans md:text-lg group-hover:text-brand-red\">\u010cesko a Z\u00e1pad nad propast\u00ed? Chcete-li pochopit probl\u00e9my sou\u010dasn\u00e9ho sv\u011bta, kupte si na\u0161i novou knihu<\/h3>\n<p><span class=\"hidden mt-2 mb-0 font-serif text-sm text-black md:block opacity-80\">Po\u0159i\u010fte si v&nbsp;na\u0161em e-shopu novou knihu Nad propast\u00ed. \u010cesko a Z\u00e1pad v&nbsp;boji o svobodu a demokracii, kterou jako editor\u2026<\/span><\/div>\n<\/div>\n<p>Klaus\u016fv institut&nbsp;<a href=\"https:\/\/www.institutvk.cz\/clanky\/1166.html\" target=\"_blank\" rel=\"noreferrer noopener\">t\u00edm byl pobou\u0159en<\/a>. \u201eTak daleko jsme se dostali za necel\u00fdch t\u0159icet let od p\u00e1du komunismu. N\u00e1stup totality m\u00e1 v\u017edy podobn\u00e9 rysy \u2013&nbsp; potla\u010dov\u00e1n\u00ed svobody slova, uml\u010dov\u00e1n\u00ed nepohodln\u00fdch n\u00e1zor\u016f, snaha o perzekuci jejich nositel\u016f, cenzura, n\u00e1zorov\u00fd monopol a manipulace ve\u0159ejnost\u00ed. Boj o svobodu slova za\u010dal, demokracie je ve v\u00e1\u017en\u00e9m ohro\u017een\u00ed,\u201c sd\u011blil o \u010dty\u0159i dny pozd\u011bji IVK a Luke\u0161 dostal ozna\u010den\u00ed \u201epokrok\u00e1\u0159sk\u00fd akademik\u201c.<\/p>\n<p>Pochopiteln\u011b je \u00fapln\u011b jedno, jestli n\u011bkdo nos\u00ed ko\u0148sk\u00fd ohon, dredy, \u010dervenou k\u0161iltovku nebo cylindr. Podstatn\u00e9 je, jak\u00e9 n\u00e1zory zast\u00e1v\u00e1. V\u00e1clav Klaus, Ladislav Jakl a dal\u0161\u00ed tv\u00e1\u0159e slovutn\u00e9ho institutu stoj\u00ed na stran\u011b politick\u00e9ho \u0161ejd\u00ed\u0159e, kter\u00fd se pokou\u0161el po prohran\u00fdch volb\u00e1ch udr\u017eet u moci podvodem, \u010d\u00edm\u017e by v o\u010d\u00edch norm\u00e1ln\u00edch lid\u00ed zcela pozbyl jak\u00e9koliv d\u016fv\u011bryhodnosti. Je zmonitorov\u00e1no, \u017ee v 91. dni z prvn\u00edch 99 dn\u016f v \u00fa\u0159adu pronesl Trump p\u0159inejmen\u0161\u00edm jeden v\u00fdrok, kter\u00fd byl zjevn\u011b nepravdiv\u00fd nebo zav\u00e1d\u011bj\u00edc\u00ed, b\u011bhem 298 dn\u00ed pronesl 1628 takov\u00fdch v\u00fdrok\u016f a v p\u016flhodinov\u00e9m interview 24. Je zjevn\u00e9, \u017ee u Trumpa je sp\u00ed\u0161e v\u00fdjimkou, kdy\u017e mluv\u00ed pravdu.<\/p>\n<p>Jak m\u016f\u017eeme n\u011bkomu v\u011b\u0159it, \u017ee je na stran\u011b demokracie a n\u011bjak\u00fdch hodnot, kdy\u017e mu nevad\u00ed takov\u00e9 monstrum v \u010dele demokratick\u00e9 velmoci, zasahov\u00e1n\u00ed diktatury do svobodn\u00fdch voleb a chronick\u00e9 lhan\u00ed?<\/p>\n<p><a href=\"https:\/\/www.forum24.cz\/ladisla-jakl-z-klausova-institutu-nejspis-nema-problem-s-ruskym-zasahovanim-do-voleb\">Zdroj<\/a><\/p>\n","protected":false},"excerpt":{"rendered":"<p>N\u00c1ZOR \/ V Institutu V\u00e1clava Klause vyj\u00e1d\u0159ili \u00fasty Ladislava Jakla obavy, aby se u n\u00e1s temn\u00e9 progresivistick\u00e9 s\u00edly p\u0159\u00ed\u0161t\u00ed rok nepokusily taky n\u011bjak zru\u0161it volby, jako k tomu do\u0161lo v Rumunsku v prvn\u00edm kole t\u011bch prezidentsk\u00fdch. Tam k tomu ov\u0161em do\u0161lo kv\u016fli nef\u00e9r ovlivn\u011bn\u00ed volebn\u00ed kampan\u011b&nbsp;Ruskem. Tohle by m\u011blo n\u011bkomu vadit, nikoli snaha takov\u00fdm exces\u016fm [&hellip;]<\/p>\n","protected":false},"author":9,"featured_media":0,"comment_status":"open","ping_status":"open","sticky":false,"template":"","format":"standard","meta":{"ngg_post_thumbnail":0,"footnotes":""},"categories":[11],"tags":[],"class_list":["post-14502","post","type-post","status-publish","format-standard","hentry","category-ozvena"],"_links":{"self":[{"href":"https:\/\/www.ladislavjakl.cz\/index.php?rest_route=\/wp\/v2\/posts\/14502","targetHints":{"allow":["GET"]}}],"collection":[{"href":"https:\/\/www.ladislavjakl.cz\/index.php?rest_route=\/wp\/v2\/posts"}],"about":[{"href":"https:\/\/www.ladislavjakl.cz\/index.php?rest_route=\/wp\/v2\/types\/post"}],"author":[{"embeddable":true,"href":"https:\/\/www.ladislavjakl.cz\/index.php?rest_route=\/wp\/v2\/users\/9"}],"replies":[{"embeddable":true,"href":"https:\/\/www.ladislavjakl.cz\/index.php?rest_route=%2Fwp%2Fv2%2Fcomments&post=14502"}],"version-history":[{"count":1,"href":"https:\/\/www.ladislavjakl.cz\/index.php?rest_route=\/wp\/v2\/posts\/14502\/revisions"}],"predecessor-version":[{"id":14503,"href":"https:\/\/www.ladislavjakl.cz\/index.php?rest_route=\/wp\/v2\/posts\/14502\/revisions\/14503"}],"wp:attachment":[{"href":"https:\/\/www.ladislavjakl.cz\/index.php?rest_route=%2Fwp%2Fv2%2Fmedia&parent=14502"}],"wp:term":[{"taxonomy":"category","embeddable":true,"href":"https:\/\/www.ladislavjakl.cz\/index.php?rest_route=%2Fwp%2Fv2%2Fcategories&post=14502"},{"taxonomy":"post_tag","embeddable":true,"href":"https:\/\/www.ladislavjakl.cz\/index.php?rest_route=%2Fwp%2Fv2%2Ftags&post=14502"}],"curies":[{"name":"wp","href":"https:\/\/api.w.org\/{rel}","templated":true}]}}