{"id":14521,"date":"2025-01-01T13:08:12","date_gmt":"2025-01-01T12:08:12","guid":{"rendered":"https:\/\/www.ladislavjakl.cz\/?p=14521"},"modified":"2025-01-01T13:08:12","modified_gmt":"2025-01-01T12:08:12","slug":"jakl-u-xavera-vysledek-americkych-voleb-je-zpravou-o-spolecnosti-ktera-rika-dost","status":"publish","type":"post","link":"https:\/\/www.ladislavjakl.cz\/?p=14521","title":{"rendered":"Jakl u Xavera: V\u00fdsledek americk\u00fdch voleb je zpr\u00e1vou o spole\u010dnosti, kter\u00e1 \u0159\u00edk\u00e1 dost"},"content":{"rendered":"<p>Ladislav Jakl a Petr Macinka v po\u0159adu Se\u010dteno, podtr\u017eeno televize XTV o eurovolb\u00e1ch, americk\u00fdch prezidentsk\u00fdch volb\u00e1ch a o dne\u0161n\u00ed \u010desk\u00e9 vl\u00e1d\u011b.<\/p>\n<p><a href=\"https:\/\/xtv.cz\/podtrzeno-secteno\/fiala-je-za-za-tajtrlika-chybi-mu-uveritelnost-pavel-je-mini-biden-trump-hned-po-inauguraci-vyhlasi-100-dekretu-ktere-zmeni-svet-ladislav-jakl-petr-macinka\">https:\/\/xtv.cz\/podtrzeno-secteno\/fiala-je-za-za-tajtrlika-chybi-mu-uveritelnost-pavel-je-mini-biden-trump-hned-po-inauguraci-vyhlasi-100-dekretu-ktere-zmeni-svet-ladislav-jakl-petr-macinka<\/a><\/p>\n","protected":false},"excerpt":{"rendered":"<p>Ladislav Jakl a Petr Macinka v po\u0159adu Se\u010dteno, podtr\u017eeno televize XTV o eurovolb\u00e1ch, americk\u00fdch prezidentsk\u00fdch volb\u00e1ch a o dne\u0161n\u00ed \u010desk\u00e9 vl\u00e1d\u011b. https:\/\/xtv.cz\/podtrzeno-secteno\/fiala-je-za-za-tajtrlika-chybi-mu-uveritelnost-pavel-je-mini-biden-trump-hned-po-inauguraci-vyhlasi-100-dekretu-ktere-zmeni-svet-ladislav-jakl-petr-macinka<\/p>\n","protected":false},"author":9,"featured_media":0,"comment_status":"open","ping_status":"open","sticky":false,"template":"","format":"standard","meta":{"ngg_post_thumbnail":0,"footnotes":""},"categories":[1],"tags":[],"class_list":["post-14521","post","type-post","status-publish","format-standard","hentry","category-publikovane-clanky"],"_links":{"self":[{"href":"https:\/\/www.ladislavjakl.cz\/index.php?rest_route=\/wp\/v2\/posts\/14521","targetHints":{"allow":["GET"]}}],"collection":[{"href":"https:\/\/www.ladislavjakl.cz\/index.php?rest_route=\/wp\/v2\/posts"}],"about":[{"href":"https:\/\/www.ladislavjakl.cz\/index.php?rest_route=\/wp\/v2\/types\/post"}],"author":[{"embeddable":true,"href":"https:\/\/www.ladislavjakl.cz\/index.php?rest_route=\/wp\/v2\/users\/9"}],"replies":[{"embeddable":true,"href":"https:\/\/www.ladislavjakl.cz\/index.php?rest_route=%2Fwp%2Fv2%2Fcomments&post=14521"}],"version-history":[{"count":1,"href":"https:\/\/www.ladislavjakl.cz\/index.php?rest_route=\/wp\/v2\/posts\/14521\/revisions"}],"predecessor-version":[{"id":14522,"href":"https:\/\/www.ladislavjakl.cz\/index.php?rest_route=\/wp\/v2\/posts\/14521\/revisions\/14522"}],"wp:attachment":[{"href":"https:\/\/www.ladislavjakl.cz\/index.php?rest_route=%2Fwp%2Fv2%2Fmedia&parent=14521"}],"wp:term":[{"taxonomy":"category","embeddable":true,"href":"https:\/\/www.ladislavjakl.cz\/index.php?rest_route=%2Fwp%2Fv2%2Fcategories&post=14521"},{"taxonomy":"post_tag","embeddable":true,"href":"https:\/\/www.ladislavjakl.cz\/index.php?rest_route=%2Fwp%2Fv2%2Ftags&post=14521"}],"curies":[{"name":"wp","href":"https:\/\/api.w.org\/{rel}","templated":true}]}}