{"id":14542,"date":"2025-01-10T13:44:52","date_gmt":"2025-01-10T12:44:52","guid":{"rendered":"https:\/\/www.ladislavjakl.cz\/?p=14542"},"modified":"2025-01-10T13:44:52","modified_gmt":"2025-01-10T12:44:52","slug":"doba-bezalternativni","status":"publish","type":"post","link":"https:\/\/www.ladislavjakl.cz\/?p=14542","title":{"rendered":"Doba bezalternativn\u00ed"},"content":{"rendered":"<div class=\"opener\">Je nov\u00e1 doba. Demokracie se p\u0159e\u017eila. Dobro bylo v\u017edy vy\u0161\u0161\u00ed hodnotou ne\u017e demokracie, proto\u017ee demokracie byla pouze cestou, jak nastolit dobro.<\/div>\n<p><!--more--><\/p>\n<div id=\"art-text\" class=\"text\">\n<p>Jen\u017ee v momentu, kdy demokracie plod\u00ed zlo a kdy dobro lze efektivn\u011b nastolit jedin\u011b nedemokraticky, je t\u0159eba se s demokraci\u00ed rozlou\u010dit. Jsou hned dva hlavn\u00ed d\u016fvody, pro\u010d se m\u00e1me zbavit kultu demokracie.<\/p>\n<p>Prvn\u00edm je skute\u010dnost, \u017ee pot\u0159ebujeme prosadit takov\u00e1 dobra, kter\u00e1 ve\u0159ejnost odm\u00edt\u00e1. Ve\u0159ejnost toti\u017e ne dost dob\u0159e ch\u00e1pe vy\u0161\u0161\u00ed hodnoty typu multikulturalismus, genderismus \u010di z\u00e1chrana planet\u00e1rn\u00edho podneb\u00ed. A pokud chcete prosadit hodnoty, kter\u00e9 ve\u0159ejnost kv\u016fli nepochopen\u00ed odm\u00edt\u00e1, mus\u00edte vsadit na jin\u00e9 n\u00e1stroje ne\u017e na demokracii.<\/p>\n<p>Druh\u00fdm d\u016fvodem je neexistence alternativy. V d\u00e1vn\u00fdch dob\u00e1ch existovala mo\u017enost volby. N\u011bkdo cht\u011bl v\u00edce st\u00e1tn\u00edho pe\u010dovatelstv\u00ed, v\u00edce p\u0159erozd\u011blov\u00e1n\u00ed, v\u00edce regulac\u00ed, n\u011bkdo v\u0161eho m\u00e9n\u011b. A podle toho ob\u010dan\u00e9 volili z v\u011bj\u00ed\u0159e politick\u00e9 nab\u00eddky. Dnes jsme v situaci jin\u00e9. Dnes u\u017e nejde o tit\u011brn\u00e9 nuance politick\u00fdch program\u016f. Jde o na\u0161e byt\u00ed \u010di nebyt\u00ed. V\u00fdvoj pokro\u010dil, a na sam\u00e9m vrcholu v\u00fdvoje stoj\u00ed \u010cesk\u00e1 republika, kter\u00e1 se tak stala demonstrativn\u00ed laborato\u0159\u00ed pro ov\u011b\u0159en\u00ed fungov\u00e1n\u00ed syst\u00e9mu, kter\u00fd je v ostatn\u00edch hodnotov\u011b spr\u00e1vn\u011b orientovan\u00fdch evropsk\u00fdch zem\u00edch teprve zav\u00e1d\u011bn.<\/p>\n<p>V \u010dem je \u010cR tak vep\u0159edu? Pod\u00edvejme se na zdej\u0161\u00ed politickou situaci. I zde, jako v dal\u0161\u00edch liber\u00e1ln\u011b demokratick\u00fdch zem\u00edch, p\u016fsob\u00ed na ve\u0159ejn\u00e9 sc\u00e9n\u011b s\u00edly dvoj\u00edho typu. Na jedn\u00e9 stran\u011b jsou s\u00edly svobody, inkluze, zodpov\u011bdnosti a pokroku. A na druh\u00e9 stran\u011b jsou populist\u00e9, extremist\u00e9 a reakcion\u00e1\u0159i.<\/p>\n<p>Ale \u010cR je unik\u00e1tem v tom, \u017ee v\u0161echny \u00fapln\u011b s\u00edly dobra jsou na\u0161t\u011bst\u00ed pr\u00e1v\u011b u moci a \u00fapln\u011b v\u0161echny s\u00edly zla jsou na\u0161t\u011bst\u00ed mimo vl\u00e1du. Nebo je\u0161t\u011b jinak, ost\u0159eji: v\u0161ichni, kdo jsou v\u016fbec p\u0159ijateln\u00ed, jsou u\u017e nyn\u00ed u moci, zat\u00edmco v\u0161ichni v opozici jsou pro p\u0159\u00ed\u0161t\u00ed \u00fa\u010dast ve vl\u00e1d\u011b nep\u0159ijateln\u00ed. (Ned\u00e1vn\u00fd odchod Pir\u00e1t\u016f z vl\u00e1dy je detailem, kter\u00fd syst\u00e9movou \u010distotu politick\u00e9ho uspo\u0159\u00e1d\u00e1n\u00ed u n\u00e1s nemohl naru\u0161it.)<\/p>\n<p>Za t\u011bchto okolnost\u00ed je zcela legitimn\u00ed ot\u00e1zka: k \u010demu tedy volby? K \u010demu demokracie? Volby evidentn\u011b mohou dopadnout jen jedn\u00edm spr\u00e1vn\u00fdm zp\u016fsobem: potvrzen\u00edm sou\u010dasn\u00e9ho politick\u00e9ho uspo\u0159\u00e1d\u00e1n\u00ed. Pokud by volby p\u0159inesly jin\u00e9 slo\u017een\u00ed vl\u00e1dnouc\u00edch sil ne\u017e jak\u00e9 existuje dnes, byl by to nejen v\u00fdsledek \u0161patn\u00fd, byl by to v\u00fdsledek rovnou zcela nep\u0159ijateln\u00fd. A pokud existuje jen jeden jedin\u00fd p\u0159ijateln\u00fd v\u00fdsledek voleb, pak jsou takov\u00e9 volby nejen zbyte\u010dn\u00e9, ale i \u0161kodliv\u00e9, proto\u017ee by mohly dopadnout nep\u0159ijateln\u011b.<\/p>\n<p>\u017dijeme v bezalternativn\u00ed dob\u011b. Demokracie n\u00e1m u\u017e nem\u016f\u017ee nab\u00eddnout r\u016fzn\u00e9 typy dobr\u00fdch nebo alespo\u0148 p\u0159ijateln\u00fdch v\u00fdsledk\u016f. Jen jeden: potvrzen\u00ed sou\u010dasn\u00fdch vl\u00e1dnouc\u00edch sil ve funkc\u00edch. Jak\u00fdkoli jin\u00fd v\u00fdsledek by nebyl jen hor\u0161\u00ed, byl by rovnou zcela nep\u0159\u00edpustn\u00fd.<\/p>\n<p>A\u017e do t\u00e9to v\u011bty jste v tomto textu \u010detli skute\u010dnou charakteristiku p\u0159\u00edstupu politik\u016f i m\u00e9di\u00ed hlavn\u00edho proudu k aktu\u00e1ln\u00ed spole\u010densk\u00e9 a politick\u00e9 realit\u011b (snad jste si nemysleli, \u017ee takto vid\u00edm sv\u011bt j\u00e1). A nejen na\u0161\u00ed. Na \u010desk\u00e9, evropsk\u00e9 i sv\u011btov\u00e9 politick\u00e9 sc\u00e9n\u011b u\u017e nekoexistuj\u00ed vedle sebe v demokratick\u00e9 sout\u011b\u017ei se pot\u00fdkaj\u00edc\u00ed r\u016fzn\u00e9 ideov\u00e9 a politick\u00e9 koncepty, r\u016fzn\u00e9 politick\u00e9 programy, r\u016fzn\u00e9 koncepty v p\u0159\u00edstupu ke vztahu mezi st\u00e1tem a jednotlivcem. Z pohledu pe\u010dovatel\u016f o na\u0161i politickou a spole\u010denskou korektnost jsou tu dnes u\u017e jen s\u00edly p\u0159ijateln\u00e9 a s\u00edly zcela nep\u0159ijateln\u00e9. Bez nuanc\u00ed. Nep\u0159ijateln\u00e9 nelze p\u0159ijmout. A \u010desk\u00e9 specifikum je v tom, \u017ee p\u0159ijateln\u00e9 jsou u n\u00e1s \u00fapln\u011b v\u0161echny ve vl\u00e1d\u011b a v\u0161echny, co jsou dnes mimo vl\u00e1du, jsou naprosto nep\u0159ijateln\u00e9. Tak\u017ee jedin\u00fdm logick\u00fdm vy\u00fast\u011bn\u00edm t\u011bchto postoj\u016f je tento z\u00e1v\u011br: volby nesm\u011bj\u00ed dopadnout nep\u0159ijateln\u011b, je tedy t\u0159eba bezpe\u010dn\u011b a tvrd\u011b kontrolovat jejich v\u00fdsledek, nebo je rovnou zru\u0161it. Tento z\u00e1v\u011br pochopiteln\u011b nehl\u00e1s\u00e1 vl\u00e1dnouc\u00ed garnitura otev\u0159en\u011b a explicitn\u011b, ale v\u0161e, co kon\u00e1, kon\u00e1 pr\u00e1v\u011b v jeho intenc\u00edch.<\/p>\n<p>Stejn\u011b tak je podle dne\u0161n\u00ed vl\u00e1dy a sp\u0159\u00e1telen\u00fdch m\u00e9di\u00ed a struktur nutno zru\u0161it svobodnou v\u00fdm\u011bnu my\u0161lenek, proto\u017ee my\u0161lenky u\u017e se ned\u011bl\u00ed na r\u016fzn\u011b chytr\u00e9 nebo r\u016fzn\u011b pitom\u00e9, ale jen na p\u0159ijateln\u00e9 a nep\u0159ijateln\u00e9. Nep\u0159ijateln\u00e9 nelze p\u0159ijmout, nelze trp\u011bt jejich p\u0159\u00edtomnost ve ve\u0159ejn\u00e9 debat\u011b. Proto je nutno p\u0159ij\u00edt s metodami, jak nep\u0159ijateln\u00e9 my\u0161leny vylou\u010dit z ve\u0159ejn\u00e9 debaty.<\/p>\n<p>Kouzlo demokracie je ale pr\u00e1v\u011b v tom, \u017ee demokratick\u00e9 mechanismy mohou zplodit i problematick\u00e9, hloup\u00e9, zlomysln\u00e9 \u010di nepoctiv\u00e9 ovoce. A v r\u00e1mci konkurence idej\u00ed jsou ty m\u00e9n\u011b prosp\u011b\u0161n\u00e9 nakonec i m\u00e9n\u011b \u00fasp\u011b\u0161n\u00e9. Demokrat se pozn\u00e1 podle toho, \u017ee h\u00e1j\u00ed strom demokracie i tehdy, kdy\u017e ten strom nese plody, kter\u00e9 demokratovi nechutnaj\u00ed. Jen\u017ee toto v\u0161e jsou dnes jen idealistick\u00e9 v\u00fdk\u0159iky posledn\u00edch zast\u00e1nc\u016f svobody. Dnes moc dr\u017e\u00ed ti, kdo n\u00e1m vysv\u011btl\u00ed, \u017ee neregulovan\u00e1 demokracie se p\u0159e\u017eila.<\/p>\n<p>Poslouchejme dob\u0159e prosazovatele utahov\u00e1n\u00ed \u0161roub\u016f. Pokud p\u0159elo\u017e\u00edme jejich slova do \u010de\u0161tiny, vyjde n\u00e1m toto: je nutno zabr\u00e1nit situaci, kdy by lid\u00e9 odm\u00edtli dobro a kdy by zvolili zlo. Proto je nutno omezit jejich mo\u017enost odm\u00edtat a jejich mo\u017enost volit. Proto je t\u0159eba suspendovat demokracii.<\/p>\n<\/div>\n<p>Zdroj:&nbsp;<a href=\"https:\/\/blog.idnes.cz\/jakl\/doba-bezalternativni.Bg25010265\">https:\/\/blog.idnes.cz\/jakl\/doba-bezalternativni.Bg25010265<\/a><\/p>\n","protected":false},"excerpt":{"rendered":"<p>Je nov\u00e1 doba. Demokracie se p\u0159e\u017eila. Dobro bylo v\u017edy vy\u0161\u0161\u00ed hodnotou ne\u017e demokracie, proto\u017ee demokracie byla pouze cestou, jak nastolit dobro.<\/p>\n","protected":false},"author":9,"featured_media":0,"comment_status":"open","ping_status":"open","sticky":false,"template":"","format":"standard","meta":{"ngg_post_thumbnail":0,"footnotes":""},"categories":[1],"tags":[],"class_list":["post-14542","post","type-post","status-publish","format-standard","hentry","category-publikovane-clanky"],"_links":{"self":[{"href":"https:\/\/www.ladislavjakl.cz\/index.php?rest_route=\/wp\/v2\/posts\/14542","targetHints":{"allow":["GET"]}}],"collection":[{"href":"https:\/\/www.ladislavjakl.cz\/index.php?rest_route=\/wp\/v2\/posts"}],"about":[{"href":"https:\/\/www.ladislavjakl.cz\/index.php?rest_route=\/wp\/v2\/types\/post"}],"author":[{"embeddable":true,"href":"https:\/\/www.ladislavjakl.cz\/index.php?rest_route=\/wp\/v2\/users\/9"}],"replies":[{"embeddable":true,"href":"https:\/\/www.ladislavjakl.cz\/index.php?rest_route=%2Fwp%2Fv2%2Fcomments&post=14542"}],"version-history":[{"count":1,"href":"https:\/\/www.ladislavjakl.cz\/index.php?rest_route=\/wp\/v2\/posts\/14542\/revisions"}],"predecessor-version":[{"id":14543,"href":"https:\/\/www.ladislavjakl.cz\/index.php?rest_route=\/wp\/v2\/posts\/14542\/revisions\/14543"}],"wp:attachment":[{"href":"https:\/\/www.ladislavjakl.cz\/index.php?rest_route=%2Fwp%2Fv2%2Fmedia&parent=14542"}],"wp:term":[{"taxonomy":"category","embeddable":true,"href":"https:\/\/www.ladislavjakl.cz\/index.php?rest_route=%2Fwp%2Fv2%2Fcategories&post=14542"},{"taxonomy":"post_tag","embeddable":true,"href":"https:\/\/www.ladislavjakl.cz\/index.php?rest_route=%2Fwp%2Fv2%2Ftags&post=14542"}],"curies":[{"name":"wp","href":"https:\/\/api.w.org\/{rel}","templated":true}]}}