{"id":14551,"date":"2025-01-15T13:08:43","date_gmt":"2025-01-15T12:08:43","guid":{"rendered":"https:\/\/www.ladislavjakl.cz\/?p=14551"},"modified":"2025-01-15T13:10:27","modified_gmt":"2025-01-15T12:10:27","slug":"zrusme-statem-vlastnenou-televizi-a-rozhlas-jen-diktatorske-staty-vlastni-media","status":"publish","type":"post","link":"https:\/\/www.ladislavjakl.cz\/?p=14551","title":{"rendered":"Zru\u0161me st\u00e1tem vlastn\u011bnou televizi a rozhlas, jen dikt\u00e1torsk\u00e9 st\u00e1ty vlastn\u00ed m\u00e9dia"},"content":{"rendered":"<div class=\"itemIntroText\">\n<p>Tak jako p\u0159ed ka\u017ed\u00fdmi volbami se jedn\u00e1 i nyn\u00ed o televizn\u00edch poplatc\u00edch. Poplatn\u00edci byli v\u017edy proti a politici byli rozd\u011bleni na pro a proti, aby odpoutali pozornost od v\u00e1\u017en\u00fdch probl\u00e9m\u016f. Ivan Ml\u00e1dek by \u0159ekl \u201eA vo tom to je.\u201c Proto kdy\u017e po\u0159\u00e1dal p\u0159edseda strany Svobodn\u00fdch Libor Vondr\u00e1\u010dek na Novotn\u00e9ho l\u00e1ce v&nbsp;Praze<strong>&nbsp;Konferenci Svobody<\/strong>&nbsp;<strong>&#8222;Pot\u0159ebujeme ve 21. stolet\u00ed platit \u010cT a Rozhlas?&#8220;&nbsp;<\/strong>okam\u017eit\u011b mne napadlo \u017ee na n\u00ed bude \u0159e\u0161en bezohledn\u00fd&nbsp;n\u00e1vrh ministra kultury Baxy (Fialova ODS) na zv\u00fd\u0161en\u00ed televizn\u00edch poplatk\u016f a \u0159\u00edkala jsem si, \u017ee takov\u00fd zn\u00e1m\u00fd pr\u00e1vn\u00edk na mezin\u00e1rodn\u00ed pr\u00e1vo jako Libor Vondr\u00e1\u010dek nem\u00e1 toto p\u0159ece zapot\u0159eb\u00ed ke sv\u00e9mu zviditeln\u011bn\u00ed.<!--more--><\/p>\n<div class=\"itemFullText\">\n<p><strong>Pr\u00e1vn\u00edk jako on, \u017ee by m\u011bl sp\u00ed\u0161 hovo\u0159it o&nbsp;zru\u0161en\u00edm p\u0159\u00edlepku \u010d. 10a k&nbsp;na\u0161\u00ed \u00fastav\u011b,&nbsp; bychom nemuseli poslouchat nesmysln\u00e9 z\u00e1kony o Green Dealu a dal\u0161\u00edch nebezpe\u010dn\u00fdch&nbsp; -izmech EU, kter\u00e9 n\u00e1m ukl\u00e1d\u00e1 Lisamonsk\u00e1 smlouva a p\u0159itom bychom z\u016fstali v EU, aby se splnilo i p\u0159\u00e1n\u00ed t\u011bch kte\u0159\u00ed si bez jej\u00edch jid\u00e1\u0161sk\u00fdch dotac\u00ed nedok\u00e1\u017eou p\u0159edstavit \u017eivot. A co v\u00edc.<\/strong><strong>&nbsp;Informovat ve\u0159ejnost, \u017ee zru\u0161en\u00ed tohoto velmi nebezpe\u010dn\u00e9ho p\u0159\u00edlepku 10a do na\u0161\u00ed \u00fastvy vyroben\u00e9ho p\u0159ed p\u0159ijet\u00edm Lisabonsk\u00e9 smlouvy je naprosto v gesci pouze na\u0161eho parlamentu.<\/strong><\/p>\n<p>Ky\u017e jsem ale vid\u011bla jm\u00e9na panelist\u016f<strong>&nbsp;Ladislav Jakl<\/strong>&nbsp;(\u010dlen RRTV, autor medi\u00e1ln\u00edch z\u00e1kon\u016f a&nbsp;vedouc\u00ed sekce spole\u010densk\u00fdch studi\u00ed Institutu V\u00e1clava Klause),&nbsp;<strong>Jan Gregor<\/strong>&nbsp;(tv\u016ftce petice&nbsp;<a href=\"https:\/\/svobodnilinks.seurl.cz\/public\/open\/nlink\/?u=7308cff4-3198-11ea-b3c5-060ae8cfc83f&amp;c=cd0c912a-86d0-11ee-94d5-9c69b462e2e5&amp;l=dc3059da-b9af-11ef-ba42-3cecef38fd8f&amp;sid=2d65b3b13e2f457aa96bc29c7e5db3ad\" target=\"_blank\" rel=\"noopener\">stoppoplatkum.cz z Aliance pro rodinu<\/a>),&nbsp;<strong>Ji\u0159\u00ed Svoboda Randula&nbsp;<\/strong>(tv\u016frce petice<strong>&nbsp;<a href=\"https:\/\/svobodnilinks.seurl.cz\/public\/open\/nlink\/?u=7308cff4-3198-11ea-b3c5-060ae8cfc83f&amp;c=cd0c912a-86d0-11ee-94d5-9c69b462e2e5&amp;l=dc3158e4-b9af-11ef-a347-3cecef38fd8f&amp;sid=2d65b3b13e2f457aa96bc29c7e5db3ad\" target=\"_blank\" rel=\"noopener\">stopCT.cz od Svobodn\u00fdch<\/a>),&nbsp;David Moos<\/strong>&nbsp;(stoj\u00edc\u00ed<strong>&nbsp;<\/strong>za zaj\u00edmavou v\u00fdzvu<strong>&nbsp;<a href=\"https:\/\/svobodnilinks.seurl.cz\/public\/open\/nlink\/?u=7308cff4-3198-11ea-b3c5-060ae8cfc83f&amp;c=cd0c912a-86d0-11ee-94d5-9c69b462e2e5&amp;l=dc322a94-b9af-11ef-bb74-3cecef38fd8f&amp;sid=2d65b3b13e2f457aa96bc29c7e5db3ad\" target=\"_blank\" rel=\"noopener\">nekrm-hydru.cz<\/a>) a&nbsp;Martin Dvo\u0159\u00e1k&nbsp;<\/strong>(gener\u00e1ln\u00ed \u0159editel prvn\u00ed soukrom\u00e9 televize u n\u00e1s TV Prima, kterou dok\u00e1zal i p\u0159es \u00fatoky na n\u00ed&nbsp; v\u00e9st 7 let)&nbsp;uv\u011bdomila jsem si, \u017ee p\u016fjde o n\u011bco v\u00edc. A nezklama jsem se.<strong>&nbsp;<\/strong><\/p>\n<p>&nbsp;<\/p>\n<p><strong><img decoding=\"async\" src=\"https:\/\/fragmenty.cz\/images\/IMG_20241212_182738%20%20600.jpg\" alt=\"\" border=\"0\"><\/strong><\/p>\n<p><em>Text k fotu: P\u0159edseda Svobodn\u00fdch Libor Vondr\u00e1\u010dek kontroluje p\u017eed zah\u00e1jen\u00edm zda je v po\u0159\u00e1dku nahr\u00e1vac\u00ed technika. Panelist\u00e9 zleva Ji\u0159\u00ed Svoboda Randula, Ladislav Jakl, Jan Gregor a Martin Dvo\u0159\u00e1k<\/em><\/p>\n<p>Hned prvn\u00ed \u0159e\u010dn\u00edk, kter\u00fd v&nbsp;roce 1991 vytvo\u0159il spolu s&nbsp;poslancem Sedl\u00e1\u010dkem prvn\u00ed&nbsp; z\u00e1kon o \u010desk\u00e9 televizi, aby j\u00ed odli\u0161il od vznikaj\u00edc\u00edch soukrom\u00fdch, Ladislav Jakl r\u00e1zn\u011b zvolal:<strong>&nbsp;<em>\u201eJsem pro zru\u0161en\u00ed cel\u00e9 \u010cT a to i kdyby bylo jej\u00ed vys\u00edl\u00e1n\u00ed sebe lep\u0161\u00ed a v\u0161em se l\u00edbilo.&nbsp;St\u00e1t nem\u00e1 vlastnit televizi ani jin\u00e1 m\u00e9dia.&nbsp;\u010cT z\u0159\u00eddil st\u00e1t, p\u0159id\u011blil j\u00ed kmito\u010dty, ponechal j\u00ed budovy a kontroluje jej\u00ed \u010dinnost\u201c.<\/em><\/strong>&nbsp;U n\u00e1s se po t\u0159iceti letech u\u017e nikdo nepozastav\u00ed nad&nbsp;lingvistick\u00fdm paskvilem slova&nbsp;<strong><em>ve\u0159ejnopr\u00e1vn\u00ed<\/em><\/strong>&nbsp;vymy\u0161len\u00e9m a tolerovan\u00e9m dosud v\u0161emi vl\u00e1dami, proto\u017ee d\u00edky tomuto slovu si p\u0159ivlast\u0148uj\u00ed pr\u00e1vo kontroly nad t\u011bmito m\u00e9dii zvan\u00fdmi ve\u0159ejnopr\u00e1vn\u00edmi. Televiz\u00ed vl\u00e1dne nav\u00edc RRTV &nbsp;do jej\u00edho\u017e slo\u017een\u00ed m\u00e1 pr\u00e1vo mluvit parlament. Po z\u00e1st\u011brkou z\u00e1hadn\u00fdch instituc\u00ed do n\u00ed vol\u00ed \u201enez\u00e1visl\u00e9\u201c z\u00e1stupce. Pro\u010d mysl\u00edte, \u017ee tyto instituce tam ty lidi pos\u00edlaj\u00ed? Jsou opravdu nez\u00e1visl\u00e9 jak po\u017eaduje z\u00e1kon?&nbsp;Pan Jakl m\u00e1 pravdu. P\u0159ipome\u0148me&nbsp; kolik k\u0159iku od vl\u00e1dy zn\u011blo kdy\u017e Andrej Babi\u0161 si soukrom\u011b koupil Mladou Frontu&nbsp; a jak se zlobila EU na italsk\u00e9ho prezidenta Berlusconiho, \u017ee vl\u00e1dne d\u00edky sv\u00fdm televiz\u00edm. Jen totalitn\u00ed st\u00e1ty vlastn\u00ed m\u00e9dia.&nbsp;<\/p>\n<p><img decoding=\"async\" src=\"https:\/\/fragmenty.cz\/images\/IMG_20241212_194920%20jakl%20randula%20600.jpg\" alt=\"\" border=\"0\"><\/p>\n<p><strong>\u201eZ\u00e1rukou demokracie je pluralita\u201c<\/strong>&nbsp;<strong>zah\u0159m\u011bl<\/strong>&nbsp;<strong>Ji\u0159\u00ed Svoboda<\/strong>&nbsp;<strong>Randula<\/strong>&nbsp;(na sn\u00edmku vlevo od pana Jakla).&nbsp;V\u00e1da tvrd\u00ed, \u017ee ve\u0159ejnopr\u00e1vn\u00ed m\u00e9dia jsou z\u00e1rukou demokracie, ale tak to nen\u00ed. \u201c<em>\u010cT je podle n\u011bj trycht\u00fd\u0159 do n\u011bho\u017e te\u010dou pen\u00edze od t\u011bch, kte\u0159\u00ed z&nbsp; n\u00ed nic nemaj\u00ed a p\u0159elej\u00ed se do kapes t\u011bch, kte\u0159\u00ed z&nbsp;toho n\u011bco maj\u00ed\u201c.<\/em>&nbsp;Televize se ve zpr\u00e1v\u00e1ch chov\u00e1 jako sva\u010din\u00e1\u0159ka u n\u00ed\u017e si objedn\u00e1te sva\u010dinu za 100 K\u010d a ona p\u0159inese za 350 \u017ee usoudila, \u017ee ta V\u00e1mi \u017e\u00e1dan\u00e1 byla nezdrav\u00e1, ale tahle eko V\u00e1m bude d\u011blat dob\u0159e. Butete to prost\u011b j\u00edst a zapla\u0165te. Sva\u010din\u00e1\u0159ku m\u016f\u017eete vyhodit, ale vyhodit TV za vnucov\u00e1n\u00ed n\u00e1zor\u016f v\u00e1m vl\u00e1da nedovol\u00ed.&nbsp;<strong>Zaj\u00edmav\u00e9 bylo upozorn\u011bn\u00ed pana Svobody na rozp\u00ednavost \u010cRo.<\/strong>&nbsp;Z\u00e1kon mu ukl\u00e1d\u00e1 17+1 stanic ale on jich m\u00e1 u\u017e 26.&nbsp; To by nebylo nic zl\u00e9ho kdyby to ned\u011blal bez tr\u017en\u00ed kontroly. Kdy\u017e mu dojdou pen\u00edze, \u0159ekne p\u0159idejte n\u00e1m. \u017d\u00e1dn\u00fd podnikatel by toto nemohl d\u011blat. Chov\u00e1 se na pohled jako tr\u017en\u00ed subjekt, ale nen\u00ed trhem kontrolovan\u00fd. Nap\u0159\u00edklad v&nbsp;1 hodinu v&nbsp;noci vys\u00edl\u00e1 pro d\u011bti o kravi\u010dk\u00e1ch \u017ee doj\u00ed ml\u00e9ko s tak\u0159ka nulovou poslechovost\u00ed 10&nbsp;000 za den, jen aby m\u011bl odvys\u00edl\u00e1no. Soukrom\u00e9 stanice si naopak pracn\u011b nach\u00e1zej\u00ed skupiny poslucha\u010d\u016f. Ladislav&nbsp;Jak k&nbsp;tomu dodal<em>:&nbsp;<strong>&nbsp;Relevantnost ve sledovanosti je podvod<\/strong>.<\/em><\/p>\n<p>\u0158editel prvn\u00ed polistopadov\u00e9 soukrom\u00e9 televize Prima&nbsp;<strong>&nbsp;Martin Dvo\u0159\u00e1k<\/strong>&nbsp;p\u0159ipomn\u011bl, \u017ee to, co plat\u00ed pro \u010cT, plat\u00ed i pro \u010cesk\u00fd rozhlas.&nbsp;<strong>10 miliard K\u010d tvo\u0159\u00ed jeden bal\u00edk pen\u011bz, kter\u00fd na\u0159izuje st\u00e1t platit ob\u010dan\u016fm na \u010cR a \u010cRo,&nbsp;<\/strong>kter\u00e9&nbsp;ji\u017e mnoz\u00ed nepou\u017e\u00edvaj\u00ed nebo\u0165 po objevu internetu lid\u00e9 ve velk\u00e9m maj\u00ed informace dostupn\u00e9 rychleji&nbsp; z&nbsp;mnoha soukrom\u00fdch kan\u00e1l\u016f.&nbsp;Vl\u00e1d\u011b podle pana Dvo\u0159\u00e1ka vyhovuje nostalgie ob\u010dan\u016f z&nbsp;mninulosti&nbsp; d\u00edky n\u00ed\u017e st\u00e1le mnoz\u00ed poslouchaj\u00ed ve\u010dern\u00ed\u010dky (a po nich zpr\u00e1vy) i kdy\u017e existuje konkurence d\u011btsk\u00fdch kan\u00e1l\u016f na internetu. A proto z\u0159ejm\u011b ob\u010dan\u00e9 rad\u011bji budou platit 220 K\u010d m\u011bs\u00ed\u010dn\u011b a do ulic nep\u016fjdou.<\/p>\n<p><strong><img decoding=\"async\" src=\"https:\/\/fragmenty.cz\/images\/IMG_20241212_182829%20%20600.jpg\" alt=\"\" border=\"0\"><\/strong><\/p>\n<p><strong>David Most<\/strong>&nbsp;p\u0159i\u0161el se zaj\u00edmav\u00fdm projektem&nbsp;<strong><em>\u201eNekrm Hydru\u201c<\/em><\/strong>&nbsp;(na obr\u00e1zku prvn\u00ed zleva).&nbsp;Navrhnul, aby \u010cT d\u00e1l sice existovala, ale&nbsp;<strong>aby poplatky 220 K\u010d platili lid\u00e9 kan\u00e1l\u016fm, kter\u00e9 preferuj.&nbsp;Aby \u010cT m\u011bla konkurenci a musela se&nbsp; zam\u00fd\u0161let nad t\u00edm co a pro koho v\u016fbec vys\u00edl\u00e1<\/strong>. Pak \u017ee nebude pl\u00e1cat jen o Green Deaul, kter\u00fd zni\u010dil na\u0161e lesy a \u00farodnou p\u016fdu pokryl \u0161kraloupem j\u00edlu po n\u011bm\u017e &nbsp;voda st\u00e9k\u00e1 do \u0159ek ani\u017e ji pole a lesy nasaj\u00ed a t\u00edm kdysi&nbsp; tvo\u0159ily zdroje spodn\u00ed vody.&nbsp;<strong>\u010cT m\u016f\u017ee podobn\u00e9 nesmysly \u0161\u00ed\u0159it ani\u017e se mus\u00ed starat zda to n\u011bkdo poslouch\u00e1<\/strong>. Stejn\u011b dostane spolu se stejn\u011b se chovaj\u00edc\u00edm \u010cRo 10 miliard.<strong>&nbsp;Kdyby politici nechali p\u0159\u00edsp\u011bvky na lidech, musela by se \u010cT sna\u017eit d\u011blat po\u0159ady pro n\u011b a ne pro Brusel.<\/strong>&nbsp;Televize by musela motivovat div\u00e1ky stejn\u011b jako se o to sna\u017e\u00ed soukrom\u00e9 chud\u00e9 stanice. Hydra by t\u00edm nav\u00edc pomohla t\u011bmto stanic\u00edm, pro kter\u00e9 i n\u011bkolik milion\u016f korun je skv\u011bl\u00e1 v\u011bc.<\/p>\n<p><strong>Jan Gregor<\/strong>&nbsp;z&nbsp;<em>Aliance pro rodinu<\/em>&nbsp;vydal petici&nbsp;<strong><em>Stop poplatk\u016fm.<\/em><\/strong>&nbsp;M\u00e1 z\u0159ejm\u011b na \u010cT vliv, proto\u017ee p\u0159estala na jeho n\u00e1tlak pou\u017e\u00edt nesmysln\u00e9&nbsp; heslo&nbsp;<em>\u201eman\u017eestv\u00ed pro v\u0161echny\u201c.&nbsp;<\/em>&nbsp;Pan Gregor p\u0159ipomn\u011bl, abychom nezapomn\u011bli \u017ee zv\u00fd\u0161en\u00ed poplatk\u016f navrhl ministr kultury Baxa, kter\u00fd po sv\u00e9m n\u00e1stupu do funkce tvrdil, \u017ee nebude zvy\u0161ovat poplatky. I to n\u011bco \u0159\u00edk\u00e1 o sou\u010dasn\u00e9 vl\u00e1d\u011b. Nyn\u00ed p\u0159i\u0161el s&nbsp;opakem, \u017ee je nutn\u00e9 je zv\u00fd\u0161it ani\u017e to rozumn\u011b zd\u016fvodnil. Poslanec Lacina platbu poplatk\u016f zd\u016fvodnil spole\u010denskou odpov\u011bdnost\u00ed a p\u0159eje si, aby&nbsp;<strong>poplatky platily i firmy a to i pr\u00e1vnick\u00e9 osoby s&nbsp;v\u00edce ne\u017e 25 zam\u011bstnanci.<\/strong>&nbsp;T\u00edm pr\u00fd dok\u00e1\u017e\u00ed svou&nbsp; spole\u010denskou odpov\u011bdnost. Tak\u017ee majitel\u00e9 n\u011bkolika firem budou platit mnohokr\u00e1t a budou tak zodpov\u011bdn\u00ed za to, \u017ee st\u00e1t z\u00edsk\u00e1 od ob\u010dan\u016f 44 K\u010d DPH n\u011bkolikr\u00e1t. U\u017e vid\u00edm kolik budeme m\u00edt od nov\u00e9ho roku firem po 24 lidech vznikl\u00fdch z velk\u00fdch korporac\u00ed. P\u0159ipomn\u011blo mi to n\u011bkdej\u0161\u00ed semin\u00e1\u0159 IVK s ministrem Sobotkou, kter\u00fd navrhoval milion\u00e1\u0159skou da\u0148 z 1 milionu. D\u011bkan n\u00e1rodohospod\u00e1\u0159sk\u00e9 fakulty \u0160ev\u010d\u00edk mu vysv\u011btlil, \u017ee&nbsp; nevybere nic neb \u017e\u00e1dn\u00fd podnikatel&nbsp; si nedovol\u00ed d\u00e1vat nikomu plat nad milion, ale vy\u0159e\u0161\u00ed to odm\u011bnami mimo\u0159\u00e1dn\u00fdmi a d\u00e1rky, rekreacemi a mnoha dal\u0161\u00edmi v\u011bcmi.&nbsp;<\/p>\n<h1>Z\u00e1v\u011br semin\u00e1\u0159e<\/h1>\n<p>Dobr\u00e1 zpr\u00e1va na tom v\u0161em je, \u017ee to mus\u00ed b\u00fdt s&nbsp;na\u0161\u00edm slavn\u00fdm a dle slov premi\u00e9ra Fialy nejzodpov\u011bdn\u011bj\u0161\u00edm rozpo\u010dtem p\u011bkn\u011b nahnut\u00e9 kdy\u017e u\u017e takto politici \u017eebraj\u00ed. Sta\u010d\u00ed \u017ee znovu o\u017eebra\u010duj\u00ed d\u016fchodce a dokonce i invalidy t\u00edm, \u017ee nebudou dost\u00e1vat 50% valotizaci p\u0159i r\u016fstu inflace, ale pouze 1\/3. Zat\u00edmco sami si p\u0159id\u00e1vaj\u00ed 7% k&nbsp;p\u0159\u00edjmu.&nbsp;&nbsp;Ve\u0159ejnost by m\u011bla proti tomuto chov\u00e1n\u00ed vl\u00e1dy protestovat. M\u011bla by cht\u00edt v\u011bd\u011bt co s&nbsp;pen\u011bzi d\u011blaj\u00ed tyto medi\u00e1ln\u00ed&nbsp; molochy a jak\u00e9 platy a odm\u011bny berou za to co vys\u00edlaj\u00ed ve jm\u00e9nu Green Dealu a podobn\u00fdch nebezpe\u010dn\u00fdch -izm\u016f EU jejich zam\u011bstnanci a \u0159editel\u00e9.&nbsp;<\/p>\n<p>J\u00e1 dod\u00e1v\u00e1m, \u017ee d\u00edky tomu, \u017ee ji\u017e n\u011bkolik let m\u00e1 Evropsk\u00e1 komise pr\u00e1vo odebrat n\u00e1rodn\u00edm televiz\u00edm licence pokud zjist\u00ed, \u017ee ovliv\u0148uj\u00ed ve\u0159ejnost nepravdiv\u00fdmi sd\u011blen\u00edmi, pak \u017e\u00e1dn\u00fd \u0159editel pro jistotu nepust\u00ed do vys\u00edl\u00e1n\u00ed ani p\u00edpnut\u00ed proti n\u00e1zor\u016fm EU. V\u00fd\u0161e plat\u016f je pro n\u011bj i redaktory p\u0159\u00edli\u0161 d\u016fle\u017eit\u00e1 a po n\u011bm by na jejich m\u00edsta jist\u011b EU sehnala nov\u00e9 a poslu\u0161n\u011bj\u0161\u00ed lidi. To ne\u0159\u00edk\u00e1m pro obhajobu jeho chov\u00e1n\u00ed, ale pouze na vysv\u011btlen\u00ed, \u017ee<strong>&nbsp;dokud bude v na\u0161\u00ed \u00fastave paragraf 10a, kter\u00fd tam byl vlo\u017een za Topol\u00e1nkovy vl\u00e1dy, pak v\u017edy zv\u00edt\u011bz\u00ed pr\u00e1vo EU nad na\u0161\u00edm neb tak to stoj\u00ed v Lisabonsk\u00e9 smlouv\u011b. A to ze z\u00e1kona.<\/strong><\/p>\n<p>V\u00edm, \u017ee i kdyby bylo vyps\u00e1no referendum za CZEXIT jeho v\u00fdsledky by byly d\u00edky manipulaci ob\u010dan\u016f \u010cT a \u010cRo proti odchodu z EU. Neznamen\u00e1 to ale o n\u011bm ml\u010det a p\u0159edev\u0161\u00edm se nesna\u017eit alespo\u0148 o mo\u017enost k n\u00e1vratu vlastn\u00edch z\u00e1kon\u016f zru\u0161en\u00edm paragrafu 10a. Pak by byla nap\u0159\u00edklad nad\u011bje, \u017ee bychom p\u0159estali krmit hydru. Jinak v\u0161echny sebelep\u0161\u00ed n\u00e1vrhy a snahy ob\u010dan\u016f na zlep\u0161en\u00ed situace a to nejen s m\u00e9dii, budou mil\u00e9, ale v praxi BOHU\u017dEL neprovediteln\u00e9.<strong>&nbsp;<\/strong><\/p>\n<p><a href=\"https:\/\/fragmenty.cz\/index.php\/mediokracie2\/item\/4540-zrusme-statem-vlastnenou-televizi-a-rozhlas-jen-diktatorske-staty-vlastni-media\">Zdroj<\/a><\/p>\n<\/div>\n<\/div>\n","protected":false},"excerpt":{"rendered":"<p>Tak jako p\u0159ed ka\u017ed\u00fdmi volbami se jedn\u00e1 i nyn\u00ed o televizn\u00edch poplatc\u00edch. Poplatn\u00edci byli v\u017edy proti a politici byli rozd\u011bleni na pro a proti, aby odpoutali pozornost od v\u00e1\u017en\u00fdch probl\u00e9m\u016f. Ivan Ml\u00e1dek by \u0159ekl \u201eA vo tom to je.\u201c Proto kdy\u017e po\u0159\u00e1dal p\u0159edseda strany Svobodn\u00fdch Libor Vondr\u00e1\u010dek na Novotn\u00e9ho l\u00e1ce v&nbsp;Praze&nbsp;Konferenci Svobody&nbsp;&#8222;Pot\u0159ebujeme ve 21. stolet\u00ed [&hellip;]<\/p>\n","protected":false},"author":9,"featured_media":0,"comment_status":"open","ping_status":"open","sticky":false,"template":"","format":"standard","meta":{"ngg_post_thumbnail":0,"footnotes":""},"categories":[11],"tags":[],"class_list":["post-14551","post","type-post","status-publish","format-standard","hentry","category-ozvena"],"_links":{"self":[{"href":"https:\/\/www.ladislavjakl.cz\/index.php?rest_route=\/wp\/v2\/posts\/14551","targetHints":{"allow":["GET"]}}],"collection":[{"href":"https:\/\/www.ladislavjakl.cz\/index.php?rest_route=\/wp\/v2\/posts"}],"about":[{"href":"https:\/\/www.ladislavjakl.cz\/index.php?rest_route=\/wp\/v2\/types\/post"}],"author":[{"embeddable":true,"href":"https:\/\/www.ladislavjakl.cz\/index.php?rest_route=\/wp\/v2\/users\/9"}],"replies":[{"embeddable":true,"href":"https:\/\/www.ladislavjakl.cz\/index.php?rest_route=%2Fwp%2Fv2%2Fcomments&post=14551"}],"version-history":[{"count":2,"href":"https:\/\/www.ladislavjakl.cz\/index.php?rest_route=\/wp\/v2\/posts\/14551\/revisions"}],"predecessor-version":[{"id":14553,"href":"https:\/\/www.ladislavjakl.cz\/index.php?rest_route=\/wp\/v2\/posts\/14551\/revisions\/14553"}],"wp:attachment":[{"href":"https:\/\/www.ladislavjakl.cz\/index.php?rest_route=%2Fwp%2Fv2%2Fmedia&parent=14551"}],"wp:term":[{"taxonomy":"category","embeddable":true,"href":"https:\/\/www.ladislavjakl.cz\/index.php?rest_route=%2Fwp%2Fv2%2Fcategories&post=14551"},{"taxonomy":"post_tag","embeddable":true,"href":"https:\/\/www.ladislavjakl.cz\/index.php?rest_route=%2Fwp%2Fv2%2Ftags&post=14551"}],"curies":[{"name":"wp","href":"https:\/\/api.w.org\/{rel}","templated":true}]}}