{"id":14559,"date":"2025-01-16T21:42:11","date_gmt":"2025-01-16T20:42:11","guid":{"rendered":"https:\/\/www.ladislavjakl.cz\/?p=14559"},"modified":"2025-01-16T21:42:11","modified_gmt":"2025-01-16T20:42:11","slug":"strasidelny-blog","status":"publish","type":"post","link":"https:\/\/www.ladislavjakl.cz\/?p=14559","title":{"rendered":"Stra\u0161ideln\u00fd blog"},"content":{"rendered":"<div class=\"opener\">D\u011bsupln\u00e1 noc. Temn\u00fd hlubok\u00fd hvozd. V\u00edtr sku\u010d\u00ed mezi such\u00fdmi stromy, c\u00e1ry mra\u010den zpola zakr\u00fdvaj\u00ed bled\u00fd \u00fapln\u011bk. Skalinami se nese sk\u0159\u00edpot, prask\u00e1n\u00ed a dal\u0161\u00ed d\u011bsiv\u00e9 zvuky.<br \/>\n<!--more-->Na pokroucen\u00e9 v\u011btvi sed\u00ed vedle sebe dv\u011b sovy a ml\u010dky civ\u00ed do nevl\u00eddn\u00e9 sloty. V tom jedna z nich ud\u011bl\u00e1: \u201eH\u016f\u016f\u016f!\u201c Na\u010de\u017e druh\u00e1 leknut\u00edm m\u00e1lem spadne a vy\u010d\u00edtav\u011b zvol\u00e1 na tu houkac\u00ed: \u201eCo m\u011b stra\u0161\u00ed\u0161, ty jedna\u2026!\u201c<\/p>\n<p>Strach je nejsiln\u011bj\u0161\u00ed motivac\u00ed. Nikdo ze zi\u0161tnosti nepob\u011b\u017e\u00ed tak rychle, jako kdy\u017e se opravu boj\u00ed, zvl\u00e1\u0161t\u011b o sv\u00e9 bl\u00edzk\u00e9. Se strachem pracuj\u00ed spisovatel\u00e9, re\u017eis\u00e9\u0159i, ale tak\u00e9 marketingov\u00ed tv\u016frci \u010di nah\u00e1n\u011b\u010di n\u00e1bo\u017eensk\u00fdch sekt. A \u2013 pochopiteln\u011b \u2013 i ideologov\u00e9 a auto\u0159i p\u0159edvolebn\u00edch kampan\u00ed. A tak sout\u011b\u017e\u00edc\u00ed politick\u00e9 subjekty velmi \u010dasto a mnohdy i \u00fasp\u011b\u0161n\u011b stra\u0161\u00ed jeden p\u0159ed druh\u00fdm.<\/p>\n<p>Ale nejen to. Navz\u00e1jem se stra\u0161\u00ed, ale sou\u010dasn\u011b i obvi\u0148uj\u00ed ze stra\u0161en\u00ed. Se stra\u0161en\u00edm to toti\u017e nen\u00ed jen tak. Nen\u00ed stra\u0161en\u00ed jako stra\u0161en\u00ed. Pokud stra\u0161\u00ed ti hodn\u00ed, pak stra\u0161\u00ed p\u0159ed re\u00e1ln\u00fdmi hrozbami. Pokud ale stra\u0161\u00ed ti nehodn\u00ed, pak v\u017edy p\u0159ed hrozbami fiktivn\u00edmi.<\/p>\n<p>N\u011bkter\u00e9 stra\u0161en\u00ed varuje p\u0159ed ciz\u00edmi agenty a \u0161tvav\u00fdmi vys\u00edla\u010dkami \u010di nep\u0159\u00e1telskou propagandou. To je v po\u0159\u00e1dku. Jin\u00e9 stra\u0161en\u00ed je ale ozna\u010dov\u00e1no za dezinformaci a b\u00fdv\u00e1 i kriminalizov\u00e1no. T\u0159eba stra\u0161en\u00ed p\u0159ed masovou um\u011ble podn\u011bcovanou imigrac\u00ed a p\u0159ed terorismem \u010di hromadn\u00fdm zn\u00e1sil\u0148ov\u00e1n\u00edm domorod\u00fdch \u017een muslimsk\u00fdmi p\u0159ist\u011bhovalci. Nebo p\u0159ed vedlej\u0161\u00edmi negativn\u00edmi \u00fa\u010dinky nedostate\u010dn\u011b prov\u011b\u0159en\u00fdch l\u00e9k\u016f a vakc\u00edn.<\/p>\n<p>Stra\u0161en\u00ed p\u0159ed epidemiemi je zase naopak pozitivn\u00ed, proto\u017ee m\u00e1 p\u0159\u00edzniv\u00fd vliv na odbyt farmaceutick\u00fdch produkt\u016f a t\u00edm i na ekonomickou kondici. Jeden z na\u0161ich nej\u010dten\u011bj\u0161\u00edch zpravodajsk\u00fdch web\u016f dnes t\u0159eba p\u0159in\u00e1\u0161\u00ed zpr\u00e1vu s titulkem \u201eCh\u0159ipka je tady a bude letos hor\u0161\u00ed, u\u017e vzala \u017eivot nejm\u00e9n\u011b osmi lidem.\u201c Takov\u00e9 stra\u0161en\u00ed je p\u0159ece pozitivn\u00ed, proto\u017ee nab\u00e1d\u00e1 lidi k opatrnosti.<\/p>\n<p>Najdou se ale pop\u00edra\u010di, kte\u0159\u00ed budou tvrdit, \u017ee ch\u0159ipka tu je po\u0159\u00e1d, \u017ee ka\u017ed\u00fd rok u n\u00e1s zabije v pr\u016fm\u011bru asi dva a p\u016fl tis\u00edce lid\u00ed, p\u0159i epidemi\u00edch \u010dasto i p\u011bt tis\u00edc, v klidn\u00fd rok kolem 1500 lid\u00ed. V dob\u011b epidemie v\u0161ak t\u0159eba i 500 t\u00fddn\u011b, ka\u017ed\u00fdch dvacet minut jednoho. Tak\u017ee on\u011bch osm leto\u0161n\u00edch asi za t\u0159i hodiny. No, ona to je v\u0161echno pravda, ale komu t\u00edm tihle pop\u00edra\u010di svou pravdou prosp\u011bj\u00ed? Komu t\u00edm slou\u017e\u00ed! Jen podporuj\u00ed nezodpov\u011bdn\u00fd hazard v podob\u011b cestov\u00e1n\u00ed hromadnou dopravou, n\u00e1v\u0161t\u011bv kulturn\u00edch \u010di sportovn\u00edch akc\u00ed, vz\u00e1jemn\u00fdch mezilidsk\u00fdch kontakt\u016f, pohybu na ve\u0159ejnosti bez rou\u0161ek a zejm\u00e9na n\u00e1v\u0161t\u011bv star\u0161\u00edch p\u0159\u00edbuzn\u00fdch. Ti pak nemohou bez obav z ch\u0159ipky v klidu um\u0159\u00edt osamot\u011b.<\/p>\n<p>A jsme u toho. U\u017e se nept\u00e1me, zda na n\u011bjak\u00e9m tvrzen\u00ed je nebo nen\u00ed n\u011bco pravdy. Pt\u00e1me se, komu ta pravda slou\u017e\u00ed. A pokud m\u016f\u017ee slou\u017eit t\u011bm \u0161patn\u00fdm, pak u\u017e to nen\u00ed pravda, ale dezinformace, kterou je t\u0159eba vymazat. Pokud m\u00e1 v\u0161ak varov\u00e1n\u00ed funkci pozitivn\u00ed, pak u\u017e tak moc nez\u00e1le\u017e\u00ed, zda je seri\u00f3zn\u011b podlo\u017een\u00e9.<\/p>\n<p>Tak si to dob\u0159e pamatujme. Bude se n\u00e1m to v rozb\u00edhaj\u00edc\u00ed se p\u0159edvolebn\u00ed kampani hodit. Stra\u0161en\u00ed je odsouzen\u00edhodn\u00e9, ale pokud stra\u0161\u00ed ti \u0161patn\u00ed. Pokud stra\u0161\u00ed ti dob\u0159\u00ed, je dobr\u00e9 i ono stra\u0161en\u00ed, a\u010d by jeho zd\u016fvodn\u011bn\u00ed bylo vycucan\u00e9 z prstu. Rozhoduje jen to, \u010d\u00ed to je prst.<\/p>\n<p>A\u017e z \u00fast n\u011bkter\u00fdch politik\u016f usly\u0161\u00edme stra\u0161en\u00ed, a sou\u010dasn\u011b obvi\u0148ov\u00e1n\u00ed druh\u00fdch, \u017ee to oni stra\u0161\u00ed, nehledejme za t\u00edm nic divn\u00e9ho. To je ta dialektika.<\/p>\n<p><i>ps\u00e1no pro IVK<\/i><\/p>\n<\/div>\n<p>Zdroj:&nbsp;<a href=\"https:\/\/blog.idnes.cz\/jakl\/strasidelny-blog.Bg25010451\">https:\/\/blog.idnes.cz\/jakl\/strasidelny-blog.Bg25010451<\/a><\/p>\n","protected":false},"excerpt":{"rendered":"<p>D\u011bsupln\u00e1 noc. Temn\u00fd hlubok\u00fd hvozd. V\u00edtr sku\u010d\u00ed mezi such\u00fdmi stromy, c\u00e1ry mra\u010den zpola zakr\u00fdvaj\u00ed bled\u00fd \u00fapln\u011bk. Skalinami se nese sk\u0159\u00edpot, prask\u00e1n\u00ed a dal\u0161\u00ed d\u011bsiv\u00e9 zvuky.<\/p>\n","protected":false},"author":9,"featured_media":0,"comment_status":"open","ping_status":"open","sticky":false,"template":"","format":"standard","meta":{"ngg_post_thumbnail":0,"footnotes":""},"categories":[1,10],"tags":[],"class_list":["post-14559","post","type-post","status-publish","format-standard","hentry","category-publikovane-clanky","category-zlehka"],"_links":{"self":[{"href":"https:\/\/www.ladislavjakl.cz\/index.php?rest_route=\/wp\/v2\/posts\/14559","targetHints":{"allow":["GET"]}}],"collection":[{"href":"https:\/\/www.ladislavjakl.cz\/index.php?rest_route=\/wp\/v2\/posts"}],"about":[{"href":"https:\/\/www.ladislavjakl.cz\/index.php?rest_route=\/wp\/v2\/types\/post"}],"author":[{"embeddable":true,"href":"https:\/\/www.ladislavjakl.cz\/index.php?rest_route=\/wp\/v2\/users\/9"}],"replies":[{"embeddable":true,"href":"https:\/\/www.ladislavjakl.cz\/index.php?rest_route=%2Fwp%2Fv2%2Fcomments&post=14559"}],"version-history":[{"count":1,"href":"https:\/\/www.ladislavjakl.cz\/index.php?rest_route=\/wp\/v2\/posts\/14559\/revisions"}],"predecessor-version":[{"id":14560,"href":"https:\/\/www.ladislavjakl.cz\/index.php?rest_route=\/wp\/v2\/posts\/14559\/revisions\/14560"}],"wp:attachment":[{"href":"https:\/\/www.ladislavjakl.cz\/index.php?rest_route=%2Fwp%2Fv2%2Fmedia&parent=14559"}],"wp:term":[{"taxonomy":"category","embeddable":true,"href":"https:\/\/www.ladislavjakl.cz\/index.php?rest_route=%2Fwp%2Fv2%2Fcategories&post=14559"},{"taxonomy":"post_tag","embeddable":true,"href":"https:\/\/www.ladislavjakl.cz\/index.php?rest_route=%2Fwp%2Fv2%2Ftags&post=14559"}],"curies":[{"name":"wp","href":"https:\/\/api.w.org\/{rel}","templated":true}]}}