{"id":14566,"date":"2025-01-20T13:23:43","date_gmt":"2025-01-20T12:23:43","guid":{"rendered":"https:\/\/www.ladislavjakl.cz\/?p=14566"},"modified":"2025-01-20T13:23:43","modified_gmt":"2025-01-20T12:23:43","slug":"tak-jsme-s-tim-diplomem-zase-tady","status":"publish","type":"post","link":"https:\/\/www.ladislavjakl.cz\/?p=14566","title":{"rendered":"Tak jsme s t\u00edm diplomem zase tady!"},"content":{"rendered":"<p><strong>Foto po otev\u0159en\u00ed zdroje<\/strong><\/p>\n<p>Cht\u011blo se n\u00e1m \u0159\u00edct p\u0159i vstupu do Kbelsk\u00e9ho pivovaru, v\u00edt\u011bze sout\u011b\u017ee Kr\u00e1l Prahy, kter\u00fd po\u0159\u00e1d\u00e1 PPE ji\u017e osm\u00fd rok. P\u0159iv\u00edtali n\u00e1s tam sl\u00e1dek Vlasta Houdek a jeden z akcion\u00e1\u0159\u016f pan Petr Voborsk\u00fd. A pro\u010d? No proto, \u017ee Kbelsk\u00fd pivovar jako prvn\u00ed v historii dok\u00e1zal obh\u00e1jit sv\u00e9 v\u00edt\u011bzstv\u00ed z lo\u0148sk\u00e9ho roku. A to tentokr\u00e1t z 38 vzork\u016f \u010desk\u00e9ho sv\u011btl\u00e9ho le\u017e\u00e1ku z ostatn\u00edch pra\u017esk\u00fdch minipivovar\u016f.<\/p>\n<p><!--more--><\/p>\n<p>To je v\u011bc naprosto ojedin\u011bl\u00e1 a vskutku, i pro kbelsk\u00e9, neo\u010dek\u00e1van\u00e1, neb sl\u00e1dek n\u00e1m mimo jin\u00e9 prozradil, \u017ee tentokr\u00e1t tvo\u0159il pivo z jin\u00fdch kvasnic ne\u017e vloni, kdy taky vyhr\u00e1li. Co n\u00e1s pot\u011b\u0161ilo, \u017ee se ve sv\u00e9m n\u00e1pojov\u00e9m l\u00edstku titulem Kr\u00e1l Prahy r. 2023 chlub\u00ed a jsou na n\u011bj pr\u00e1vem py\u0161ni.<\/p>\n<p>No posed\u011bli jsme, popili, pojedli, pokl\u00e1bosili a pop\u0159\u00e1li Dej B\u016fh \u0161t\u011bst\u00ed i do dal\u0161\u00edho roku a odjeli. Bylo to moc hezk\u00e9 setk\u00e1n\u00ed se sl\u00e1dkem, kter\u00fd je zap\u00e1len\u00fdm pivovarn\u00edkem a sv\u00e9mu \u0159emeslu sakra rozum\u00ed!<\/p>\n<p>Zapsal such\u00fdm lednem posti\u017een\u00fd Jirka Bej\u010dek Stehl\u00ed\u010dek.<\/p>\n<p>P.S. V\u0159ele doporu\u010duji ku p\u0159e\u010dten\u00ed \u010dl\u00e1nek z pera na\u0161eho presidenta o pr\u016fb\u011bhu degustace KP:<\/p>\n<p>Foto po otev\u0159en\u00ed<a href=\"https:\/\/prvnipivniextraliga.cz\/tak-jsme-s-tim-diplomem-zase-tady\/\"> zdroje<\/a><\/p>\n","protected":false},"excerpt":{"rendered":"<p>Foto po otev\u0159en\u00ed zdroje Cht\u011blo se n\u00e1m \u0159\u00edct p\u0159i vstupu do Kbelsk\u00e9ho pivovaru, v\u00edt\u011bze sout\u011b\u017ee Kr\u00e1l Prahy, kter\u00fd po\u0159\u00e1d\u00e1 PPE ji\u017e osm\u00fd rok. P\u0159iv\u00edtali n\u00e1s tam sl\u00e1dek Vlasta Houdek a jeden z akcion\u00e1\u0159\u016f pan Petr Voborsk\u00fd. A pro\u010d? No proto, \u017ee Kbelsk\u00fd pivovar jako prvn\u00ed v historii dok\u00e1zal obh\u00e1jit sv\u00e9 v\u00edt\u011bzstv\u00ed z lo\u0148sk\u00e9ho roku. A [&hellip;]<\/p>\n","protected":false},"author":9,"featured_media":0,"comment_status":"open","ping_status":"open","sticky":false,"template":"","format":"standard","meta":{"ngg_post_thumbnail":0,"footnotes":""},"categories":[1],"tags":[],"class_list":["post-14566","post","type-post","status-publish","format-standard","hentry","category-publikovane-clanky"],"_links":{"self":[{"href":"https:\/\/www.ladislavjakl.cz\/index.php?rest_route=\/wp\/v2\/posts\/14566","targetHints":{"allow":["GET"]}}],"collection":[{"href":"https:\/\/www.ladislavjakl.cz\/index.php?rest_route=\/wp\/v2\/posts"}],"about":[{"href":"https:\/\/www.ladislavjakl.cz\/index.php?rest_route=\/wp\/v2\/types\/post"}],"author":[{"embeddable":true,"href":"https:\/\/www.ladislavjakl.cz\/index.php?rest_route=\/wp\/v2\/users\/9"}],"replies":[{"embeddable":true,"href":"https:\/\/www.ladislavjakl.cz\/index.php?rest_route=%2Fwp%2Fv2%2Fcomments&post=14566"}],"version-history":[{"count":1,"href":"https:\/\/www.ladislavjakl.cz\/index.php?rest_route=\/wp\/v2\/posts\/14566\/revisions"}],"predecessor-version":[{"id":14567,"href":"https:\/\/www.ladislavjakl.cz\/index.php?rest_route=\/wp\/v2\/posts\/14566\/revisions\/14567"}],"wp:attachment":[{"href":"https:\/\/www.ladislavjakl.cz\/index.php?rest_route=%2Fwp%2Fv2%2Fmedia&parent=14566"}],"wp:term":[{"taxonomy":"category","embeddable":true,"href":"https:\/\/www.ladislavjakl.cz\/index.php?rest_route=%2Fwp%2Fv2%2Fcategories&post=14566"},{"taxonomy":"post_tag","embeddable":true,"href":"https:\/\/www.ladislavjakl.cz\/index.php?rest_route=%2Fwp%2Fv2%2Ftags&post=14566"}],"curies":[{"name":"wp","href":"https:\/\/api.w.org\/{rel}","templated":true}]}}