{"id":14582,"date":"2025-01-29T15:42:55","date_gmt":"2025-01-29T14:42:55","guid":{"rendered":"https:\/\/www.ladislavjakl.cz\/?p=14582"},"modified":"2025-01-29T15:42:55","modified_gmt":"2025-01-29T14:42:55","slug":"fico-veri-ve-slovensky-narod-babis-v-uzitecnost-svych-kroku-jakl-uvedl-rozdil-mezi-politiky","status":"publish","type":"post","link":"https:\/\/www.ladislavjakl.cz\/?p=14582","title":{"rendered":"Fico v\u011b\u0159\u00ed ve slovensk\u00fd n\u00e1rod, Babi\u0161 v u\u017eite\u010dnost sv\u00fdch krok\u016f. Jakl uvedl rozd\u00edl mezi politiky"},"content":{"rendered":"<div class=\"article__lead\">Slovensk\u00fd premi\u00e9r Robert Fico spojil \u00fatoky \u010desk\u00e9ho mainstreamu proti sv\u00e9 osob\u011b se snahou nep\u0159\u00edmo po\u0161pinit Andreje Babi\u0161e. Vytv\u00e1\u0159ej\u00ed podle n\u011bj p\u0159edstavu, \u017ee bude Babi\u0161 stejn\u00fd jako Fico. Je tomu tak? Pro ne\u010cT24 to posoudil Ladislav Jakl, \u0159editel Centra spole\u010densk\u00fdch studi\u00ed Institutu V\u00e1clava Klause.<\/div>\n<div>&nbsp;<\/div>\n<p><!--more--><\/p>\n<p><b>Pro\u010d je premi\u00e9r Robert Fico ost\u0159e kritizov\u00e1n \u010desk\u00fdm mainstreamem a sou\u010dasnou vl\u00e1dou?<\/b><\/p>\n<p>Proto\u017ee prov\u00e1d\u00ed suver\u00e9nn\u00ed nez\u00e1vislou politiku. Slovensko je u n\u011bj na prvn\u00edm m\u00edst\u011b. \u010cesk\u00fd spole\u010densk\u00fd a politick\u00fd mainstream je jen ochotnou prodlou\u017eenou rukou siln\u00fdch mezin\u00e1rodn\u00edch vlivov\u00fdch skupin. T\u011bch, kter\u00e9 nyn\u00ed v USA prohr\u00e1ly, ale v Evropsk\u00e9 unii budou je\u0161t\u011b p\u0159itvrzovat. Fico jim p\u0159ek\u00e1\u017e\u00ed.<\/p>\n<p><b>Podle Fica maj\u00ed \u00fatoky na jeho osobu v \u010cesk\u00e9 republice p\u0159edev\u0161\u00edm slou\u017eit k po\u0161pin\u011bn\u00ed Andreje Babi\u0161e. \u201eV \u010cesk\u00e9 republice vytv\u00e1\u0159\u00edte obraz, \u017ee \u201apozor, Andrej Babi\u0161 bude stejn\u00fd jako Robert Fico\u2018.\u201c M\u00e1 v tom podle V\u00e1s premi\u00e9r Fico (aspo\u0148 \u010d\u00e1ste\u010dn\u011b) pravdu?<\/b><\/p>\n<p>\u010c\u00e1ste\u010dn\u011b to mo\u017en\u00e1 pravda je, ale je to vysv\u011btlen\u00ed trochu krkolomn\u00e9. \u017de by \u010desk\u00fd establishment pot\u0159eboval \u00fato\u010dit na Babi\u0161e skrze Fica, kdy\u017e na n\u011bj m\u016f\u017ee \u00fato\u010dit p\u0159\u00edmo? Fico vad\u00ed an sich, pro svou politiku, pro sv\u00e9 politicky nekorektn\u00ed projevy, pro svou neposlu\u0161nost. A jestli bude Babi\u0161 stejn\u00fd jako Fico? No, to nev\u00edm. Babi\u0161 je v\u00edc pragmatik, Fico je trochu romantik. Fico v\u011b\u0159\u00ed ve slovensk\u00fd n\u00e1rod, Babi\u0161 v u\u017eite\u010dnost sv\u00fdch krok\u016f. Ka\u017ed\u00fd m\u00e1 n\u00e1rok na sv\u016fj v\u00fdvoj, ale Babi\u0161 je po\u0159\u00e1d je\u0161t\u011b sou\u010d\u00e1st\u00ed evropsk\u00fdch vlivov\u00fdch skupin, je v mnoh\u00e9m bl\u00ed\u017ee k Fialovi ne\u017e k Ficovi. Ale posunuje se sm\u011brem k tomu druh\u00e9mu, to ano.<\/p>\n<p><b>Co spojuje Babi\u0161e s Ficem a \u010d\u00edm se naopak li\u0161\u00ed?<\/b><\/p>\n<p>Oba miluj\u00ed podporu ve\u0159ejnosti. A oba pro ni jsou ochotni riskovat nep\u0159\u00edze\u0148 mocn\u00fdch. Fico zajistil rusk\u00fd plyn z \u00c1zerb\u00e1jd\u017e\u00e1nu, \u010d\u00edm\u017e prok\u00e1zal, \u017ee pozlobit Brusel se n\u011bkdy vyplat\u00ed. Paradoxem je, \u017ee se to vyplat\u00ed cel\u00e9 EU, v n\u00ed\u017e po zpr\u00e1v\u011b, \u017ee Zelenskyj couvl a plyn sem p\u0159eci jen pust\u00ed, za\u010dala cena plynu klesat zp\u011bt. Babi\u0161 je nyn\u00ed ur\u010dit\u011b radik\u00e1ln\u011bj\u0161\u00ed, ne\u017e byl v dob\u00e1ch sv\u00e9ho premi\u00e9rov\u00e1n\u00ed. Ale ona je i doba jin\u00e1, vyost\u0159en\u00e1. U\u017e je dost t\u011b\u017ek\u00e9 pop\u00edrat, \u017ee unijn\u00ed politika boje s podneb\u00edm, s p\u0159irozenost\u00ed \u010dlov\u011bka a s evropsk\u00fdmi kulturn\u00edmi tradicemi vede jen k chudob\u011b a ztr\u00e1t\u011b bezpe\u010d\u00ed. A lid\u00e9 jako Babi\u0161 to vid\u00ed. A slibuj\u00ed si, \u017ee odpor proti EU elit\u00e1m (jakkoli pon\u011bkud opo\u017ed\u011bn\u00fd) m\u016f\u017ee v tomto smyslu p\u0159in\u00e9st ovoce v podob\u011b p\u0159\u00edzn\u011b ve\u0159ejnosti. Sou\u010dasn\u00fdm vl\u00e1dn\u00edm elit\u00e1m je to jedno, ti u\u017e o tuto podporu neusiluj\u00ed. Ne\u010dekaj\u00ed p\u0159\u00edze\u0148 od vlastn\u00edch ob\u010dan\u016f a voli\u010d\u016f ale zast\u00e1n\u00ed od mocn\u00fdch v zahrani\u010d\u00ed.<b><\/p>\n<p>Fico prohl\u00e1sil, \u017ee se \u010de\u0161t\u00ed politici pravideln\u011b vm\u011b\u0161uj\u00ed do vnit\u0159n\u00edch z\u00e1le\u017eitost\u00ed Slovenska. Mohou nen\u00e1vistn\u00e9 projevy vyvolat u \u010cech\u016f opa\u010dn\u00fd efekt a z\u00edskat Ficovi dal\u0161\u00ed p\u0159\u00edznivce?<\/b><\/p>\n<p>Mysl\u00edm, \u017ee \u010desk\u00e9 divadeln\u00ed celebrity z\u016fstaly v podpo\u0159e bruselsk\u00e9 byrokracie nap\u016fl cesty. Spr\u00e1vn\u00fd \u010desk\u00fd komik by si m\u011bl v Bratislav\u011b stoupnout na bednu od ban\u00e1n\u016f a zvolat na kolemjdouc\u00ed: \u201eChcete levn\u011bj\u0161\u00ed energie? Tak to jste primitivov\u00e9! Chcete ochranu p\u0159ed masovou imigrac\u00ed? Tak to jste blbci! Chcete chr\u00e1nit rodinu? Tak to nev\u00edte nic o pokroku! Jste zaostal\u00ed tupci! Nev\u00edte, co je pro v\u00e1s dobr\u00e9! Krachuj\u00ed u v\u00e1s firmy? To je dob\u0159e, to je cesta k pokroku! Nechcete, aby st\u00e1t pos\u00edlal va\u0161e pen\u00edze n\u011bjak\u00fdm oligarch\u016fm? Tak to nev\u00edte nic o sv\u011bt\u011b! Blb\u011b jste volili, m\u00e1te posledn\u00ed \u0161anci to napravit, jinak m\u00e1te utrum a u\u017e se \u017e\u00e1dn\u00e9 duchapln\u00e9 z\u00e1bavy ode mne nikdy nedo\u010dk\u00e1te!\u201c To by bylo aspo\u0148 up\u0159\u00edmn\u00e9.<br \/>\n<b><br \/>\nD\u011bkujeme za rozhovor!<\/b><\/p>\n<p><a href=\"https:\/\/42tcen.com\/entry\/fico-veri-ve-slovensky-narod-babis-v-uzitecnost-svych-kroku-jakl-uvedl-rozdil-mezi-politiky\">Zdroj<\/a><\/p>\n","protected":false},"excerpt":{"rendered":"<p>Slovensk\u00fd premi\u00e9r Robert Fico spojil \u00fatoky \u010desk\u00e9ho mainstreamu proti sv\u00e9 osob\u011b se snahou nep\u0159\u00edmo po\u0161pinit Andreje Babi\u0161e. Vytv\u00e1\u0159ej\u00ed podle n\u011bj p\u0159edstavu, \u017ee bude Babi\u0161 stejn\u00fd jako Fico. Je tomu tak? Pro ne\u010cT24 to posoudil Ladislav Jakl, \u0159editel Centra spole\u010densk\u00fdch studi\u00ed Institutu V\u00e1clava Klause. &nbsp;<\/p>\n","protected":false},"author":9,"featured_media":0,"comment_status":"open","ping_status":"open","sticky":false,"template":"","format":"standard","meta":{"ngg_post_thumbnail":0,"footnotes":""},"categories":[13],"tags":[],"class_list":["post-14582","post","type-post","status-publish","format-standard","hentry","category-rozhovory"],"_links":{"self":[{"href":"https:\/\/www.ladislavjakl.cz\/index.php?rest_route=\/wp\/v2\/posts\/14582","targetHints":{"allow":["GET"]}}],"collection":[{"href":"https:\/\/www.ladislavjakl.cz\/index.php?rest_route=\/wp\/v2\/posts"}],"about":[{"href":"https:\/\/www.ladislavjakl.cz\/index.php?rest_route=\/wp\/v2\/types\/post"}],"author":[{"embeddable":true,"href":"https:\/\/www.ladislavjakl.cz\/index.php?rest_route=\/wp\/v2\/users\/9"}],"replies":[{"embeddable":true,"href":"https:\/\/www.ladislavjakl.cz\/index.php?rest_route=%2Fwp%2Fv2%2Fcomments&post=14582"}],"version-history":[{"count":1,"href":"https:\/\/www.ladislavjakl.cz\/index.php?rest_route=\/wp\/v2\/posts\/14582\/revisions"}],"predecessor-version":[{"id":14583,"href":"https:\/\/www.ladislavjakl.cz\/index.php?rest_route=\/wp\/v2\/posts\/14582\/revisions\/14583"}],"wp:attachment":[{"href":"https:\/\/www.ladislavjakl.cz\/index.php?rest_route=%2Fwp%2Fv2%2Fmedia&parent=14582"}],"wp:term":[{"taxonomy":"category","embeddable":true,"href":"https:\/\/www.ladislavjakl.cz\/index.php?rest_route=%2Fwp%2Fv2%2Fcategories&post=14582"},{"taxonomy":"post_tag","embeddable":true,"href":"https:\/\/www.ladislavjakl.cz\/index.php?rest_route=%2Fwp%2Fv2%2Ftags&post=14582"}],"curies":[{"name":"wp","href":"https:\/\/api.w.org\/{rel}","templated":true}]}}