{"id":14584,"date":"2025-01-30T21:21:45","date_gmt":"2025-01-30T20:21:45","guid":{"rendered":"https:\/\/www.ladislavjakl.cz\/?p=14584"},"modified":"2025-01-30T21:21:45","modified_gmt":"2025-01-30T20:21:45","slug":"nebloudime-mame-kompas","status":"publish","type":"post","link":"https:\/\/www.ladislavjakl.cz\/?p=14584","title":{"rendered":"Nebloud\u00edme, m\u00e1me Kompas!"},"content":{"rendered":"<p>Evropsk\u00e1 komise vyhl\u00e1sila Kompas pro konkurenceschopnost. Kone\u010dn\u011b pr\u00fd p\u0159estaneme zaost\u00e1vat za USA a \u010c\u00ednou a nam\u00ed\u0159\u00edme si to\u2026 podle st\u0159elky na sever? To by logiku d\u00e1valo, kdy\u017e na z\u00e1pad\u011b p\u0159ece \u010d\u00edh\u00e1 Trump, na v\u00fdchod\u011b Si a na jihu se otepluje.<\/p>\n<p><!--more--><\/p>\n<p>Ne, oni nikdy ne\u0159eknou, \u017ee p\u0159\u00ed\u010dinou zaost\u00e1v\u00e1n\u00ed jsou oni sami. Oni n\u00e1s nikdy nenechaj\u00ed prost\u011b svobodn\u011b \u017e\u00edt, obchodovat, produkovat, vym\u00fd\u0161let. Nikdy je nenapadne, \u017ee probl\u00e9m je v&nbsp;jejich regulac\u00edch, v&nbsp;kontrole cen, v&nbsp;kv\u00f3t\u00e1ch a limitech, v&nbsp;m\u00ed\u0159e p\u0159erozd\u011blov\u00e1n\u00ed, v&nbsp;dotac\u00edch a chybn\u011b alokovan\u00fdch zdroj\u00edch. Jeden jejich projekt sel\u017ee, tak ho p\u0159ejmenuj\u00ed &#8211; a u\u017e tu s&nbsp;n\u00edm jsou zase.&nbsp;<\/p>\n<p>Soci\u00e1ln\u00ed in\u017een\u00fd\u0159i nikdy nevymysl\u00ed nic jin\u00e9ho ne\u017e velkolep\u00e9 bombastick\u00e9 projekty, jejich\u017e podstatou je vz\u00edt lidem pen\u00edze, kter\u00e9 by sami utratili na kdov\u00edco, a nal\u00edt je do nesmysln\u00fdch propagandistick\u00fdch akc\u00ed. A spol\u00e9haj\u00ed p\u0159i tom na na\u0161i \u0161patnou pam\u011b\u0165.<\/p>\n<p>Zn\u00e1me takov\u00fdch z&nbsp;d\u011bjin mnoho, a v\u0161echny dopadly \u0161patn\u011b. Bu\u010f \u00fapln\u00fdm krachem, v\u011bt\u0161inou v\u0161ak nen\u00e1padn\u00fdm vy\u0161um\u011bn\u00edm doztracena. Co\u017e pokrokov\u00fdm konstrukt\u00e9r\u016fm ide\u00e1ln\u00ed budoucnosti nikdy zas moc nevadilo. Halasn\u011b vytrubovan\u00e9 iniciativy spln\u00ed z&nbsp;jejich pohledu \u00fa\u010del u\u017e t\u00edm, \u017ee jsou vytroubeny. Dokl\u00e1daj\u00ed rozhodnost a akceschopnost spr\u00e1vc\u016f na\u0161ich \u017eivot\u016f. A nikdo p\u0159ece nebude za dvacet let pom\u011b\u0159ovat vytrubovan\u00e9 c\u00edle s&nbsp;dosa\u017eenou realitou. &nbsp;<\/p>\n<p>Podle EK nov\u011b p\u0159ijat\u00e9 opat\u0159en\u00ed \u201enastavuje cestu, aby se Evropa stala m\u00edstem, kde se vynal\u00e9zaj\u00ed, vyr\u00e1b\u011bj\u00ed a uv\u00e1d\u011bj\u00ed na trh budouc\u00ed technologie, slu\u017eby a \u010dist\u00e9 produkty, a z\u00e1rove\u0148 je prvn\u00edm kontinentem, kter\u00fd se stal klimaticky neutr\u00e1ln\u00edm.\u201c A co se tu d\u011blo do t\u00e9to doby? To jsme necht\u011bli vynal\u00e9zat, vyr\u00e1b\u011bt, uv\u00e1d\u011bt na trh budouc\u00ed technologie, slu\u017eby a \u010dist\u00e9 produkty? To n\u00e1m to mus\u00ed poradit eurokomisa\u0159i? Co si o tom m\u00e1me myslet? A v\u016fbec, to jim nevad\u00ed, \u017ee kompas vynalezli v&nbsp;\u010c\u00edn\u011b? Ha! Nen\u00ed on cel\u00fd tenhle projekt skrytou \u010d\u00ednskou diverz\u00ed, jak Evropskou unii definitivn\u011b vy\u0159adit z&nbsp;konkuren\u010dn\u00edho boje?<\/p>\n<p>Od lid\u00ed, kte\u0159\u00ed v\u011bd\u00ed, jak m\u00e1me spr\u00e1vn\u011b \u017e\u00edt, abychom se m\u011bli dob\u0159e, nejde \u010dekat nic jin\u00e9ho ne\u017e legra\u010dn\u00ed fr\u00e1ze. Posly\u0161te, jak to kr\u00e1sn\u011b zn\u00ed: \u201eKomise p\u0159edlo\u017e\u00ed iniciativu k vybudov\u00e1n\u00ed&nbsp;Unie dovednost\u00ed,&nbsp;kter\u00e1 se zam\u011b\u0159\u00ed na investice, celo\u017eivotn\u00ed vzd\u011bl\u00e1v\u00e1n\u00ed, vytv\u00e1\u0159en\u00ed dovednost\u00ed pro budoucnost, udr\u017een\u00ed dovednost\u00ed, spravedlivou mobilitu\u2026\u201c Nev\u00edm, co je to spravedliv\u00e1 mobilita a rad\u011bji to ani nechci v\u011bd\u011bt. S&nbsp;udr\u017een\u00edm n\u011bkter\u00fdch dovednost\u00ed m\u00e1m ve sv\u00e9m v\u011bku probl\u00e9m, ale moc nev\u011b\u0159\u00edm, \u017ee mi v&nbsp;tom Komise pom\u016f\u017ee. Ale jen zlomysln\u00fd \u010dlov\u011bk m\u016f\u017ee nam\u00edtat n\u011bco proti tomu, abychom budovali Unii dovednost\u00ed. Ale co jsme budovali do nyn\u011bj\u0161ka? Unii nedovednost\u00ed? A kdo za to m\u016f\u017ee?<\/p>\n<p>Je tomu p\u011btadvacet let, co EU p\u0159ijala tzv. Lisabonskou strategii. Jej\u00edm deklarovan\u00fdm c\u00edlem bylo vytvo\u0159it z&nbsp;Evropsk\u00e9 unie do roku 2010 \u201enejdynami\u010dt\u011bj\u0161\u00ed a nejkonkurenceschopn\u011bj\u0161\u00ed ekonomiku sv\u011bta zalo\u017eenou na znalostech, schopnou udr\u017eiteln\u00e9ho hospod\u00e1\u0159sk\u00e9ho r\u016fstu, vytv\u00e1\u0159en\u00ed v\u00edce kvalitn\u00edch pracovn\u00edch p\u0159\u00edle\u017eitost\u00ed a zachov\u00e1vaj\u00edc\u00ed soci\u00e1ln\u00ed soudr\u017enost\u201c.<\/p>\n<p>Tak\u017ee m\u00e1me u\u017e 15 let spln\u011bno, ne? Jsme p\u0159ece u\u017e 15 let \u201enejdynami\u010dt\u011bj\u0161\u00ed a nejkonkurenceschopn\u011bj\u0161\u00ed ekonomiku sv\u011bta\u201c, tak co najednou Evropsk\u00e1 komise pov\u00edd\u00e1 o n\u011bjak\u00e9m na\u0161em zaost\u00e1v\u00e1n\u00ed? No, ono spln\u011bno tak \u00fapln\u011b nen\u00ed. M\u00edsto deklarovan\u00e9ho \u201edohnat a p\u0159edehnat\u201c se EU stala technologick\u00fdm skanzenem. Ostatn\u011b u\u017e po \u010dty\u0159ech letech od vytrouben\u00ed Lisabonsk\u00e9 strategie, tedy p\u0159ed 21 lety, zjistila EK, \u017ee to s&nbsp;t\u00edm doh\u00e1n\u011bn\u00edm a p\u0159edh\u00e1n\u011bn\u00edm n\u011bjak v\u00e1zne, a tak Lisabonskou strategii revidovala s&nbsp;t\u00edm, \u017ee \u201esoci\u00e1ln\u00ed aspekt a aspekt \u017eivotn\u00edho prost\u0159ed\u00ed nebudou nad\u00e1le prioritou a t\u011b\u017ei\u0161t\u011b Lisabonsk\u00e9 strategie se p\u0159esouv\u00e1 do ekonomick\u00e9ho rozvoje Evropsk\u00e9 unie.\u201c<\/p>\n<p>Jen\u017ee ani to nepomohlo. A tak po 21 letech p\u0159ich\u00e1z\u00ed Kompas s&nbsp;dal\u0161\u00ed reviz\u00ed p\u016fvodn\u00edch c\u00edl\u016f. Budeme pr\u00fd kone\u010dn\u011b te\u010f u\u017e opravdu siln\u011bj\u0161\u00ed, rychlej\u0161\u00ed, v\u00fdkonn\u011bj\u0161\u00ed, efektivn\u011bj\u0161\u00ed, bohat\u0161\u00ed, znalostn\u011bj\u0161\u00ed, ale nav\u00edc i \u201eklimaticky neutr\u00e1ln\u00ed\u201c.<\/p>\n<p>Vypad\u00e1 to jako blouzn\u011bn\u00ed, ale t\u0159eba jsme nespravedliv\u00ed. Mo\u017en\u00e1 u\u017e za n\u011bjak\u00fdch dal\u0161\u00edch 25 let vyd\u00e1 Evropsk\u00e1 komise novou revizi sv\u00fdch c\u00edl\u016f s&nbsp;t\u00edm, \u017ee tentokr\u00e1t u\u017e zaost\u00e1v\u00e1n\u00ed za Som\u00e1lskem a Madagaskarem opravdu zastav\u00edme.<\/p>\n<p>On kompas je v\u00fdborn\u00e1 pom\u016fcka. K\u00e9\u017e by tyhle projektanty sv\u011btl\u00fdch z\u00edt\u0159k\u016f n\u011bjak\u00fd kompas kone\u010dn\u011b navedl tam, kde slunce nesv\u00edt\u00ed.<\/p>\n<p><em>Ladislav Jakl, 30. 1. 2025<\/em><\/p>\n<p><a href=\"https:\/\/www.institutvk.cz\/clanky\/3039.html\">Zdroj<\/a><\/p>\n","protected":false},"excerpt":{"rendered":"<p>Evropsk\u00e1 komise vyhl\u00e1sila Kompas pro konkurenceschopnost. Kone\u010dn\u011b pr\u00fd p\u0159estaneme zaost\u00e1vat za USA a \u010c\u00ednou a nam\u00ed\u0159\u00edme si to\u2026 podle st\u0159elky na sever? To by logiku d\u00e1valo, kdy\u017e na z\u00e1pad\u011b p\u0159ece \u010d\u00edh\u00e1 Trump, na v\u00fdchod\u011b Si a na jihu se otepluje.<\/p>\n","protected":false},"author":9,"featured_media":0,"comment_status":"open","ping_status":"open","sticky":false,"template":"","format":"standard","meta":{"ngg_post_thumbnail":0,"footnotes":""},"categories":[1],"tags":[],"class_list":["post-14584","post","type-post","status-publish","format-standard","hentry","category-publikovane-clanky"],"_links":{"self":[{"href":"https:\/\/www.ladislavjakl.cz\/index.php?rest_route=\/wp\/v2\/posts\/14584","targetHints":{"allow":["GET"]}}],"collection":[{"href":"https:\/\/www.ladislavjakl.cz\/index.php?rest_route=\/wp\/v2\/posts"}],"about":[{"href":"https:\/\/www.ladislavjakl.cz\/index.php?rest_route=\/wp\/v2\/types\/post"}],"author":[{"embeddable":true,"href":"https:\/\/www.ladislavjakl.cz\/index.php?rest_route=\/wp\/v2\/users\/9"}],"replies":[{"embeddable":true,"href":"https:\/\/www.ladislavjakl.cz\/index.php?rest_route=%2Fwp%2Fv2%2Fcomments&post=14584"}],"version-history":[{"count":1,"href":"https:\/\/www.ladislavjakl.cz\/index.php?rest_route=\/wp\/v2\/posts\/14584\/revisions"}],"predecessor-version":[{"id":14585,"href":"https:\/\/www.ladislavjakl.cz\/index.php?rest_route=\/wp\/v2\/posts\/14584\/revisions\/14585"}],"wp:attachment":[{"href":"https:\/\/www.ladislavjakl.cz\/index.php?rest_route=%2Fwp%2Fv2%2Fmedia&parent=14584"}],"wp:term":[{"taxonomy":"category","embeddable":true,"href":"https:\/\/www.ladislavjakl.cz\/index.php?rest_route=%2Fwp%2Fv2%2Fcategories&post=14584"},{"taxonomy":"post_tag","embeddable":true,"href":"https:\/\/www.ladislavjakl.cz\/index.php?rest_route=%2Fwp%2Fv2%2Ftags&post=14584"}],"curies":[{"name":"wp","href":"https:\/\/api.w.org\/{rel}","templated":true}]}}