{"id":14607,"date":"2025-02-18T14:52:50","date_gmt":"2025-02-18T13:52:50","guid":{"rendered":"https:\/\/www.ladislavjakl.cz\/?p=14607"},"modified":"2025-02-18T14:52:50","modified_gmt":"2025-02-18T13:52:50","slug":"blondak-v-bavorskem-kroji","status":"publish","type":"post","link":"https:\/\/www.ladislavjakl.cz\/?p=14607","title":{"rendered":"Blon\u010f\u00e1k v bavorsk\u00e9m kroji"},"content":{"rendered":"<p>Afgh\u00e1nsk\u00fd \u017eadatel o azyl sp\u00e1chal v&nbsp;Mnichov\u011b teroristick\u00fd \u00fatok. Je to u\u017e b\u016fhv\u00edkolik\u00e1t\u00fd p\u00e1dn\u00fd d\u016fkaz, \u017ee zem\u011b Evropsk\u00e9 unie nejsou schopny zvl\u00e1dnout mohutnou vlnu um\u011ble podn\u011bcovan\u00e9 masov\u00e9 imigrace z&nbsp;exotick\u00fdch zem\u00ed, kter\u00e1 trv\u00e1 nejm\u00e9n\u011b od roku 2015.<\/p>\n<p><!--more--><\/p>\n<p>P\u0159itom v\u016fbec nejde pouze o etnicky a n\u00e1bo\u017eensky motivovan\u00e9 n\u00e1sil\u00ed imigrant\u016f na evropsk\u00fdch domorodc\u00edch. Jsou to sice stra\u0161liv\u00e9 trag\u00e9die, ale p\u0159\u00edmo a na vlastn\u00ed k\u016f\u017ei je poc\u00edt\u00ed jen zlomek Evropan\u016f. Mnoho des\u00edtek milion\u016f jich ale denn\u011b poci\u0165uj\u00ed d\u016fsledky naprosto nezvl\u00e1dnut\u00e9 inkluze imigrant\u016f v&nbsp;\u0161kolstv\u00ed, soci\u00e1ln\u00ed oblasti, kulturn\u00ed a civiliza\u010dn\u00ed sf\u00e9\u0159e i v&nbsp;b\u011b\u017en\u00e9m pouli\u010dn\u00edm \u017eivot\u011b.<\/p>\n<p>M\u00e1me u n\u00e1s hodn\u011b rozv\u00e1\u017en\u00fdch st\u00e1totvorn\u00fdch politik\u016f, kte\u0159\u00ed tvrd\u00ed, \u017ee se nem\u00e1me co pla\u0161it, proto\u017ee k&nbsp;n\u00e1m p\u0159ece imigranti necht\u011bj\u00ed. A \u017ee kdo pla\u0161\u00ed, je nezodpov\u011bdn\u00fd populista, kter\u00fd chce t\u011b\u017eit z&nbsp;um\u011ble vyvolan\u00e9ho strachu. No, ona to nen\u00ed tak docela pravda. Pro st\u00e1le v\u011bt\u0161\u00ed po\u010det Arab\u016f a \u010dernoch\u016f u\u017e c\u00edlovou zem\u00ed jsme, i kdy\u017e dosud zdaleka ne v&nbsp;takov\u00e9 m\u00ed\u0159e jako t\u0159eba sousedn\u00ed N\u011bmecko. P\u0159edev\u0161\u00edm ale varov\u00e1n\u00ed p\u0159ed hroz\u00edc\u00edm zmnohon\u00e1soben\u00edm p\u0159\u00edlivu exotick\u00fdch imigrant\u016f k n\u00e1m&nbsp;m\u00e1 sv\u016fj re\u00e1ln\u00fd z\u00e1klad a nen\u00ed \u017e\u00e1dn\u00fdm plan\u00fdm stra\u0161en\u00edm.<\/p>\n<p>M\u00e1me tu Migra\u010dn\u00ed pakt, jeho\u017e dopady se v&nbsp;bl\u00edzk\u00e9 budoucnosti za\u010dnou projevovat kdy\u017e ne povinn\u00fdm p\u0159erozd\u011blov\u00e1n\u00edm imigrant\u016f, tak p\u0159inejmen\u0161\u00edm citeln\u00fdm v\u00fdpaln\u00fdm do bruselsk\u00e9 kasy. A na stole le\u017e\u00ed n\u011bkolik verz\u00ed n\u00e1vrh\u016f na sjednocen\u00ed soci\u00e1ln\u00edch d\u00e1vek pro azylanty i \u017eadatele o azyl. Zat\u00edm c\u00edlovou zem\u00ed prvn\u00ed kategorie nejsme, ale a\u017e p\u0159\u00edchoz\u00ed lovci d\u00e1vek zjist\u00ed, jak dob\u0159e a levn\u011b se u n\u00e1s \u017eije, kdy\u017e m\u00e1te v&nbsp;kapse stejn\u00fd bal\u00edk jako kolega v&nbsp;N\u011bmecku, budeme pro n\u011b stokr\u00e1t zaj\u00edmav\u011bj\u0161\u00ed.<\/p>\n<p>Jak Migra\u010dn\u00ed pakt a formy jeho realizace, tak i debata o sjednocov\u00e1n\u00ed soci\u00e1ln\u00edch d\u00e1vek, to jsou p\u0159ece nav\u00fdsost politick\u00e1 t\u00e9mata prvn\u00edho \u0159\u00e1du. To nejsou fiktivn\u00ed slovn\u00ed pr\u016fvany. To jsou t\u00e9mata, na kter\u00fdch se profiluj\u00ed politick\u00e9 subjekty, a to zcela pr\u00e1vem a zcela pochopiteln\u011b. M\u00e1me tu \u201eslun\u00ed\u010dk\u00e1\u0159e\u201c, v\u00edta\u010de, v\u00fdry \u0160afend\u00e1ze, ale tak\u00e9 suverenisty, prosazovatele kontroly hranic, stoupence deportac\u00ed a p\u0159itvrzen\u00ed azylov\u00e9 politiky. Mezi nimi prob\u00edh\u00e1 legitimn\u00ed politick\u00fd boj. Boj o to, jak\u00e1 zvolit opat\u0159en\u00ed na \u00farovni exekutivy i legislativy. N\u00e1rodn\u00ed i unijn\u00ed. &nbsp;<\/p>\n<p>A pokud kolem n\u011bjak\u00e9ho t\u00e9matu prob\u00edh\u00e1 politick\u00fd boj, pochopiteln\u011b se takov\u00e9 t\u00e9ma prom\u00edtne i do p\u0159edvolebn\u00ed kampan\u011b. Voli\u010di cht\u011bj\u00ed v\u011bd\u011bt, jak se k&nbsp;problematice masov\u00e9 imigrace stav\u011bj\u00ed jednotliv\u00e9 kandiduj\u00edc\u00ed subjekty. Jen\u017ee to za\u010d\u00edn\u00e1 vypadat, \u017ee n\u011bkter\u00e9 postoje k&nbsp;imigraci budou nap\u0159\u00ed\u0161t\u011b kriminalizov\u00e1ny, a tedy z&nbsp;politick\u00e9ho diskursu vylou\u010deny.<\/p>\n<p>Mo\u017en\u00e1 n\u011bkdo nam\u00edtne, \u017ee je rozd\u00edl mezi agitac\u00ed proti konkr\u00e9tn\u00edm politick\u00fdm krok\u016fm kolem imigrace a podn\u011bcov\u00e1n\u00edm nevole k&nbsp;ciz\u00edmu etniku. Jen\u017ee to by n\u011bkdo z&nbsp;on\u00e9 nevole musel ud\u011blat p\u0159edvolebn\u00ed t\u00e9ma a nap\u0159\u00edklad navrhovat diskriminaci podle rasy. Pokud chce ale n\u011bkdo symbolizovat rizika plynouc\u00ed z&nbsp;masov\u00e9 imigrace lid\u00ed z&nbsp;mimoevropsk\u00e9ho prost\u0159ed\u00ed, jak m\u00e1 takov\u00e9ho exotick\u00e9ho imigranta srozumiteln\u011b zn\u00e1zornit? Jako blon\u010f\u00e1ka v&nbsp;bavorsk\u00e9m kroji?<\/p>\n<p>Kdy\u017e tak \u010dlov\u011bk o v\u011bci p\u0159em\u00fd\u0161l\u00ed, mus\u00ed ho napadnout, \u017ee probl\u00e9m je asi v&nbsp;onom no\u017ei. M\u00edsto n\u011bj m\u011bl m\u00edt ten \u010dernoch na plak\u00e1tu v&nbsp;ruce volant.<\/p>\n<p><em>Ladislav Jakl, 13. 2. 2025<\/em><\/p>\n<p><a href=\"https:\/\/www.institutvk.cz\/clanky\/3052.html\">Zdroj<\/a><\/p>\n","protected":false},"excerpt":{"rendered":"<p>Afgh\u00e1nsk\u00fd \u017eadatel o azyl sp\u00e1chal v&nbsp;Mnichov\u011b teroristick\u00fd \u00fatok. Je to u\u017e b\u016fhv\u00edkolik\u00e1t\u00fd p\u00e1dn\u00fd d\u016fkaz, \u017ee zem\u011b Evropsk\u00e9 unie nejsou schopny zvl\u00e1dnout mohutnou vlnu um\u011ble podn\u011bcovan\u00e9 masov\u00e9 imigrace z&nbsp;exotick\u00fdch zem\u00ed, kter\u00e1 trv\u00e1 nejm\u00e9n\u011b od roku 2015.<\/p>\n","protected":false},"author":9,"featured_media":0,"comment_status":"open","ping_status":"open","sticky":false,"template":"","format":"standard","meta":{"ngg_post_thumbnail":0,"footnotes":""},"categories":[1],"tags":[],"class_list":["post-14607","post","type-post","status-publish","format-standard","hentry","category-publikovane-clanky"],"_links":{"self":[{"href":"https:\/\/www.ladislavjakl.cz\/index.php?rest_route=\/wp\/v2\/posts\/14607","targetHints":{"allow":["GET"]}}],"collection":[{"href":"https:\/\/www.ladislavjakl.cz\/index.php?rest_route=\/wp\/v2\/posts"}],"about":[{"href":"https:\/\/www.ladislavjakl.cz\/index.php?rest_route=\/wp\/v2\/types\/post"}],"author":[{"embeddable":true,"href":"https:\/\/www.ladislavjakl.cz\/index.php?rest_route=\/wp\/v2\/users\/9"}],"replies":[{"embeddable":true,"href":"https:\/\/www.ladislavjakl.cz\/index.php?rest_route=%2Fwp%2Fv2%2Fcomments&post=14607"}],"version-history":[{"count":1,"href":"https:\/\/www.ladislavjakl.cz\/index.php?rest_route=\/wp\/v2\/posts\/14607\/revisions"}],"predecessor-version":[{"id":14608,"href":"https:\/\/www.ladislavjakl.cz\/index.php?rest_route=\/wp\/v2\/posts\/14607\/revisions\/14608"}],"wp:attachment":[{"href":"https:\/\/www.ladislavjakl.cz\/index.php?rest_route=%2Fwp%2Fv2%2Fmedia&parent=14607"}],"wp:term":[{"taxonomy":"category","embeddable":true,"href":"https:\/\/www.ladislavjakl.cz\/index.php?rest_route=%2Fwp%2Fv2%2Fcategories&post=14607"},{"taxonomy":"post_tag","embeddable":true,"href":"https:\/\/www.ladislavjakl.cz\/index.php?rest_route=%2Fwp%2Fv2%2Ftags&post=14607"}],"curies":[{"name":"wp","href":"https:\/\/api.w.org\/{rel}","templated":true}]}}