{"id":14614,"date":"2025-02-19T16:49:28","date_gmt":"2025-02-19T15:49:28","guid":{"rendered":"https:\/\/www.ladislavjakl.cz\/?p=14614"},"modified":"2025-02-19T16:49:28","modified_gmt":"2025-02-19T15:49:28","slug":"tiskova-zprava-z-2-zasedani-rady-konaneho-dne-11-2-2025","status":"publish","type":"post","link":"https:\/\/www.ladislavjakl.cz\/?p=14614","title":{"rendered":"Tiskov\u00e1 zpr\u00e1va z 2. zased\u00e1n\u00ed Rady, konan\u00e9ho dne 11. 2. 2025"},"content":{"rendered":"<p>Rada pro rozhlasov\u00e9 a televizn\u00ed vys\u00edl\u00e1n\u00ed (d\u00e1le jen &#8222;Rada&#8220;) na sv\u00e9m 2. zased\u00e1n\u00ed projednala 33 bod\u016f<br \/>\nprogramu. Vyhodnotila 19 st\u00ed\u017enost\u00ed div\u00e1k\u016f a poslucha\u010d\u016f, vydala \u010dty\u0159i upozorn\u011bn\u00ed na poru\u0161en\u00ed<br \/>\nz\u00e1kona.<\/p>\n<p><!--more--><br \/>\nRada na sv\u00e9m 2. zased\u00e1n\u00ed ud\u011blila jednu licenci spole\u010dnosti ULTRAVOX s.r.o. k provozov\u00e1n\u00ed<br \/>\nrozhlasov\u00e9ho vys\u00edl\u00e1n\u00ed prost\u0159ednictv\u00edm vys\u00edla\u010d\u016f se soubory technick\u00fdch parametr\u016f Jihlava centrum<br \/>\n91,7 MHz \/ 50 W, a Plze\u0148 \u010cernice 100,5 MHz \/ 50 W pro program Radio COLOR.<br \/>\nPodrobn\u011bj\u0161\u00ed informace naleznete v p\u0159episech usnesen\u00ed Rady:<br \/>\nROZHLASOV\u00c9 VYS\u00cdL\u00c1N\u00cd<br \/>\n&#8211; Rada ud\u011bluje spole\u010dnosti ULTRAVOX s.r.o. se s\u00eddlem Ra\u0161\u00ednovo n\u00e1b\u0159e\u017e\u00ed 409\/34, Nov\u00e9 M\u011bsto,<br \/>\n128 00 Praha 2, podle \u00a7 18 z\u00e1kona \u010d. 231\/2001 Sb. licenci k provozov\u00e1n\u00ed rozhlasov\u00e9ho vys\u00edl\u00e1n\u00ed<br \/>\nprost\u0159ednictv\u00edm vys\u00edla\u010d\u016f se soubory technick\u00fdch parametr\u016f Jihlava centrum 91,7 MHz \/ 50 W,<br \/>\nsou\u0159adnice WGS 84: 15 34 41 \/ 49 23 47; Plze\u0148 \u010cernice 100,5 MHz \/ 50 W, sou\u0159adnice WGS 84:<br \/>\n13 25 43 \/ 49 41 48, pro program Radio COLOR na standardn\u00ed z\u00e1konnou dobu osmi let podle<br \/>\nustanoven\u00ed \u00a7 12 odst. 5 p\u00edsm. a) z\u00e1kona \u010d. 231\/2001 Sb., av\u0161ak s mo\u017en\u00fdm zkr\u00e1cen\u00edm doby jej\u00ed<br \/>\nplatnosti v n\u00e1vaznosti na postup vl\u00e1dy podle ustanoven\u00ed \u010d\u00e1sti prvn\u00ed, \u010dl\u00e1nku II, odst. 9 a 10 z\u00e1kona<br \/>\n\u010d. 196\/2009 Sb., kter\u00fdm se m\u011bn\u00ed z\u00e1kon \u010d. 231\/2001 Sb.<br \/>\n&#8211; Rada v r\u00e1mci sv\u00e9 kompetence dan\u00e9 ustanoven\u00edm \u00a7 5 p\u00edsm. b) a v souladu s \u00a7 21 odst. 1 p\u00edsm. b)<br \/>\na odst. 3 z\u00e1kona \u010d. 231\/2001 Sb. p\u0159ijala ve v\u011bci \u017e\u00e1dosti provozovatele R\u00e1dio Student, s.r.o., I\u010c:<br \/>\n26241790, se s\u00eddlem Gork\u00e9ho 970\/45, Brno &#8211; Veve\u0159\u00ed, PS\u010c 60200, o zm\u011bnu skute\u010dnost\u00ed uveden\u00fdch<br \/>\nv \u017e\u00e1dosti o licenci k provozov\u00e1n\u00ed rozhlasov\u00e9ho vys\u00edl\u00e1n\u00ed programu Free R\u00e1dio (licence \u010d.j.:<br \/>\nRu\/168\/04), a to o zm\u011bn\u011b \u00fazemn\u00edho rozsahu vys\u00edl\u00e1n\u00ed a souboru technick\u00fdch parametr\u016f spo\u010d\u00edvaj\u00edc\u00ed<br \/>\nve zm\u011bn\u011b stanovi\u0161t\u011b a v\u00fdkonu kmito\u010dtu Brno-Kohoutovice 107,0 MHz \/ 0,435 kW, toto rozhodnut\u00ed:<br \/>\nRada ud\u011bluje provozovateli R\u00e1dio Student, s.r.o., I\u010c: 26241790, se s\u00eddlem Gork\u00e9ho 970\/45, Brno<br \/>\n&#8211; Veve\u0159\u00ed, PS\u010c 60200, souhlas se zm\u011bnou skute\u010dnost\u00ed uveden\u00fdch v \u017e\u00e1dosti o licenci k provozov\u00e1n\u00ed<br \/>\nrozhlasov\u00e9ho vys\u00edl\u00e1n\u00ed prost\u0159ednictv\u00edm vys\u00edla\u010d\u016f, program Free R\u00e1dio (licence \u010d.j.: Ru\/168\/04), a to<br \/>\no zm\u011bn\u011b \u00fazemn\u00edho rozsahu vys\u00edl\u00e1n\u00ed a souboru technick\u00fdch parametr\u016f spo\u010d\u00edvaj\u00edc\u00ed ve zm\u011bn\u011b<br \/>\nstanovi\u0161t\u011b a v\u00fdkonu kmito\u010dtu Brno-Kohoutovice 107,0 MHz \/ 0,435 kW na nov\u00e9 stanovi\u0161t\u011b Brno<\/p>\n<p>Kohoutovice 2 107,0 MHz \/ 0,2 kW, sou\u0159adnice WGS 84: 16 39 33 \/ 49 12 24.<br \/>\n&#8211; Rada v r\u00e1mci sv\u00e9 kompetence dan\u00e9 ustanoven\u00edm \u00a7 5 p\u00edsm. b) a v souladu s \u00a7 21 odst. 1 p\u00edsm.<\/p>\n<p>b)a odst. 3 z\u00e1kona \u010d. 231\/2001 Sb. p\u0159ijala ve v\u011bci \u017e\u00e1dosti provozovatele ULTRAVOX s.r.o., I\u010c:<br \/>\n49702785, se s\u00eddlem, Ra\u0161\u00ednovo n\u00e1b\u0159e\u017e\u00ed 409\/34, Nov\u00e9 M\u011bsto, 128 00 Praha 2, o zm\u011bnu skute\u010dnost\u00ed<br \/>\nuveden\u00fdch v \u017e\u00e1dosti o licenci k provozov\u00e1n\u00ed rozhlasov\u00e9ho vys\u00edl\u00e1n\u00ed programu Radio COLOR<br \/>\n(licence sp.zn. RRTV\/2020\/219\/zab), a to o zm\u011bn\u011b \u00fazemn\u00edho rozsahu vys\u00edl\u00e1n\u00ed a souboru<br \/>\ntechnick\u00fdch parametr\u016f spo\u010d\u00edvaj\u00edc\u00ed ve zm\u011bn\u011b stanovi\u0161t\u011b kmito\u010dtu \u010cesk\u00e9 Bud\u011bjovice V 104,8 MHz \/<br \/>\n50 W, toto rozhodnut\u00ed: Rada ud\u011bluje provozovateli ULTRAVOX s.r.o., I\u010c: 49702785, se s\u00eddlem,<br \/>\nRa\u0161\u00ednovo n\u00e1b\u0159e\u017e\u00ed 409\/34, Nov\u00e9 M\u011bsto, 128 00 Praha 2, souhlas se zm\u011bnou skute\u010dnost\u00ed<br \/>\nuveden\u00fdch v \u017e\u00e1dosti o licenci k provozov\u00e1n\u00ed rozhlasov\u00e9ho vys\u00edl\u00e1n\u00ed prost\u0159ednictv\u00edm vys\u00edla\u010d\u016f,<br \/>\nprogram Radio COLOR (licence sp.zn. RRTV\/2020\/219\/zab), a to o zm\u011bn\u011b \u00fazemn\u00edho rozsahu<br \/>\nvys\u00edl\u00e1n\u00ed a souboru technick\u00fdch parametr\u016f spo\u010d\u00edvaj\u00edc\u00ed ve zm\u011bn\u011b stanovi\u0161t\u011b kmito\u010dtu \u010cesk\u00e9<br \/>\nBud\u011bjovice V 104,8 MHz \/ 50 W na nov\u00e9 stanovi\u0161t\u011b \u010cesk\u00e9 Bud\u011bjovice 7 104,8 MHz \/ 50 W,<br \/>\nsou\u0159adnice WGS 84: 14 28 11 \/ 48 57 33.- Rada v r\u00e1mci sv\u00e9 kompetence dan\u00e9 ustanoven\u00edm<\/p>\n<p>\u00a7 5 p\u00edsm. b) a v souladu s \u00a7 21 odst. 1 p\u00edsm. b)<br \/>\na odst. 3 z\u00e1kona \u010d. 231\/2001 Sb. p\u0159ijala ve v\u011bci \u017e\u00e1dosti provozovatele R\u00e1dio P\u00e1lava, s.r.o., I\u010c:<br \/>\n26230780, se s\u00eddlem Brn\u011bnsk\u00e1 3163\/38, Hodon\u00edn, PS\u010c 69501, o zm\u011bnu skute\u010dnost\u00ed uveden\u00fdch v<br \/>\n\u017e\u00e1dosti o licenci k provozov\u00e1n\u00ed rozhlasov\u00e9ho vys\u00edl\u00e1n\u00ed programu R\u00e1dio Jih (licence \u010d.j.: Ru\/347\/00),<br \/>\na to o zm\u011bn\u011b \u00fazemn\u00edho rozsahu vys\u00edl\u00e1n\u00ed a souboru technick\u00fdch parametr\u016f spo\u010d\u00edvaj\u00edc\u00ed ve zm\u011bn\u011b<br \/>\nstanovi\u0161t\u011b a v\u00fdkonu kmito\u010dtu Brno-Kohoutovice 105,1 MHz \/ 0,5 kW, toto rozhodnut\u00ed: Rada ud\u011bluje<br \/>\nprovozovateli R\u00e1dio P\u00e1lava, s.r.o., I\u010c: 26230780, se s\u00eddlem Brn\u011bnsk\u00e1 3163\/38, Hodon\u00edn, PS\u010c<br \/>\n69501, souhlas se zm\u011bnou skute\u010dnost\u00ed uveden\u00fdch v \u017e\u00e1dosti o licenci k provozov\u00e1n\u00ed rozhlasov\u00e9ho<br \/>\nvys\u00edl\u00e1n\u00ed prost\u0159ednictv\u00edm vys\u00edla\u010d\u016f, program R\u00e1dio Jih (licence \u010d.j.: Ru\/347\/00), a to o zm\u011bn\u011b<br \/>\n\u00fazemn\u00edho rozsahu vys\u00edl\u00e1n\u00ed a souboru technick\u00fdch parametr\u016f spo\u010d\u00edvaj\u00edc\u00ed ve zm\u011bn\u011b stanovi\u0161t\u011b a<br \/>\nv\u00fdkonu kmito\u010dtu Brno-Kohoutovice 105,1 MHz \/ 0,5 kW na nov\u00e9 stanovi\u0161t\u011b Brno-Kohoutovice 2<br \/>\n105,1 MHz \/ 0,2 kW, sou\u0159adnice WGS 84: 16 39 33 \/ 49 12 24.<br \/>\n&#8211; Rada ud\u011bluje spole\u010dnosti RADIO UNITED BROADCASTING s.r.o., I\u010cO: 291 31 901, se s\u00eddlem<br \/>\nVinohradsk\u00e1 3217\/167, PS\u010c 100 00 Praha 10 &#8211; Stra\u0161nice, transforma\u010dn\u00ed licenci k provozov\u00e1n\u00ed<br \/>\nrozhlasov\u00e9ho vys\u00edl\u00e1n\u00ed prost\u0159ednictv\u00edm vys\u00edla\u010d\u016f podle \u010dl\u00e1nku II z\u00e1kona \u010d. 196\/2009 Sb., kter\u00fdm se<br \/>\nm\u011bn\u00ed z\u00e1kon \u010d. 231\/2001 Sb., pro program COUNTRY RADIO (licence sp. zn. 2014\/660\/zab ze dne<br \/>\n19. listopadu 2014) se souborem technick\u00fdch parametr\u016f D\u011b\u010d\u00edn 87,6 MHz \/ 0,2 kW. Transforma\u010dn\u00ed<br \/>\nlicence nezanikne d\u0159\u00edve ne\u017e uplynut\u00edm t\u0159\u00ed let ode dne p\u0159echodu na zemsk\u00e9 digit\u00e1ln\u00ed rozhlasov\u00e9<br \/>\nvys\u00edl\u00e1n\u00ed v n\u00e1vaznosti na postup vl\u00e1dy podle ustanoven\u00ed \u010d\u00e1sti prvn\u00ed, \u010dl\u00e1nku II, odst. 9 z\u00e1kona<br \/>\n\u010d. 196\/2009 Sb., kter\u00fdm se m\u011bn\u00ed z\u00e1kon \u010d. 231\/2001 Sb.<br \/>\n&#8211; Rada ud\u011bluje spole\u010dnosti RADIO UNITED BROADCASTING s.r.o., I\u010cO: 291 31 901, se s\u00eddlem<br \/>\nVinohradsk\u00e1 3217\/167, PS\u010c 100 00 Praha 10 &#8211; Stra\u0161nice, transforma\u010dn\u00ed licenci k provozov\u00e1n\u00ed<br \/>\nrozhlasov\u00e9ho vys\u00edl\u00e1n\u00ed prost\u0159ednictv\u00edm vys\u00edla\u010d\u016f podle \u010dl\u00e1nku II z\u00e1kona \u010d. 196\/2009 Sb., kter\u00fdm se<br \/>\nm\u011bn\u00ed z\u00e1kon \u010d. 231\/2001 Sb., pro program COUNTRY RADIO (licence sp. zn. 2015\/148\/zab ze dne<br \/>\n19. dubna 2016) se souborem technick\u00fdch parametr\u016f \u0160umperk Kol\u0161ov 89,1 MHz \/ 0,5 kW.<br \/>\nTransforma\u010dn\u00ed licence nezanikne d\u0159\u00edve ne\u017e uplynut\u00edm t\u0159\u00ed let ode dne p\u0159echodu na zemsk\u00e9 digit\u00e1ln\u00ed<br \/>\nrozhlasov\u00e9 vys\u00edl\u00e1n\u00ed v n\u00e1vaznosti na postup vl\u00e1dy podle ustanoven\u00ed \u010d\u00e1sti prvn\u00ed, \u010dl\u00e1nku II, odst. 9<br \/>\nz\u00e1kona \u010d. 196\/2009 Sb., kter\u00fdm se m\u011bn\u00ed z\u00e1kon \u010d. 231\/2001 Sb.<br \/>\n&#8211; Rada se sezn\u00e1mila s anal\u00fdzou programu R\u00e1dio Energic provozovatele RADIO ENERGIC, s.r.o.,<br \/>\nze dne 2.1. 2025 od 00:00 do 24:00 hodin a shledala, \u017ee vys\u00edl\u00e1n\u00ed bylo v souladu se z\u00e1konem o<br \/>\nrozhlasov\u00e9m a televizn\u00edm vys\u00edl\u00e1n\u00ed a v souladu s platn\u00fdmi licen\u010dn\u00edmi podm\u00ednkami<br \/>\n&#8211; Rada se sezn\u00e1mila s ozn\u00e1men\u00edm provozovatele RADIO PROGLAS s.r.o., I\u010c: 49435001, se<br \/>\ns\u00eddlem Olomouck\u00e1 3419\/7, \u017didenice, 618 00 Brno, doru\u010den\u00fdm dne 13.1.2025 pod \u010d.j.<br \/>\nRRTV\/371\/2025-vra, spo\u010d\u00edvaj\u00edc\u00edm v informaci o v\u00fdluk\u00e1ch vys\u00edl\u00e1n\u00ed programu Radio Proglas za<br \/>\nm\u011bs\u00edc prosinec 2024. Rada se sezn\u00e1mila s ozn\u00e1men\u00edm provozovatele LIN a.s., I\u010c: 25720767, se<br \/>\ns\u00eddlem Opletalova 1015\/55, Nov\u00e9 M\u011bsto, 110 00 Praha 1, doru\u010den\u00fdm dne 21.1.2025 \u010d.j.:<br \/>\nRRTV\/667\/2025-vra, spo\u010d\u00edvaj\u00edc\u00edm v informaci o zm\u011bn\u011b s\u00eddla spole\u010dnosti. Rada se sezn\u00e1mila s<br \/>\nozn\u00e1men\u00edm provozovatele LONDA spol. s r. o., I\u010cO: 49241931, se s\u00eddlem Opletalova 1015\/55,<br \/>\nNov\u00e9 M\u011bsto, 110 00 Praha 1, doru\u010den\u00fdm dne 21.1.2025 \u010d.j.: RRTV\/664\/2025-vra, spo\u010d\u00edvaj\u00edc\u00edm v<br \/>\ninformaci o zm\u011bn\u011b s\u00eddla spole\u010dnosti a p\u0159evodu 100% obchodn\u00edho pod\u00edlu jedin\u00e9ho spole\u010dn\u00edka v<br \/>\nsouladu se souhlasem Rady, kter\u00fd byl ud\u011blen rozhodnut\u00edm \u010d.j. RRTV\/12199\/2024-str, sp. zn.<br \/>\nRRTV\/2024\/1021\/str dne 5. listopadu 2024.<br \/>\n&#8211; Rada se sezn\u00e1mila s anal\u00fdzami obchodn\u00edch sd\u011blen\u00ed odvys\u00edlan\u00fdch provozovateli Frekvence 1, a.s.<\/p>\n<p>(program FREKVENCE 1; 102,5 MHz Praha), EVROPA 2, spol. s.r.o. (program EVROPA 2;<br \/>\n88,2 MHz Praha) a MEDIA BOHEMIA a.s. (program Fajn radio; 97,2 MHz Praha) ze dne 28. ledna<br \/>\n2025.<br \/>\n&#8211; Rada se sezn\u00e1mila se dv\u011bma st\u00ed\u017enostmi, a to st\u00ed\u017enost\u00ed \u010d.j. RRTV\/13573\/2024-vra ze dne 4. 12.<br \/>\n2024 proti \u00fadajn\u00e9mu u\u017eit\u00ed nevhodn\u00e9ho slova ve vys\u00edl\u00e1n\u00ed reklamy na programu FREKVENCE 1 a<br \/>\nse st\u00ed\u017enost\u00ed (\u010d. j. RRTV\/13910\/2024-vra) sm\u011b\u0159uj\u00edc\u00ed proti sd\u011blen\u00edm odvys\u00edlan\u00fdm na r\u016fzn\u00fdch<\/p>\n<p>programech provozovatel\u016f soukrom\u00e9ho vys\u00edl\u00e1n\u00ed, odvys\u00edlan\u00fdm v r\u00e1mci Kampan\u011b &#8222;NECHCEME<br \/>\nvy\u0161\u0161\u00ed rozhlasov\u00e9 poplatky! &#8211; dopis poslanci&#8220;.<br \/>\nTELEVIZN\u00cd VYS\u00cdL\u00c1N\u00cd<br \/>\n&#8211; Rada prodlu\u017euje provozovateli TV PRODUKCE DAKR, s.r.o., I\u010c: 28696921, se s\u00eddlem Most,<br \/>\nObchodn\u00ed 41, PS\u010c 43401, podle ustanoven\u00ed \u00a7 12 odst. 8 z\u00e1kona \u010d. 231\/2001 Sb., dobu platnosti<br \/>\nlicence \u010d.j. sve\/2204\/2013, sp.zn. 2013\/6\/sve\/TVD ze dne 14. kv\u011btna 2013 k provozov\u00e1n\u00ed<br \/>\nregion\u00e1ln\u00edho televizn\u00edho vys\u00edl\u00e1n\u00ed programu TV DAKR \u0161\u00ed\u0159en\u00e9ho prost\u0159ednictv\u00edm vys\u00edla\u010d\u016f o dobu 12<br \/>\nlet, tj. do 11. \u010dervna 2037, a to na z\u00e1klad\u011b \u017e\u00e1dosti \u010d.j. RRTV\/810\/2025-vra doru\u010den\u00e9 dne 27. ledna<br \/>\n2025.<br \/>\n&#8211; Rada bere na v\u011bdom\u00ed, \u017ee provozovateli Janu Popelkovi, s.r.o., I\u010c: 137 15 569, se s\u00eddlem Horn\u00ed<br \/>\nPalava 780\/41, Blansko, 678 01, zanikla ke dni 31. ledna 2025, dle \u00a7 24, p\u00edsm. f) z\u00e1kona<br \/>\n\u010d. 231\/2001 Sb., licence k provozov\u00e1n\u00ed televizn\u00edho vys\u00edl\u00e1n\u00ed programu TELEVIZE BLANSKO,<br \/>\n\u0161\u00ed\u0159en\u00e9ho prost\u0159ednictv\u00edm kabelov\u00fdch syst\u00e9m\u016f, ud\u011blen\u00e1 rozhodnut\u00edm, sp. zn.: 006\/534\/bar\/POP,<br \/>\n\u010d.j.: bar\/7107\/06, ze dne 25. z\u00e1\u0159\u00ed 2006, dle \u017e\u00e1dosti ze dne 16. ledna 2025, \u010d. j.: RRTV\/562\/2025-<br \/>\nvra. O t\u00e9to skute\u010dnosti Rada dle \u00a7 154 a n\u00e1sl., z\u00e1kona \u010d. 500\/2004 Sb., vyd\u00e1v\u00e1 osv\u011bd\u010den\u00ed.<br \/>\n&#8211; Rada \u017e\u00e1d\u00e1 provozovatele FTV Prima, spol. s r.o., I\u010c: 48115908, se s\u00eddlem Vinohradsk\u00e1<br \/>\n3217\/167, Stra\u0161nice, 100 00 Praha 10, o pod\u00e1n\u00ed vysv\u011btlen\u00ed ve v\u011bci st\u00ed\u017enosti \u010d.j. RRTV\/20\/2025-vra<br \/>\nze dne 2. ledna 2025. Rada stanovuje lh\u016ftu k pod\u00e1n\u00ed vysv\u011btlen\u00ed 15 dn\u016f ode dne doru\u010den\u00ed t\u00e9to<br \/>\n\u017e\u00e1dosti.<br \/>\n&#8211; Rada v r\u00e1mci sv\u00e9 p\u016fsobnosti dan\u00e9 ustanoven\u00edm \u00a7 5 odst. 1 p\u00edsm. a) z\u00e1kona \u010d. 231\/2001 Sb., o<br \/>\nprovozov\u00e1n\u00ed rozhlasov\u00e9ho a televizn\u00edho vys\u00edl\u00e1n\u00ed a o zm\u011bn\u011b dal\u0161\u00edch z\u00e1kon\u016f (d\u00e1le jen \u201ez\u00e1kon<br \/>\n\u010d. 231\/2001 Sb.\u201c), v platn\u00e9m zn\u011bn\u00ed, a na z\u00e1klad\u011b ustanoven\u00ed \u00a7 137 z\u00e1kona \u010d. 500\/2004 Sb.,<br \/>\nspr\u00e1vn\u00edho \u0159\u00e1du, \u017e\u00e1d\u00e1 provozovatele, fyzickou osobu, Karla Soukupa, I\u010c: 12870188, bytem<br \/>\nM\u00edrov\u00e1 127, 357 35 o sd\u011blen\u00ed, jak\u00fdm zp\u016fsobem provozuje a zaji\u0161\u0165uje v sou\u010dasn\u00e9 dob\u011b vys\u00edl\u00e1n\u00ed<br \/>\nprogramu Duha \u0161\u00ed\u0159en\u00e9ho prost\u0159ednictv\u00edm kabelov\u00fdch syst\u00e9m\u016f dle platn\u00e9 licence do 14. prosince<br \/>\n2030, sp. zn. 2006\/933\/zem\/SOK, \u010dj. zem\/8875\/06 ve zn\u011bn\u00ed pozd\u011bj\u0161\u00edch zm\u011bn v lokalit\u011b k. \u00fa. Nov\u00e1<br \/>\nRole, okr. Karlovy Vary, jestli\u017ee podle v\u00fdpisu ze \u017eivnostensk\u00e9ho rejst\u0159\u00edku p\u0159eru\u0161il svoji \u010dinnost do<br \/>\n31. prosince 2031.Rada stanovuje provozovateli lh\u016ftu k pod\u00e1n\u00ed vysv\u011btlen\u00ed do 15 dn\u016f ode dne<br \/>\ndoru\u010den\u00ed t\u00e9to \u017e\u00e1dosti.<br \/>\n&#8211; Rada zru\u0161uje podle \u00a7 30 odst. 1 p\u00edsm. d) z\u00e1kona \u010d. 231\/2001 Sb., provozovateli Stavebn\u00ed bytov\u00e9<br \/>\ndru\u017estvo ob\u010dan\u016f v Led\u010di nad S\u00e1zavou, s.r.o., I\u010c: 000 44 016, se s\u00eddlem: Zde\u0148ka Fibicha 678,<br \/>\nLede\u010d nad S\u00e1zavou, 584 01, registraci \u010d.j. Rg\/66\/96 ze dne 27. srpna 1996 k provozov\u00e1n\u00ed<br \/>\np\u0159evzat\u00e9ho vys\u00edl\u00e1n\u00ed \u0161\u00ed\u0159en\u00e9ho prost\u0159ednictv\u00edm kabelov\u00fdch syst\u00e9m\u016f, na \u017e\u00e1dost provozovatele<br \/>\ndoru\u010den\u00e9 dne 16. ledna 2025 pod \u010d.j. RRTV\/572\/2025-vra.<br \/>\n&#8211; Rada se sezn\u00e1mila s ozn\u00e1men\u00edm provozovatele TV Nova s.r.o., I\u010c: 458 00 456, doru\u010den\u00fdm<br \/>\nRad\u011b pod \u010d.j. RRTV\/661\/2025-vra, spo\u010d\u00edvaj\u00edc\u00edm v ozn\u00e1men\u00ed zah\u00e1jen\u00ed vys\u00edl\u00e1n\u00ed programu Nova ke<br \/>\ndni 31. ledna 2025.<br \/>\n&#8211; Rada se sezn\u00e1mila s ozn\u00e1men\u00edm provozovatele Obec Dambo\u0159ice, I\u010c: 002 84 840, doru\u010den\u00fdm<br \/>\nRad\u011b pod \u010d.j. RRTV\/570\/2025-vra, spo\u010d\u00edvaj\u00edc\u00edm v ozn\u00e1men\u00ed zah\u00e1jen\u00ed vys\u00edl\u00e1n\u00ed programu Infokan\u00e1l<br \/>\nDambo\u0159ice ke dni 16. ledna 2025.<br \/>\n&#8211; Rada se sezn\u00e1mila s ozn\u00e1men\u00edm provozovatele Digital Broadcasting s.r.o., I\u010c: 268 39 407,<\/p>\n<p>doru\u010den\u00fdm Rad\u011b pod \u010d.j. RRTV\/563\/2025-vra , spo\u010d\u00edvaj\u00edc\u00edm v ozn\u00e1men\u00ed zah\u00e1jen\u00ed vys\u00edl\u00e1n\u00ed<br \/>\nprogramu TV Rebel dne 11. ledna 2025.<br \/>\n&#8211; Rada se sezn\u00e1mila s ozn\u00e1men\u00edm provozovatele ViacomCBS Networks International Czech<br \/>\ns.r.o., I\u010c: 289 70 438, doru\u010den\u00fdm Rad\u011b pod \u010d.j. RRTV\/914\/2025-vra , spo\u010d\u00edvaj\u00edc\u00edm v ozn\u00e1men\u00ed<br \/>\nzah\u00e1jen\u00ed vys\u00edl\u00e1n\u00ed programu Paramount Network Netherlands ke dni 3. \u00fanoru 2025.-<\/p>\n<p>Rada se sezn\u00e1mila s ozn\u00e1men\u00edm provozovatele Krajsk\u00e1 nemocnice Liberec, a.s., I\u010c<br \/>\n272 83 933, doru\u010den\u00fdm Rad\u011b pod \u010d.j. RRTV\/917\/2025-vra, spo\u010d\u00edvaj\u00edc\u00edm v ozn\u00e1men\u00ed zm\u011bn ve<br \/>\nslo\u017een\u00ed dozor\u010d\u00ed rady.<br \/>\n&#8211; Rada se sezn\u00e1mila s n\u00e1sleduj\u00edc\u00edmi pod\u00e1n\u00edmi k obsahu televizn\u00edch program\u016f a audiovizu\u00e1ln\u00edch<br \/>\nmedi\u00e1ln\u00edch slu\u017eeb na vy\u017e\u00e1d\u00e1n\u00ed doru\u010den\u00fdmi od 9. ledna 2025 do 28. ledna 2025: Viacom CBS<br \/>\nNetworks International Czech s.r.o. \/ Comedy Central Hungary &#8211; Comedy Club; AMC NETWORKS<br \/>\nCENTRAL EUROPE, S.R.O \/ AMC CHANNEL HUNGARY &#8211; Mi kell a n\u0151nek; \u010cesk\u00e1 televize \/ \u010cT1<br \/>\n\u2013 B\u00e1bovky a Limity (1); \u010cesk\u00e1 televize \/\u010cT1 &#8211; Limity (2); \u010cesk\u00e1 televize \/ \u010cT sport \u2013 p\u0159enos<br \/>\nalpsk\u00e9ho ly\u017eov\u00e1n\u00ed; Barrandov Televizn\u00ed Studio a.s. \/ Televize Barrandov \u2013 Talkshow Tom\u00e1\u0161e<br \/>\nMagnuska; \u010cesk\u00e1 televize \/ \u010cT 24 \u2013 Inaugurace D. Trumpa; \u010cesk\u00e1 televize \/ \u010cT24 \u2013 Ud\u00e1losti,<br \/>\nkoment\u00e1\u0159e t\u00fddne a Interview \u010cT24; HP Tronic Zl\u00edn \/ KINO Barrandov \u2013 reklama DATART; Canal+<br \/>\nLuxembourg \/ nespecifikovan\u00fd program \u2013 reklama Skylink; TV Nova s.r.o. \/ Nova \u2013 nevhodn\u00e9<br \/>\nupout\u00e1vky na po\u0159ady; \u010cesk\u00e1 televize \/ \u010cT sport \u2013 p\u0159enosy z MS v h\u00e1zen\u00e9; \u010cesk\u00e1 televize \/ \u010cT24<br \/>\n\u2013 Ot\u00e1zky V\u00e1clava Moravce.<br \/>\n&#8211; Rada v r\u00e1mci sv\u00e9 kompetence dan\u00e9 ustanoven\u00edm \u00a7 5 odst. 1 p\u00edsm. a) z\u00e1kona \u010d. 231\/2001 Sb.,<br \/>\no provozov\u00e1n\u00ed rozhlasov\u00e9ho a televizn\u00edho vys\u00edl\u00e1n\u00ed a o zm\u011bn\u011b dal\u0161\u00edch z\u00e1kon\u016f (d\u00e1le jen \u201ez\u00e1kon<br \/>\n\u010d. 231\/2001 Sb.\u201c) a na z\u00e1klad\u011b \u010dl. 4 odst. 2 SM\u011aRNICE EVROPSK\u00c9HO PARLAMENTU A RADY<br \/>\n(EU) 2018\/1808 ze dne 14. listopadu 2018, kterou se m\u011bn\u00ed sm\u011brnice 2010\/13\/EU o koordinaci<br \/>\nn\u011bkter\u00fdch pr\u00e1vn\u00edch a spr\u00e1vn\u00edch p\u0159edpis\u016f \u010dlensk\u00fdch st\u00e1t\u016f upravuj\u00edc\u00edch poskytov\u00e1n\u00ed audiovizu\u00e1ln\u00edch<br \/>\nmedi\u00e1ln\u00edch slu\u017eeb (sm\u011brnice o audiovizu\u00e1ln\u00edch medi\u00e1ln\u00edch slu\u017eb\u00e1ch) vyz\u00fdv\u00e1 provozovatele<br \/>\nViacomCBS Networks International Czech s.r.o., I\u010c 289 70 438, s\u00eddlem Perlov\u00e1 371\/5, Praha &#8211;<br \/>\nStar\u00e9 M\u011bsto, 110 00, jako\u017eto provozovatele programu Comedy Central Hungary, sm\u011brovan\u00e9ho na<br \/>\n\u00fazem\u00ed Ma\u010farska a vys\u00edlan\u00e9ho na z\u00e1klad\u011b rozhodnut\u00ed Rady ze dne 22. \u010dervna 2010 o ud\u011blen\u00ed<br \/>\nlicence k provozov\u00e1n\u00ed televizn\u00edho vys\u00edl\u00e1n\u00ed \u0161\u00ed\u0159en\u00e9ho prost\u0159ednictv\u00edm dru\u017eice (\u010d.j. sve\/2051\/2010),<br \/>\nprodlou\u017een\u00e9 rozhodnut\u00edm ze dne 22. \u00fanora 2022 (sp. zn. RRTV\/2022\/184\/hou), k dodr\u017eov\u00e1n\u00ed<br \/>\np\u0159\u00edsn\u011bj\u0161\u00edch pravidel obecn\u00e9ho ve\u0159ejn\u00e9ho z\u00e1jmu formulovan\u00fdch pr\u00e1vn\u00edm \u0159\u00e1dem Ma\u010farska v<br \/>\nsouvislosti se za\u0159azov\u00e1n\u00edm zna\u010den\u00ed p\u0159\u00edstupnosti po\u0159ad\u016f pro jednotliv\u00e9 v\u011bkov\u00e9 kategorie d\u011bt\u00ed, k<br \/>\nn\u011bmu\u017e nedo\u0161lo p\u0159i vys\u00edl\u00e1n\u00ed po\u0159adu Comedy Club: Gergely Litkai \u2013 Mi\u00e9rt? (Pro\u010d?) dne 17. 11. 2024<br \/>\nod 21:00 hodin na programu Comedy Central Hungary.<br \/>\n&#8211; Rada v r\u00e1mci sv\u00e9 kompetence dan\u00e9 ustanoven\u00edm \u00a7 5 odst. 1 p\u00edsm. a) z\u00e1kona \u010d. 231\/2001 Sb.,<br \/>\no provozov\u00e1n\u00ed rozhlasov\u00e9ho a televizn\u00edho vys\u00edl\u00e1n\u00ed a o zm\u011bn\u011b dal\u0161\u00edch z\u00e1kon\u016f (d\u00e1le jen \u201ez\u00e1kon<br \/>\n\u010d. 231\/2001 Sb.\u201c) a na z\u00e1klad\u011b \u010dl. 4 odst. 2 SM\u011aRNICE EVROPSK\u00c9HO PARLAMENTU A RADY<br \/>\n(EU) 2018\/1808 ze dne 14. listopadu 2018, kterou se m\u011bn\u00ed sm\u011brnice 2010\/13\/EU o koordinaci<br \/>\nn\u011bkter\u00fdch pr\u00e1vn\u00edch a spr\u00e1vn\u00edch p\u0159edpis\u016f \u010dlensk\u00fdch st\u00e1t\u016f upravuj\u00edc\u00edch poskytov\u00e1n\u00ed audiovizu\u00e1ln\u00edch<br \/>\nmedi\u00e1ln\u00edch slu\u017eeb (sm\u011brnice o audiovizu\u00e1ln\u00edch medi\u00e1ln\u00edch slu\u017eb\u00e1ch) vyz\u00fdv\u00e1 provozovatele AMC<br \/>\nNETWORKS CENTRAL EUROPE s. r. o., I\u010c 271 12 501, s\u00eddlem Pob\u0159e\u017en\u00ed 620\/3, Praha 8 &#8211; Karl\u00edn,<br \/>\n186 00, jako\u017eto provozovatele programu AMC CHANNEL HUNGARY, sm\u011brovan\u00e9ho na \u00fazem\u00ed<br \/>\nMa\u010farska a vys\u00edlan\u00e9ho na z\u00e1klad\u011b rozhodnut\u00ed Rady ze dne 21. 10. 2014 o ud\u011blen\u00ed licence k<br \/>\nprovozov\u00e1n\u00ed televizn\u00edho vys\u00edl\u00e1n\u00ed \u0161\u00ed\u0159en\u00e9ho prost\u0159ednictv\u00edm dru\u017eice (\u010d. j. rozhodnut\u00ed FIA\/3744\/2014),<br \/>\nk dodr\u017eov\u00e1n\u00ed p\u0159\u00edsn\u011bj\u0161\u00edch pravidel obecn\u00e9ho ve\u0159ejn\u00e9ho z\u00e1jmu formulovan\u00fdch pr\u00e1vn\u00edm \u0159\u00e1dem<br \/>\nMa\u010farska v souvislosti se za\u0159azov\u00e1n\u00edm zna\u010den\u00ed p\u0159\u00edstupnosti po\u0159ad\u016f pro jednotliv\u00e9 v\u011bkov\u00e9<br \/>\nkategorie d\u011bt\u00ed, k n\u011bmu\u017e nedo\u0161lo p\u0159i vys\u00edl\u00e1n\u00ed po\u0159adu Mi kell a n\u0151nek (Po \u010dem \u017eeny tou\u017e\u00ed) dne 8. 11.<br \/>\n2024 od 18:25 hodin.<br \/>\n&#8211; Rada v r\u00e1mci sv\u00e9 kompetence dan\u00e9 \u00a7 5 odst. 1 p\u00edsm. a) a f) z\u00e1kona \u010d. 231\/2001 Sb.,<br \/>\no provozov\u00e1n\u00ed rozhlasov\u00e9ho a televizn\u00edho vys\u00edl\u00e1n\u00ed a o zm\u011bn\u011b dal\u0161\u00edch z\u00e1kon\u016f, v platn\u00e9m zn\u011bn\u00ed<br \/>\n(d\u00e1le jen \u201ez\u00e1kon \u010d. 231\/2001 Sb.\u201c) a v souladu s ustanoven\u00edm \u00a7 137 odst. 1 z\u00e1kona \u010d. 500\/2004 Sb.,<\/p>\n<p>spr\u00e1vn\u00ed \u0159\u00e1d, (d\u00e1le jen \u201ez\u00e1kon \u010d. 500\/2004 Sb.\u201c) \u017e\u00e1d\u00e1 provozovatele \u010cesk\u00e1 televize, I\u010c:<br \/>\n00027383, s\u00eddlem: Kav\u010d\u00ed hory, Praha 4, PS\u010c 140 70,, o pod\u00e1n\u00ed vysv\u011btlen\u00ed, z jak\u00e9ho d\u016fvodu ozna\u010dil<br \/>\nz\u00e1znam z\u00e1vodu v alpsk\u00e9m ly\u017eov\u00e1n\u00ed, vys\u00edlan\u00fd dne 13. ledna 2025 od 14:19 hodin na programu \u010cT<br \/>\nsport, jako obsahuj\u00edc\u00ed um\u00edst\u011bn\u00ed produktu, a pokud po\u0159ad um\u00edst\u011bn\u00fd produkt skute\u010dn\u011b zahrnoval,<\/p>\n<p>pro\u010d byl takto ozna\u010den\u00fd pouze na za\u010d\u00e1tku a nikoliv i na konci, jak ukl\u00e1d\u00e1 z\u00e1kon. Rada stanovuje<br \/>\nlh\u016ftu k pod\u00e1n\u00ed vysv\u011btlen\u00ed 30 dn\u00ed ode dne doru\u010den\u00ed t\u00e9to v\u00fdzvy.<br \/>\n&#8211; Rada v r\u00e1mci sv\u00e9 kompetence dan\u00e9 \u00a7 5 odst. 1 p\u00edsm. a) a f) z\u00e1kona \u010d. 231\/2001 Sb.,<br \/>\no provozov\u00e1n\u00ed rozhlasov\u00e9ho a televizn\u00edho vys\u00edl\u00e1n\u00ed a o zm\u011bn\u011b dal\u0161\u00edch z\u00e1kon\u016f, v platn\u00e9m zn\u011bn\u00ed<br \/>\n(d\u00e1le jen \u201ez\u00e1kon \u010d. 231\/2001 Sb.\u201c) a v souladu s ustanoven\u00edm \u00a7 137 odst. 1 z\u00e1kona \u010d. 500\/2004<br \/>\nSb., spr\u00e1vn\u00ed \u0159\u00e1d, (d\u00e1le jen \u201ez\u00e1kon \u010d. 500\/2004 Sb.\u201c) \u017e\u00e1d\u00e1 provozovatele Barrandov Televizn\u00ed Studio<br \/>\na.s., I\u010c: 41693311, s\u00eddlem: K\u0159\u00ed\u017eeneck\u00e9ho n\u00e1m\u011bst\u00ed 322\/5, Praha 5, PS\u010c 152 00, o pod\u00e1n\u00ed<br \/>\nvysv\u011btlen\u00ed, z jak\u00e9ho d\u016fvodu neozna\u010dil po\u0159ad Talkshow Tom\u00e1\u0161e Magnuska, odvys\u00edlan\u00fd dne<br \/>\n15. ledna 2025 od 20:05 hodin na programu Televize Barrandov, jako po\u0159ad obsahuj\u00edc\u00ed um\u00edst\u011bn\u00ed<br \/>\nproduktu, a\u010dkoliv ve vys\u00edl\u00e1n\u00ed t\u00e9ho\u017e vyd\u00e1n\u00ed po\u0159adu dne 16. ledna 2025 od 21:05 hodin na programu<br \/>\nTelevize Barrandov tak u\u010dinil. Rada stanovuje lh\u016ftu k pod\u00e1n\u00ed vysv\u011btlen\u00ed 30 dn\u00ed ode dne doru\u010den\u00ed<br \/>\nt\u00e9to v\u00fdzvy.<br \/>\n&#8211; Rada v r\u00e1mci sv\u00e9 kompetence dan\u00e9 \u00a7 5 odst. 1 p\u00edsm. a) a f) z\u00e1kona \u010d. 231\/2001 Sb.,<br \/>\no provozov\u00e1n\u00ed rozhlasov\u00e9ho a televizn\u00edho vys\u00edl\u00e1n\u00ed a o zm\u011bn\u011b dal\u0161\u00edch z\u00e1kon\u016f, v platn\u00e9m zn\u011bn\u00ed<br \/>\n(d\u00e1le jen \u201ez\u00e1kon \u010d. 231\/2001 Sb.\u201c) a v souladu s ustanoven\u00edm \u00a7 137 odst. 1 z\u00e1kona \u010d. 500\/2004<br \/>\nSb., spr\u00e1vn\u00ed \u0159\u00e1d, (d\u00e1le jen \u201ez\u00e1kon \u010d. 500\/2004 Sb.\u201c) \u017e\u00e1d\u00e1 provozovatele \u010cesk\u00e1 televize, I\u010c:<br \/>\n00027383, s\u00eddlem: Kav\u010d\u00ed hory, Praha 4, PS\u010c 140 70,, o pod\u00e1n\u00ed vysv\u011btlen\u00ed, z jak\u00e9ho d\u016fvodu za\u0159adil<br \/>\nk vyj\u00e1d\u0159en\u00ed Jana Lipavsk\u00e9ho odvys\u00edlan\u00e9mu dne 21. ledna 2025 od 0:03 hodin na programu \u010cT24<br \/>\njako ilustraci z\u00e1b\u011bry ze setk\u00e1n\u00ed Donalda Trumpa s Vladimirem Putinem na summitu G20 v roce<br \/>\n2019. Rada stanovuje lh\u016ftu k pod\u00e1n\u00ed vysv\u011btlen\u00ed 30 dn\u00ed ode dne doru\u010den\u00ed t\u00e9to v\u00fdzvy.<br \/>\n&#8211; Rada \u017e\u00e1d\u00e1 Radu \u010cesk\u00e9 televize o stanovisko k po\u0159adu Ud\u00e1losti, koment\u00e1\u0159e t\u00fddne odvys\u00edlan\u00e9ho<br \/>\ndne 19. ledna 2025 na programu \u010cT24, a sice jak\u00fdm zp\u016fsobem byla dle n\u00e1zoru Rady \u010cT zaji\u0161t\u011bna<br \/>\nn\u00e1zorov\u00e1 pluralita pozvan\u00fdch host\u016f, kte\u0159\u00ed se ve vz\u00e1jemn\u00e9 shod\u011b vyjad\u0159ovali k politick\u00e9 situaci na<br \/>\nSlovensku, a to mnohdy zna\u010dn\u011b radik\u00e1ln\u011b a\u017e hrub\u011b, p\u0159i\u010dem\u017e tyto jejich projevy nebyly nikterak<br \/>\nkorigov\u00e1ny ani ze strany moder\u00e1torky po\u0159adu.<br \/>\n&#8211; Rada \u017e\u00e1d\u00e1 Radu \u010cesk\u00e9 televize o stanovisko k po\u0159adu Ot\u00e1zky V\u00e1clava Moravce odvys\u00edlan\u00e9ho<br \/>\ndne 26. ledna 2025 v \u010dase od 13:05 hodin na programu \u010cT24, respektive k v\u00fdroku moder\u00e1tora,<br \/>\nkter\u00fd v kontextu ot\u00e1zky legitimity protest\u016f ob\u010dan\u016f proti zvolen\u00fdm p\u0159edstavitel\u016fm argumentoval<br \/>\nfaktem, \u017ee n\u011bme\u010dt\u00ed ob\u010dan\u00e9 zvolili Adolfa Hitlera.<br \/>\n&#8211; Rada se sezn\u00e1mila s anal\u00fdzou kontinu\u00e1ln\u00edho \u00faseku vys\u00edl\u00e1n\u00ed programu OKO1 provozovatele Ji\u0159\u00ed<br \/>\nOuda ze dn\u016f 27. &#8211; 28. listopadu 2024.<br \/>\n&#8211; Rada se sezn\u00e1mila s anal\u00fdzou z\u00e1znamu vys\u00edl\u00e1n\u00ed programu Duha provozovatele Karla Soukupa<br \/>\nze dn\u016f 27. &#8211; 28. listopadu 2024.<br \/>\n&#8211; Rada v r\u00e1mci sv\u00e9 p\u016fsobnosti dan\u00e9 ustanoven\u00edm \u00a7 5 odst. 1 p\u00edsm. a) z\u00e1kona \u010d. 231\/2001 Sb<\/p>\n<p>o provozov\u00e1n\u00ed rozhlasov\u00e9ho a televizn\u00edho vys\u00edl\u00e1n\u00ed a o zm\u011bn\u011b dal\u0161\u00edch z\u00e1kon\u016f (d\u00e1le jen z\u00e1kon<br \/>\n\u010d. 231\/2001 Sb.), v platn\u00e9m zn\u011bn\u00ed, a v souladu s ustanoven\u00edm \u00a7 137 odst. 1 z\u00e1kona \u010d. 500\/2004<br \/>\nSb., spr\u00e1vn\u00ed \u0159\u00e1d (d\u00e1le jen \u201ez\u00e1kon \u010d. 500\/2004 Sb.\u201c) \u017e\u00e1d\u00e1 provozovatele Karla Soukupa, I\u010c<br \/>\n12870188, se s\u00eddlem M\u00edrov\u00e1 127, Chodov, PS\u010c 357 35, o pod\u00e1n\u00ed vysv\u011btlen\u00ed, jak\u00fdm zp\u016fsobem<br \/>\nnapl\u0148uje pro div\u00e1ky programu Duha povinnost vypl\u00fdvaj\u00edc\u00ed z ustanoven\u00ed \u00a7 32 odst. 9 p\u00edsm. a), b) a<br \/>\nc) z\u00e1kona \u010d. 231\/2001 Sb., umo\u017enit div\u00e1k\u016fm snadn\u00fd, p\u0159\u00edm\u00fd a trval\u00fd p\u0159\u00edstup zejm\u00e9na k z\u00e1kladn\u00edm<br \/>\n\u00fadaj\u016fm o provozovateli televizn\u00edho vys\u00edl\u00e1n\u00ed, d\u00e1le k \u00fadaj\u016fm, kter\u00e9 umo\u017e\u0148uj\u00ed rychl\u00e9, p\u0159\u00edm\u00e9 a \u00fa\u010dinn\u00e9<br \/>\nnav\u00e1z\u00e1n\u00ed kontaktu s provozovatelem televizn\u00edho vys\u00edl\u00e1n\u00ed, a kone\u010dn\u011b k informaci o tom, \u017ee jeho<br \/>\n\u010dinnost se \u0159\u00edd\u00ed pr\u00e1vn\u00edm \u0159\u00e1dem \u010cesk\u00e9 republiky a o tom, \u017ee org\u00e1nem dozoru nad provozov\u00e1n\u00edm<br \/>\ntelevizn\u00edho vys\u00edl\u00e1n\u00ed je Rada. Rada stanovuje lh\u016ftu k pod\u00e1n\u00ed vysv\u011btlen\u00ed 30 dn\u00ed ode dne doru\u010den\u00ed<br \/>\nv\u00fdzvy.<br \/>\n&#8211; Rada v r\u00e1mci sv\u00e9 p\u016fsobnosti dan\u00e9 ustanoven\u00edm \u00a7 5 odst. 1 p\u00edsm. a) z\u00e1kona \u010d. 231\/2001 Sb.,<br \/>\no provozov\u00e1n\u00ed rozhlasov\u00e9ho a televizn\u00edho vys\u00edl\u00e1n\u00ed a o zm\u011bn\u011b dal\u0161\u00edch z\u00e1kon\u016f (d\u00e1le jen z\u00e1kon<br \/>\n\u010d. 231\/2001 Sb.), v platn\u00e9m zn\u011bn\u00ed, a v souladu s ustanoven\u00edm \u00a7 137 odst. 1 z\u00e1kona \u010d. 500\/2004<br \/>\nSb., spr\u00e1vn\u00ed \u0159\u00e1d (d\u00e1le jen \u201ez\u00e1kon \u010d. 500\/2004 Sb.\u201c) \u017e\u00e1d\u00e1 provozovatele Karla Soukupa, I\u010c12870188,<\/p>\n<p>se s\u00eddlem M\u00edrov\u00e1 127, Chodov, PS\u010c 357 35, o pod\u00e1n\u00ed vysv\u011btlen\u00ed, z jak\u00e9ho d\u016fvodu<br \/>\nvys\u00edl\u00e1n\u00ed programu Duha ve dnech 27. &#8211; 28. listopadu 2024 neobsahovalo videotextov\u00e9 informace<br \/>\no kulturn\u00edch a sportovn\u00edch akc\u00edch a dal\u0161\u00ed po\u0159ady (diskuse s v\u00fdznamn\u00fdmi osobnostmi a hosty<br \/>\nregionu, z\u00e1bavn\u00e9 a sout\u011b\u017en\u00ed po\u0159ady vlastn\u00ed produkce \u010di upraven\u00e9 p\u0159\u00edsp\u011bvky obyvatel m\u011bsta), jak<br \/>\nstoj\u00ed v licen\u010dn\u00edch podm\u00ednk\u00e1ch, a z jak\u00e9ho d\u016fvodu m\u011bla vys\u00edlac\u00ed smy\u010dka d\u00e9lku pouze 22 minut.<br \/>\nRada stanovuje lh\u016ftu k pod\u00e1n\u00ed vysv\u011btlen\u00ed 30 dn\u00ed ode dne doru\u010den\u00ed t\u00e9to v\u00fdzvy.<br \/>\n&#8211; Rada v r\u00e1mci sv\u00e9 p\u016fsobnosti dan\u00e9 ustanoven\u00edm \u00a7 5 odst. 1 p\u00edsm. a) z\u00e1kona \u010d. 231\/2001 Sb.,<br \/>\no provozov\u00e1n\u00ed rozhlasov\u00e9ho a televizn\u00edho vys\u00edl\u00e1n\u00ed a o zm\u011bn\u011b dal\u0161\u00edch z\u00e1kon\u016f (d\u00e1le jen z\u00e1kon<br \/>\n\u010d. 231\/2001 Sb.), v platn\u00e9m zn\u011bn\u00ed, a v souladu s ustanoven\u00edm \u00a7 137 odst. 1 z\u00e1kona \u010d. 500\/2004<br \/>\nSb., spr\u00e1vn\u00ed \u0159\u00e1d (d\u00e1le jen \u201ez\u00e1kon \u010d. 500\/2004 Sb.\u201c) \u017e\u00e1d\u00e1 provozovatele Karla Soukupa, I\u010c<br \/>\n12870188, se s\u00eddlem M\u00edrov\u00e1 127, Chodov, PS\u010c 357 35, o pod\u00e1n\u00ed vysv\u011btlen\u00ed, zda p\u0159eru\u0161en\u00ed vys\u00edl\u00e1n\u00ed<br \/>\nv k.\u00fa. Horn\u00ed Slavkov, k n\u011bmu\u017e Rada vydala souhlas dne 9. \u00fanora 2021, nem\u00e1 charakter trval\u00e9ho<br \/>\nz\u00fa\u017een\u00ed \u00fazemn\u00edho rozsahu vys\u00edl\u00e1n\u00ed programu Duha o k.\u00fa. Horn\u00ed Slavkov. Rada stanovuje lh\u016ftu k<br \/>\npod\u00e1n\u00ed vysv\u011btlen\u00ed 30 dn\u00ed ode dne doru\u010den\u00ed t\u00e9to v\u00fdzvy.<br \/>\n&#8211; Rada se sezn\u00e1mila s v\u00fdsledky systematick\u00e9ho monitoringu hlasitosti obchodn\u00edch sd\u011blen\u00ed na<br \/>\nprogramu Televize Barrandov provozovatele Barrandov Televizn\u00ed Studio a.s. ze dne 4. ledna 2025,<br \/>\n20:00 &#8211; 22:00 hodin.<br \/>\n&#8211; Rada se sezn\u00e1mila se stanoviskem \u00dastavu pro st\u00e1tn\u00ed kontrolu veterin\u00e1rn\u00edch bioprepar\u00e1t\u016f a l\u00e9\u010div<br \/>\nve v\u011bci propagace veterin\u00e1rn\u00edch diet Brit Gastrointestinal.<br \/>\n&#8211; Rada \u017e\u00e1d\u00e1 \u00dast\u0159edn\u00ed kontroln\u00ed a zku\u0161ebn\u00ed \u00fastav zem\u011bd\u011blsk\u00fd o stanovisko ve v\u011bci propagace<br \/>\nveterin\u00e1rn\u00edch diet Brit Gastrointestinal, kter\u00e1 byla sou\u010d\u00e1st\u00ed televizn\u00edho vys\u00edl\u00e1n\u00ed.<br \/>\n&#8211; Rada se sezn\u00e1mila s podan\u00fdm vysv\u011btlen\u00edm provozovatele \u010cESK\u00c1 TELEVIZE, z jak\u00e9ho d\u016fvodu<br \/>\nodvys\u00edlal vyd\u00e1n\u00ed po\u0159adu Politick\u00e9 spektrum, kter\u00e9ho se z\u00fa\u010dastnili z\u00e1stupci kandiduj\u00edc\u00edch subjekt\u016f<br \/>\nHLAS, KAN a Levice, dne 15. dubna 2024 od 00:10 hodin na programu \u010cT24, a\u010dkoliv premi\u00e9ry<br \/>\nostatn\u00edch vyd\u00e1n\u00ed dan\u00e9ho po\u0159adu, vztahuj\u00edc\u00ed se k volb\u00e1m do Evropsk\u00e9ho parlamentu, byly vys\u00edl\u00e1ny<br \/>\nna t\u00e9m\u017ee programu v\u017edy v sobotn\u00edm term\u00ednu od 12:32 hodin, d\u00e1le pro\u010d odvys\u00edlal repr\u00edzy jen<br \/>\nn\u011bkter\u00fdch vyd\u00e1n\u00ed dan\u00e9ho po\u0159adu souvisej\u00edc\u00edho s nadch\u00e1zej\u00edc\u00edmi volbami do Evropsk\u00e9ho<br \/>\nparlamentu a z jak\u00e9 p\u0159\u00ed\u010diny ve vyd\u00e1n\u00edch dan\u00e9ho po\u0159adu odvys\u00edlan\u00fdch ve dnech 18. a 25. kv\u011btna<br \/>\n2024 poru\u0161il pravidlo abecedn\u00edho po\u0159ad\u00ed p\u0159\u00edtomn\u00fdch subjekt\u016f.<br \/>\n&#8211; Rada se sezn\u00e1mila s podan\u00fdm vysv\u011btlen\u00edm provozovatele FTV Prima, spol. s r.o., z jak\u00e9ho<br \/>\nd\u016fvodu poskytl v debat\u011b odvys\u00edlan\u00e9 na programu CNN Prima News v po\u0159adu 360\u00b0 Pavl\u00edny Wolfov\u00e9<br \/>\ndne 3. \u010dervna 2024 v \u010dase od 21:30 hod. prostor pouze dv\u011bma vybran\u00fdm kandid\u00e1t\u016fm do<br \/>\nEvropsk\u00e9ho parlamentu Danu\u0161i Nerudov\u00e9 a Filipovi Turkovi, resp. zda obdobn\u00fd prostor, tedy mimo<br \/>\nspeci\u00e1ln\u011b koncipovan\u00e9 p\u0159edvolebn\u00ed debaty, poskytl i jin\u00fdm kandiduj\u00edc\u00edm subjekt\u016fm.<br \/>\n&#8211; Rada se sezn\u00e1mila s podan\u00fdm vysv\u011btlen\u00edm provozovatele FTV Prima, spol. s r.o., z jak\u00e9ho<\/p>\n<p>d\u016fvodu odvys\u00edlal v relaci Zpr\u00e1vy, za\u0159azen\u00e9 do programu CNN Prima News dne 7. \u010dervna 2024 v<br \/>\n\u010dase od 21:00 hodin a 23:00 hodin, zpravodajsk\u00fd p\u0159\u00edsp\u011bvek prezentuj\u00edc\u00ed v\u00fdpov\u011bdi vybran\u00fdch<br \/>\n\u010desk\u00fdch politik\u016f vztahuj\u00edc\u00ed se k evropsk\u00fdm volb\u00e1m, ve kter\u00e9m publikoval v\u00fdpov\u011b\u010f b\u00fdval\u00e9ho<br \/>\nprezidenta Milo\u0161e Zemana, v n\u00ed\u017e sd\u011blil, \u017ee volil Kl\u00e1ru Dost\u00e1lovou; z jak\u00e9ho d\u016fvodu poskytl v dan\u00fdch<br \/>\np\u0159\u00edsp\u011bvc\u00edch prostor pouze dv\u011bma vybran\u00fdm kandid\u00e1tk\u00e1m do Evropsk\u00e9ho parlamentu, konkr\u00e9tn\u011b<br \/>\nKl\u00e1\u0159e Dost\u00e1lov\u00e9 a Danu\u0161i Nerudov\u00e9; a z jak\u00e9ho d\u016fvodu odvys\u00edlal na programu CNN Prima News<br \/>\nv relaci Hlavn\u00ed zpr\u00e1vy dne 7. 6. 2024 analogick\u00fd zpravodajsk\u00fd p\u0159\u00edsp\u011bvek, ve kter\u00e9m vyjma Kl\u00e1ry<br \/>\nDost\u00e1lov\u00e9 a Danu\u0161e Nerudov\u00e9 poskytl prostor Marcelu Kolajovi.<br \/>\n&#8211; Rada se sezn\u00e1mila s podan\u00fdm vysv\u011btlen\u00edm provozovatele FTV Prima, spol. s r.o., zda a<br \/>\np\u0159\u00edpadn\u011b jak byly po\u0159ady s p\u0159edvolebn\u00ed dramaturgi\u00ed za\u0159azen\u00e9 do vys\u00edl\u00e1n\u00ed programu CNN Prima<br \/>\nNews p\u0159ed volbami do Evropsk\u00e9ho parlamentu zp\u0159\u00edstupn\u011bny osob\u00e1m se sluchov\u00fdm a osob\u00e1m se<br \/>\nzrakov\u00fdm posti\u017een\u00edm.<br \/>\n&#8211; Rada se sezn\u00e1mila s podan\u00fdm vysv\u011btlen\u00edm provozovatele TV Nova s.r.o., zda a p\u0159\u00edpadn\u011b jak<br \/>\nbyly po\u0159ady s p\u0159edvolebn\u00ed dramaturgi\u00ed za\u0159azen\u00e9 do vys\u00edl\u00e1n\u00ed na programech NOVA a TN Live<\/p>\n<p>p\u0159edvolbami do Evropsk\u00e9ho parlamentu zp\u0159\u00edstupn\u011bny osob\u00e1m se sluchov\u00fdm a osob\u00e1m se zrakov\u00fdm<br \/>\nposti\u017een\u00edm.<br \/>\n&#8211; Rada se sezn\u00e1mila s podan\u00fdm vysv\u011btlen\u00edm provozovatele Region\u00e1ln\u00ed televize CZ s.r.o., jak\u00fdm<br \/>\nzp\u016fsobem p\u0159i volb\u011b host\u016f po\u0159adu Na Palici vys\u00edlan\u00e9m na programu A11 zohlednil v obdob\u00ed od 24.<br \/>\nb\u0159ezna 2024 do 5. \u010dervna 2024 fakt, \u017ee \u0161lo o obdob\u00ed p\u0159ed volbami do Evropsk\u00e9ho parlamentu a \u017ee<br \/>\nkandid\u00e1ti, kte\u0159\u00ed byli do po\u0159adu pozv\u00e1ni, byli ve volebn\u00ed sout\u011b\u017ei zv\u00fdhodn\u011bni.<br \/>\n&#8211; Rada coby \u00fast\u0159edn\u00ed spr\u00e1vn\u00ed \u00fa\u0159ad v r\u00e1mci sv\u00e9 kompetence dan\u00e9 ustanoven\u00edm \u00a7 5 odst. 1 p\u00edsm.<br \/>\na) a f) a \u00a7 59 odst. 1-3 z\u00e1kona \u010d. 231\/2001 Sb., o provozov\u00e1n\u00ed rozhlasov\u00e9ho a televizn\u00edho vys\u00edl\u00e1n\u00ed<br \/>\na o zm\u011bn\u011b dal\u0161\u00edch z\u00e1kon\u016f (d\u00e1le jen z\u00e1kon \u010d. 231\/2001 Sb.), v platn\u00e9m zn\u011bn\u00ed, upozor\u0148uje<br \/>\nprovozovatele vys\u00edl\u00e1n\u00ed Region\u00e1ln\u00ed televize CZ s.r.o., I\u010c: 24141372, se s\u00eddlem: Vinohradsk\u00e1<br \/>\n1597\/174, Vinohrady, 130 00 Praha 3, na poru\u0161en\u00ed ustanoven\u00ed \u00a7 31 odst. 3 z\u00e1kona \u010d. 231\/2001<br \/>\nSb., kter\u00e9ho se dopustil t\u00edm, \u017ee v obdob\u00ed od 5. kv\u011btna 2024 do 5. \u010dervna 2024 na programu A11<br \/>\nodvys\u00edlal po\u0159ad Na Palici, jeho\u017e hosty byli kandid\u00e1ti ve volb\u00e1ch do Evropsk\u00e9ho parlamentu,<br \/>\nkonkr\u00e9tn\u011b Ji\u0159\u00ed Hynek, na 10. m\u00edst\u011b kandid\u00e1tky Svobodn\u00fdch (d\u00edl odvys\u00edlan\u00fd dne 5. kv\u011btna 2024 ve<br \/>\n21:30 hodin, repr\u00edzovan\u00fd ve dnech 6. kv\u011btna 2024 v 4:15 hodin a 14:05 hodin, 7. kv\u011btna 2024 ve<br \/>\n21:35 hodin a 8. kv\u011btna 2024 v 4:30 hodin), Filip Turek, na 1. m\u00edst\u011b kandid\u00e1tky P\u0158\u00cdSAHA a<br \/>\nMOTORIST\u00c9 (d\u00edl odvys\u00edlan\u00fd dne 12. kv\u011btna 2024 ve 21:30 hodin, repr\u00edzovan\u00fd dne 13. kv\u011btna 2024<br \/>\nve 4:00 hodin a 14:10 hodin, 14. kv\u011btna 2024 ve 21:50 hodin a 15. kv\u011btna 2024 ve 4:45 hodin) a<br \/>\nJi\u0159\u00ed Paroubek, na 1. m\u00edst\u011b kandid\u00e1tky \u010cSSD (d\u00edl odvys\u00edlan\u00fd dne 2. \u010dervna 2024 ve 21:30 hodin;<br \/>\nrepr\u00edzovan\u00fd dne 3. \u010dervna 2024 ve 4:25 a 14:10 hodin, dne 4. \u010dervna 2024 ve 22:00 hodin a dne<br \/>\n5. \u010dervna 2024 ve 4:55 hodin). T\u011bmto kandid\u00e1t\u016fm byl poskytnut zna\u010dn\u00fd medi\u00e1ln\u00ed prostor pro<br \/>\nprezentaci sv\u00fdch politick\u00fdch n\u00e1zor\u016f a p\u0159edstaven\u00ed sv\u00e9ho programu \u010di programu subjektu, za n\u011bj\u017e<br \/>\nkandiduj\u00ed, \u010d\u00edm\u017e do\u0161lo k jejich zv\u00fdhodn\u011bn\u00ed oproti ostatn\u00edm kandid\u00e1t\u016fm, kte\u0159\u00ed takov\u00fd prostor<br \/>\nnedostali. T\u00edmto jedn\u00e1n\u00edm se provozovatel dopustil poru\u0161en\u00ed povinnosti, aby v celku vys\u00edlan\u00e9ho<br \/>\nprogramu nebyla jednostrann\u011b zv\u00fdhod\u0148ov\u00e1na \u017e\u00e1dn\u00e1 politick\u00e1 strana nebo hnut\u00ed, pop\u0159\u00edpad\u011b jejich<br \/>\nn\u00e1zory nebo n\u00e1zory jednotliv\u00fdch skupin ve\u0159ejnosti, a to s p\u0159ihl\u00e9dnut\u00edm k jejich re\u00e1ln\u00e9mu postaven\u00ed<br \/>\nv politick\u00e9m a spole\u010densk\u00e9m \u017eivot\u011b. Rada stanovuje lh\u016ftu k n\u00e1prav\u011b 7 dn\u00ed ode dne doru\u010den\u00ed tohoto<br \/>\nupozorn\u011bn\u00ed.<br \/>\n&#8211; Rada se sezn\u00e1mila s podan\u00fdm vysv\u011btlen\u00edm provozovatele Hit TV s.r.o. , jak\u00fdm zp\u016fsobem<br \/>\nnapl\u0148uje pro div\u00e1ky programu Hit TV povinnost vypl\u00fdvaj\u00edc\u00ed z ustanoven\u00ed \u00a7 32 odst. 9 p\u00edsm. a), b) a<br \/>\nc) z\u00e1kona \u010d. 231\/2001 Sb., umo\u017enit div\u00e1k\u016fm snadn\u00fd, p\u0159\u00edm\u00fd a trval\u00fd p\u0159\u00edstup zejm\u00e9na k z\u00e1kladn\u00edm<br \/>\n\u00fadaj\u016fm o provozovateli televizn\u00edho vys\u00edl\u00e1n\u00ed, d\u00e1le k \u00fadaj\u016fm, kter\u00e9 umo\u017e\u0148uj\u00ed rychl\u00e9, p\u0159\u00edm\u00e9 a \u00fa\u010dinn\u00e9<br \/>\nnav\u00e1z\u00e1n\u00ed kontaktu s provozovatelem televizn\u00edho vys\u00edl\u00e1n\u00ed, a kone\u010dn\u011b k informaci o tom, \u017ee jeho<br \/>\n\u010dinnost se \u0159\u00edd\u00ed pr\u00e1vn\u00edm \u0159\u00e1dem \u010cesk\u00e9 republiky a o tom, \u017ee org\u00e1nem dozoru nad provozov\u00e1n\u00edm<br \/>\ntelevizn\u00edho vys\u00edl\u00e1n\u00ed je Rada.AUDIOVIZU\u00c1LN\u00cd MEDI\u00c1LN\u00cd SLU\u017dBY NA VY\u017d\u00c1D\u00c1N\u00cd A SLU\u017dBY<\/p>\n<p>PLATFOREM PRO SD\u00cdLEN\u00cd<br \/>\nVIDEONAHR\u00c1VEK<br \/>\n&#8211; Rada se sezn\u00e1mila s podan\u00fdm vysv\u011btlen\u00edm spole\u010dnosti Herohero s.r.o., I\u010c: 096 44 156, se<br \/>\ns\u00eddlem Sp\u00e1len\u00e1 110\/53, Nov\u00e9 M\u011bsto, 110 00 Praha, ve v\u011bci poskytov\u00e1n\u00ed slu\u017eby platformy pro<br \/>\nsd\u00edlen\u00ed videonahr\u00e1vek HeroHero, dostupn\u00e9 na internetov\u00e9 adrese https:\/\/herohero.co.<br \/>\n&#8211; Rada v r\u00e1mci sv\u00e9 p\u016fsobnosti podle ustanoven\u00ed \u00a7 3 a \u00a7 5 z\u00e1kona \u010d. 242\/2022 Sb., o slu\u017eb\u00e1ch<br \/>\nplatforem pro sd\u00edlen\u00ed videonahr\u00e1vek a podle ustanoven\u00ed \u00a7 158 odst. 1 z\u00e1kona \u010d. 500\/2004 Sb.,<br \/>\nspr\u00e1vn\u00edho \u0159\u00e1du, vyd\u00e1v\u00e1 na z\u00e1klad\u011b p\u00edsemn\u00e9ho ozn\u00e1men\u00ed spole\u010dnosti Herohero s.r.o., I\u010c:<br \/>\n096 44 156, se s\u00eddlem Sp\u00e1len\u00e1 110\/53, Nov\u00e9 M\u011bsto, 110 00 Praha, doru\u010den\u00e9ho Rad\u011b dne<br \/>\n23. ledna 2025, toto potvrzen\u00ed: subjekt Herohero s.r.o., I\u010c: 096 44 156, se s\u00eddlem Sp\u00e1len\u00e1 110\/53,<br \/>\nNov\u00e9 M\u011bsto, 110 00 Praha, byl dne 11. \u00fanora 2025 zaps\u00e1n do Seznamu poskytovatel\u016f slu\u017eby<br \/>\nplatformy pro sd\u00edlen\u00ed videonahr\u00e1vek ve smyslu ustanoven\u00ed \u00a7 5 z\u00e1kona \u010d. 242\/2022 Sb., o slu\u017eb\u00e1ch<\/p>\n<p>platforem pro sd\u00edlen\u00ed videonahr\u00e1vek, jako poskytovatel slu\u017eby platformy pro sd\u00edlen\u00ed videonahr\u00e1vek<br \/>\nHeroHero, dostupn\u00e9 na internetov\u00e9 adrese https:\/\/herohero.co.<br \/>\n&#8211; Rada) v r\u00e1mci sv\u00e9 p\u016fsobnosti dan\u00e9 ustanoven\u00edm \u00a7 4 odst. 1 z\u00e1kona \u010d. 132\/2010 Sb.,<br \/>\no audiovizu\u00e1ln\u00edch medi\u00e1ln\u00edch slu\u017eb\u00e1ch na vy\u017e\u00e1d\u00e1n\u00ed a o zm\u011bn\u011b dal\u0161\u00edch z\u00e1kon\u016f (d\u00e1le jen z\u00e1kon<br \/>\n\u010d. 132\/2010 Sb.), v platn\u00e9m zn\u011bn\u00ed, bere na v\u011bdom\u00ed ukon\u010den\u00ed poskytov\u00e1n\u00ed audiovizu\u00e1ln\u00ed medi\u00e1ln\u00ed<br \/>\nslu\u017eby na vy\u017e\u00e1d\u00e1n\u00ed AMC MIKRO HU, dostupn\u00e9 prost\u0159ednictv\u00edm Google Play a Appstore,<br \/>\nposkytovatele AMC Networks Central Europe s.r.o., I\u010c: 27112501, s\u00eddlem Pob\u0159e\u017en\u00ed 620\/3, Praha,<br \/>\nPS\u010c 186 00, a prov\u00e1d\u00ed v\u00fdmaz poskytovatele AMC Networks Central Europe s.r.o., I\u010c: 27112501,<br \/>\ns\u00eddlem Pob\u0159e\u017en\u00ed 620\/3, Praha, PS\u010c 186 00, ze Seznamu poskytovatel\u016f audiovizu\u00e1ln\u00edch<br \/>\nmedi\u00e1ln\u00edch slu\u017eeb na vy\u017e\u00e1d\u00e1n\u00ed v souvislosti s ukon\u010den\u00edm poskytov\u00e1n\u00ed audiovizu\u00e1ln\u00ed medi\u00e1ln\u00ed<br \/>\nslu\u017eby na vy\u017e\u00e1d\u00e1n\u00ed AMC MIKRO HU, kter\u00e1 byla Radou do Seznamu poskytovatel\u016f audiovizu\u00e1ln\u00edch<br \/>\nmedi\u00e1ln\u00edch slu\u017eeb na vy\u017e\u00e1d\u00e1n\u00ed zaps\u00e1na dne 24. 3. 2021.<br \/>\n&#8211; Rada se sezn\u00e1mila se sd\u011blen\u00edm Rady pro reklamu (RPR), s\u00eddlem N\u00e1dra\u017en\u00ed 344\/23, Sm\u00edchov,<br \/>\nPS\u010c 15000, Praha 5, je\u017e je reakc\u00ed na v\u00fdzvu k dopln\u011bn\u00ed etick\u00e9ho kodexu ve v\u011bci samoregulace<br \/>\nreklamy na potraviny a n\u00e1poje obsahuj\u00edc\u00ed \u017eiviny a l\u00e1tky s v\u00fd\u017eivov\u00fdm a fyziologick\u00fdm \u00fa\u010dinkem,<br \/>\njejich\u017e nadm\u011brn\u00fd p\u0159\u00edjem ve strav\u011b se nedoporu\u010duje.<br \/>\n&#8211; Rada se sezn\u00e1mila se sd\u011blen\u00edmi samoregula\u010dn\u00edch org\u00e1n\u016f (Asociace televizn\u00edch organizac\u00ed<br \/>\n(ATO), Sdru\u017een\u00ed pro internetov\u00fd rozvoj v \u010cesk\u00e9 republice, z.s.p.o. (SPIR), Asociace krajsk\u00fdch<br \/>\nteleviz\u00ed (AKTV) a Asociace komer\u010dn\u00edch televiz\u00ed (AKTV)), jak\u00fdm samoregula\u010dn\u00edm aktivit\u00e1m se v roce<br \/>\n2024 v\u011bnovaly.<\/p>\n<p>V Praze dne 13. 2. 2025<\/p>\n<p>Ing. arch. V\u00e1clav Mencl<br \/>\np\u0159edseda Rady pro rozhlasov\u00e9<br \/>\na televizn\u00ed vys\u00edl\u00e1n\u00ed<\/p>\n<p>kontakt: podatelna@rrtv.gov.cz<br \/>\n274 813 830 &nbsp;<\/p>\n","protected":false},"excerpt":{"rendered":"<p>Rada pro rozhlasov\u00e9 a televizn\u00ed vys\u00edl\u00e1n\u00ed (d\u00e1le jen &#8222;Rada&#8220;) na sv\u00e9m 2. zased\u00e1n\u00ed projednala 33 bod\u016f programu. Vyhodnotila 19 st\u00ed\u017enost\u00ed div\u00e1k\u016f a poslucha\u010d\u016f, vydala \u010dty\u0159i upozorn\u011bn\u00ed na poru\u0161en\u00ed z\u00e1kona.<\/p>\n","protected":false},"author":9,"featured_media":0,"comment_status":"open","ping_status":"open","sticky":false,"template":"","format":"standard","meta":{"ngg_post_thumbnail":0,"footnotes":""},"categories":[11],"tags":[],"class_list":["post-14614","post","type-post","status-publish","format-standard","hentry","category-ozvena"],"_links":{"self":[{"href":"https:\/\/www.ladislavjakl.cz\/index.php?rest_route=\/wp\/v2\/posts\/14614","targetHints":{"allow":["GET"]}}],"collection":[{"href":"https:\/\/www.ladislavjakl.cz\/index.php?rest_route=\/wp\/v2\/posts"}],"about":[{"href":"https:\/\/www.ladislavjakl.cz\/index.php?rest_route=\/wp\/v2\/types\/post"}],"author":[{"embeddable":true,"href":"https:\/\/www.ladislavjakl.cz\/index.php?rest_route=\/wp\/v2\/users\/9"}],"replies":[{"embeddable":true,"href":"https:\/\/www.ladislavjakl.cz\/index.php?rest_route=%2Fwp%2Fv2%2Fcomments&post=14614"}],"version-history":[{"count":1,"href":"https:\/\/www.ladislavjakl.cz\/index.php?rest_route=\/wp\/v2\/posts\/14614\/revisions"}],"predecessor-version":[{"id":14615,"href":"https:\/\/www.ladislavjakl.cz\/index.php?rest_route=\/wp\/v2\/posts\/14614\/revisions\/14615"}],"wp:attachment":[{"href":"https:\/\/www.ladislavjakl.cz\/index.php?rest_route=%2Fwp%2Fv2%2Fmedia&parent=14614"}],"wp:term":[{"taxonomy":"category","embeddable":true,"href":"https:\/\/www.ladislavjakl.cz\/index.php?rest_route=%2Fwp%2Fv2%2Fcategories&post=14614"},{"taxonomy":"post_tag","embeddable":true,"href":"https:\/\/www.ladislavjakl.cz\/index.php?rest_route=%2Fwp%2Fv2%2Ftags&post=14614"}],"curies":[{"name":"wp","href":"https:\/\/api.w.org\/{rel}","templated":true}]}}