{"id":14618,"date":"2025-02-20T19:04:00","date_gmt":"2025-02-20T18:04:00","guid":{"rendered":"https:\/\/www.ladislavjakl.cz\/?p=14618"},"modified":"2025-02-20T19:04:00","modified_gmt":"2025-02-20T18:04:00","slug":"jak-v-nasem-parlamentu-objevovali-ameriku","status":"publish","type":"post","link":"https:\/\/www.ladislavjakl.cz\/?p=14618","title":{"rendered":"Jak v na\u0161em parlamentu objevovali Ameriku"},"content":{"rendered":"<p>Sv\u011bt inovuje, investuje, dereguluje, p\u00e1d\u00ed kup\u0159edu. Evropsk\u00e1 unie reguluje, mudruje a stagnuje. Co s&nbsp;t\u00edm? Uspo\u0159\u00e1dat konferenci, kde se bude mudrovat o tom, \u017ee stagnovat u\u017e nechceme.<\/p>\n<p><!--more--><\/p>\n<p>P\u0159edm\u011bty osobn\u00ed spot\u0159eby v\u010detn\u011b potravin \u010di surovin je t\u0159eba konzumovat a u\u017e\u00edvat efektivn\u011b. Lidstvo to v\u00ed u\u017e aspo\u0148 sto tis\u00edc let. Archeologick\u00e9 n\u00e1lezy n\u00e1m poskytuj\u00ed sv\u011bdectv\u00ed o tom, jak se n\u011bkde t\u011b\u017eil t\u0159eba pazourek, z&nbsp;n\u011bj se zhotovovaly n\u00e1stroje, a zbyl\u00fd materi\u00e1l se h\u00e1zel na hromadu. Kdy\u017e ale surovina za\u010dala b\u00fdt m\u00e9n\u011b dostupn\u00e1, lid\u00e9 se vr\u00e1tili k&nbsp;t\u00e9 hromad\u011b a za\u010dali t\u011b\u017eit p\u016fvodn\u00ed odpad. Ne, nezmoud\u0159eli. V&nbsp;obou p\u0159\u00edpadech se chovali efektivn\u011b. Dokud byl materi\u00e1l levn\u00fd a dostupn\u00fd, bylo by jeho zpracov\u00e1v\u00e1n\u00ed do mrt\u011b neefektivn\u00edm pl\u00fdtv\u00e1n\u00edm \u010dasem a lidsk\u00fdmi silami. Kdy\u017e pak ale cena materi\u00e1lu (cena v&nbsp;podob\u011b mno\u017estv\u00ed lidsk\u00e9ho \u00fasil\u00ed na jeho z\u00edsk\u00e1n\u00ed) stoupla, za\u010dala se vypl\u00e1cet pr\u00e1ce na zhodnocen\u00ed v\u010derej\u0161\u00edho zbytkov\u00e9ho materi\u00e1lu.<\/p>\n<p>Chod\u00ed to tak po tis\u00edce let a nikdo to nikdy nemusel nikomu vysv\u011btlovat. Oble\u010den\u00ed se v\u017edy p\u0159e\u0161\u00edvalo, doslou\u017een\u00e9 v\u011bci b\u011b\u017en\u011b za\u010daly plnit n\u00e1hradn\u00ed \u00fa\u010del, co se nesn\u011bdlo, to se zkrmilo nebo zkompostovalo. Lidi nejsou blb\u00ed. Tedy krom\u011b t\u011bch, kte\u0159\u00ed si mysl\u00ed, \u017ee lidi jsou blb\u00ed. Ti vymysl\u00ed ideologii, zavedou podivn\u00e9 novotvary (t\u0159eba cirkul\u00e1rn\u00ed ekonomika) a tv\u00e1\u0159\u00ed se, \u017ee objevili Ameriku. Za pen\u00edze chud\u00e1k\u016f poplatn\u00edk\u016f vymysl\u00ed kampan\u011b, kde se \u010dlov\u011bk dozv\u00ed tak ohromuj\u00edc\u00ed novoty, jako t\u0159eba to, \u017ee pou\u017eiteln\u00e1 v\u011bc se nem\u00e1 hned vyhazovat.<\/p>\n<p>O tom se v&nbsp;Poslaneck\u00e9 sn\u011bmovn\u011b p\u0159ed p\u00e1r dny konala mezin\u00e1rodn\u00ed konference. Po\u0159\u00e1dal ji Evropsk\u00fd soci\u00e1ln\u00ed fond, sama Poslaneck\u00e1 sn\u011bmovna, Hlavn\u00ed m\u011bsto Praha, Potravinov\u00e1 banka a St\u0159edo\u010desk\u00fd kraj, za finan\u010dn\u00ed podpory Evropsk\u00e9 unie v&nbsp;r\u00e1mci projektu Erasmus+ a Partnerstv\u00ed pro spolupr\u00e1ci. Z\u00e1\u0161titu poskytly uv\u011bdom\u011bl\u00e9 poslankyn\u011b V\u011bra Kov\u00e1\u0159ov\u00e1 a Alexandra Ud\u017eenija.<\/p>\n<p>Na internetu najdete kr\u00e1sn\u00e9 fotky \u0159e\u010dn\u00edk\u016f, family foto \u00fa\u010dastn\u00edk\u016f, diskutov\u00e1n\u00ed diskutuj\u00edc\u00edch. V\u0161ichni se shodli na tom, \u017ee pl\u00fdtv\u00e1n\u00ed je d\u016fsledkem nedostatku osv\u011bty. Chce to v\u00edce ve\u0159ejn\u00fdch pen\u011bz na po\u0159\u00e1d\u00e1n\u00ed podobn\u00fdch konferenc\u00ed a na agita\u010dn\u00ed kampan\u011b, kter\u00e9 budou tup\u00fd lid za jeho pen\u00edze vychov\u00e1vat k&nbsp;tomu, aby se choval hospod\u00e1rn\u011b. Ok\u00e1zale si fr\u00e1ze z&nbsp;t\u011bchto kampan\u00ed p\u0159ivlastn\u00ed p\u0159edev\u0161\u00edm snobov\u00e9, kte\u0159\u00ed i po zkompostov\u00e1n\u00ed slupky od ekv\u00e1dorsk\u00e9ho ban\u00e1nu budou m\u00edt nad\u00e1le spot\u0159ebu jako st\u0159edn\u011b velk\u00e1 africk\u00e1 vesnice.<\/p>\n<p>Kampa\u0148 ale nedos\u00e1hne na venkovsk\u00e9 burany, kte\u0159\u00ed si tak nebudou osvojovat v\u00fdchovn\u00e9 programy, nebudou \u010d\u00edst let\u00e1ky a hesla s&nbsp;v\u00fdzvami proti pl\u00fdtv\u00e1n\u00ed. Tihle burani budou nad\u00e1le \u017e\u00edt \u0161etrn\u011b, ale neuv\u011bdom\u011ble a zcela bez nutn\u00e9 ideologick\u00e9 motivace. Budou tak \u017e\u00edt prost\u011b proto, \u017ee na pl\u00fdtv\u00e1n\u00ed nemaj\u00ed a chovat se hospod\u00e1rn\u011b je pro n\u011b p\u0159irozen\u00e9. Ideologov\u00e9 a propagandist\u00e9 pokroku si ale ud\u011blaj\u00ed \u010d\u00e1rku a rozjedou se na dovolen\u00e9 v&nbsp;Alp\u00e1ch a v&nbsp;Thajsku s&nbsp;dobr\u00fdm pocitem, \u017ee se pod\u011blili o sv\u00e9 moudro.<\/p>\n<p>\u00dapln\u011b nejlegra\u010dn\u011bj\u0161\u00ed na on\u00e9 akci byl ale jej\u00ed podtitul. Ten zn\u011bl \u201ePlaneta jako ohro\u017een\u00fd druh\u201c. No, kdy\u017e \u0159eknete, \u017ee sysel je ohro\u017een\u00fd druh, jist\u011b t\u00edm nemysl\u00edte konkr\u00e9tn\u00edho sysla Ferdu, kter\u00e9ho chov\u00e1 soused ve sv\u00e9m zookoutku. Mysl\u00edte t\u00edm sysla jako druh, tedy v\u0161echny sysly. Tak\u017ee jsou ohro\u017eeny v\u0161echny planety? I exoplanety mimo Slune\u010dn\u00ed soustavu? A co s&nbsp;t\u00edm budeme d\u011blat? Chce to je\u0161t\u011b v\u011bt\u0161\u00ed konferenci! Nebo jsou ohro\u017eeny jen planety na\u0161\u00ed Slune\u010dn\u00ed soustavy?<\/p>\n<p>No, to by smysl d\u00e1valo. Zejm\u00e9na pot\u00e9, co Slune\u010dn\u00ed soustava p\u0159ed devaten\u00e1cti lety na kongresu Sv\u011btov\u00e9 astronomick\u00e9 organizace v&nbsp;Praze o jednu planetu p\u0159i\u0161la. Byl to Pluto. (A ne\u0159\u00edkejte mu po\u0159\u00e1d to Pluto, u\u017e dost na tom, \u017ee chud\u00e1k p\u0159estal b\u00fdt planetou. Zedn\u00edk Fero tak\u00e9 nen\u00ed to Fero. Zkuste mu to \u0159\u00edct, a d\u00e1 v\u00e1m do nosu.) V&nbsp;Praze se tehdy astronomov\u00e9 dohodli, \u017ee definici planety zp\u0159esn\u00ed, proto\u017ee jinak by za planety museli prohla\u0161ovat dal\u0161\u00ed a dal\u0161\u00ed transneptunick\u00e1 t\u011blesa.<\/p>\n<p>Takhle to tedy mysleli po\u0159adatel\u00e9 on\u00e9 parlamentn\u00ed konference? Nene, o Plutona jim ne\u0161lo. Oni prost\u011b necht\u011bj\u00ed \u0159\u00edkat to vulg\u00e1rn\u011b materi\u00e1ln\u00ed slovo Zem\u011bkoule. Na\u0161e Zem\u011b. To by nem\u011blo ten spr\u00e1vn\u00fd ideologick\u00fd, ba sp\u00ed\u0161e pseudon\u00e1bo\u017eensk\u00fd \u00e9tos. Nem\u016f\u017eete konkr\u00e9tn\u011b mluvit o pouh\u00e9 ochran\u011b ovzdu\u0161\u00ed, vod \u010di p\u016fdy. To nen\u00ed dost patetick\u00e9. Mus\u00edte mluvit o \u201eplanet\u011b\u201c. Ta pr\u00fd je ohro\u017eena, i kdy\u017e jen n\u011bkolik kilometr\u016f pod jejich povrchem se odehr\u00e1vaj\u00ed d\u011bje, o kter\u00fdch toho moc nev\u00edme, nato\u017e abychom je mohli (pozitivn\u011b \u010di negativn\u011b) ovlivnit. Auto\u0159i sloganu mluv\u00ed o druhu, ale n\u011bjak to v&nbsp;touze po originalit\u011b popletli. Cht\u011bj\u00ed, abychom pod cel\u00fdm t\u00edm \u201edruhem\u201c mysleli jakousi antropomorfizovanou planetu jen jednu, tu na\u0161i.<\/p>\n<p>Nemluv\u00ed o pot\u0159eb\u011b chr\u00e1nit a zlep\u0161ovat \u017eivotn\u00ed podm\u00ednky pro lidi. O odpadech, potoc\u00edch, o krajin\u011b les\u016f, vod a str\u00e1n\u00ed. To smrd\u00ed konkr\u00e9tn\u00ed prac\u00ed. \u0158\u00edkaj\u00ed si: mus\u00edme \u017evanit tak n\u011bjak planet\u00e1rn\u011b. Transcendentn\u011b. Budeme pak vypadat, \u017ee n\u00e1m le\u017e\u00ed na srdci blaho cel\u00e9ho vesm\u00edru. A t\u00edm snadn\u011bji vysosneme zase n\u011bjak\u00e9 pen\u00edze na po\u0159\u00e1d\u00e1n\u00ed dal\u0161\u00edho kola ok\u00e1zal\u00e9ho mudrov\u00e1n\u00ed.<\/p>\n<p><em>Ladislav Jakl, 20. 2. 2025<\/em><\/p>\n<p><a href=\"https:\/\/www.institutvk.cz\/clanky\/3062.html\">Zdroj<\/a><\/p>\n","protected":false},"excerpt":{"rendered":"<p>Sv\u011bt inovuje, investuje, dereguluje, p\u00e1d\u00ed kup\u0159edu. Evropsk\u00e1 unie reguluje, mudruje a stagnuje. Co s&nbsp;t\u00edm? Uspo\u0159\u00e1dat konferenci, kde se bude mudrovat o tom, \u017ee stagnovat u\u017e nechceme.<\/p>\n","protected":false},"author":9,"featured_media":0,"comment_status":"open","ping_status":"open","sticky":false,"template":"","format":"standard","meta":{"ngg_post_thumbnail":0,"footnotes":""},"categories":[1],"tags":[],"class_list":["post-14618","post","type-post","status-publish","format-standard","hentry","category-publikovane-clanky"],"_links":{"self":[{"href":"https:\/\/www.ladislavjakl.cz\/index.php?rest_route=\/wp\/v2\/posts\/14618","targetHints":{"allow":["GET"]}}],"collection":[{"href":"https:\/\/www.ladislavjakl.cz\/index.php?rest_route=\/wp\/v2\/posts"}],"about":[{"href":"https:\/\/www.ladislavjakl.cz\/index.php?rest_route=\/wp\/v2\/types\/post"}],"author":[{"embeddable":true,"href":"https:\/\/www.ladislavjakl.cz\/index.php?rest_route=\/wp\/v2\/users\/9"}],"replies":[{"embeddable":true,"href":"https:\/\/www.ladislavjakl.cz\/index.php?rest_route=%2Fwp%2Fv2%2Fcomments&post=14618"}],"version-history":[{"count":1,"href":"https:\/\/www.ladislavjakl.cz\/index.php?rest_route=\/wp\/v2\/posts\/14618\/revisions"}],"predecessor-version":[{"id":14619,"href":"https:\/\/www.ladislavjakl.cz\/index.php?rest_route=\/wp\/v2\/posts\/14618\/revisions\/14619"}],"wp:attachment":[{"href":"https:\/\/www.ladislavjakl.cz\/index.php?rest_route=%2Fwp%2Fv2%2Fmedia&parent=14618"}],"wp:term":[{"taxonomy":"category","embeddable":true,"href":"https:\/\/www.ladislavjakl.cz\/index.php?rest_route=%2Fwp%2Fv2%2Fcategories&post=14618"},{"taxonomy":"post_tag","embeddable":true,"href":"https:\/\/www.ladislavjakl.cz\/index.php?rest_route=%2Fwp%2Fv2%2Ftags&post=14618"}],"curies":[{"name":"wp","href":"https:\/\/api.w.org\/{rel}","templated":true}]}}