{"id":14624,"date":"2025-02-26T22:38:19","date_gmt":"2025-02-26T21:38:19","guid":{"rendered":"https:\/\/www.ladislavjakl.cz\/?p=14624"},"modified":"2025-02-26T22:38:19","modified_gmt":"2025-02-26T21:38:19","slug":"hele-dedku-nezaclanej","status":"publish","type":"post","link":"https:\/\/www.ladislavjakl.cz\/?p=14624","title":{"rendered":"Hele, d\u011bdku, nezacl\u00e1n\u011bj!"},"content":{"rendered":"<div class=\"opener\">Pro\u010d zrovna nyn\u00ed v\u016fbec ps\u00e1t o st\u00e1\u0159\u00ed a o star\u00fdch lidech? Ps\u00e1t o jejich postaven\u00ed ve spole\u010dnosti, o jejich specifick\u00fdch probl\u00e9mech?<\/div>\n<div>&nbsp;<\/div>\n<p><!--more--><\/p>\n<div id=\"art-text\" class=\"text\">\n<p>Proto\u017ee \u017eijeme v revolu\u010dn\u00edch \u010dasech, a zvl\u00e1\u0161tnost\u00ed v\u0161ech revolu\u010dn\u00edch \u010das\u016f v\u017edy bylo znesamoz\u0159ejm\u011bn\u00ed v\u011bc\u00ed, kter\u00e9 b\u00fdvaj\u00ed v \u010dasech norm\u00e1ln\u00edch samoz\u0159ejm\u00e9.<\/p>\n<p>Pro\u010d ps\u00e1t o svobod\u011b slova? V dob\u011b, kdy ve spole\u010dnosti nes\u00edl\u00ed pocit, \u017ee je ohro\u017eena, to nen\u00ed \u017e\u00e1dn\u00e9 zaj\u00edmav\u00e9 t\u00e9ma. Ale kdy\u017e s\u00edlit za\u010dne\u2026 Pro\u010d ps\u00e1t o ochran\u011b demokratick\u00fdch procedur? V dob\u011b, kdy je nikdo nezpochyb\u0148uje, je to nudn\u00e9 t\u00e9ma. Ale kdy\u017e zpochyb\u0148ovat za\u010dne\u2026 O samoz\u0159ejm\u00fdch v\u011bcech se nep\u00ed\u0161e, nep\u0159edn\u00e1\u0161\u00ed, net\u0159eba za n\u011b bojovat.<\/p>\n<p>A stejn\u00e9 je to se st\u00e1\u0159\u00edm coby t\u00e9matem \u00favah. Pokud na st\u00e1\u0159\u00ed spole\u010dnost hled\u00ed s \u00factou, respektem a n\u011bkdy t\u0159eba i s laskavou shov\u00edvavost\u00ed, nen\u00ed nutno se v r\u00e1mci obecn\u00e9 spole\u010densk\u00e9 debaty st\u00e1\u0159\u00edm n\u011bjak extra zab\u00fdvat. Pokud se ale sou\u010d\u00e1st\u00ed p\u0159evl\u00e1daj\u00edc\u00edho my\u0161lenkov\u00e9ho proudu st\u00e1vaj\u00ed koncepty typu \u201emilosrdn\u00e9 smrti\u201c pro dementn\u00ed seniory, odeb\u00edr\u00e1n\u00ed volebn\u00edho pr\u00e1va od ur\u010dit\u00e9ho v\u011bku, soci\u00e1ln\u00ed devastace d\u016fchodc\u016f, pokuty za p\u0159\u00edli\u0161 vysok\u00fd v\u011bk v podob\u011b extr\u00e9mn\u00edho zdan\u011bn\u00ed d\u011bdictv\u00ed, pak nejen kan\u00e1rk\u016fm v dole za\u010dne blikat kontrolka. Dnes u\u017e nen\u00ed heslem doby \u201ep\u0159emluv b\u00e1bu, p\u0159emluv d\u011bdka\u201c, proto\u017ee na jejich hlasu u\u017e nap\u0159\u00ed\u0161t\u011b nem\u00e1 z\u00e1le\u017eet, tak na co je p\u0159emlouvat.<\/p>\n<p>V Americe (Ji\u017en\u00ed i Severn\u00ed) se pomalu hl\u00e1s\u00ed ke slovu kontrarevoluce, ale jednak nev\u00edme, zda nebude z\u00e1hy udu\u0161ena n\u011bjakou normalizac\u00ed, hlavn\u011b ale nev\u00edme, jak dlouho bude trvat, ne\u017e tahle kontrarevolu\u010dn\u00ed vlna naplno p\u0159elet\u00ed Atlantik a do\u0161plouchne a\u017e k n\u00e1m na Star\u00fd kontinent. Proto budeme je\u0161t\u011b n\u011bjakou dobu muset mluvit o tom, \u017ee n\u00e1\u0161 sv\u011bt za\u017e\u00edv\u00e1 kulturn\u00ed a spole\u010denskou revoluci. A tak\u00e9 politickou a mocenskou. N\u011bkdy pl\u00ed\u017eivou, n\u011bkdy zb\u011bsilou, ale posledn\u00ed asi dv\u011b generace a\u017e dosud trvalou. A sou\u010d\u00e1st\u00ed t\u00e9to revoluce je ofici\u00e1ln\u00ed idea \u201eml\u00e1d\u00ed vp\u0159ed.\u201c<\/p>\n<p>Pr\u00fd se hraje o budoucnost. Ve volb\u00e1ch, ve spole\u010densk\u00e9 debat\u011b, p\u0159i z\u00e1sadn\u00edch rozhodnut\u00edch. A budoucnost p\u0159ece pat\u0159\u00ed mlad\u00fdm. Ti sta\u0159\u00ed u\u017e se j\u00ed stejn\u011b nedo\u017eij\u00ed, tak by do toho mlad\u00fdm nem\u011bli kecat. Maj\u00ed jen bez \u0159e\u010d\u00ed p\u0159edat plody sv\u00e9 \u017eivotn\u00ed pr\u00e1ce a odkr\u00e1\u010det na smeti\u0161t\u011b d\u011bjin. O dan\u00edch maj\u00ed rozhodovat ti, kdo dan\u011b nikdy neplatili, o rodinn\u00e9 politice ti, co \u017e\u00e1dnou rodinu nemaj\u00ed a nikdy se o nikoho nestarali, o infrastruktu\u0159e ti, co nic nevybudovali a jen u\u017e\u00edvaj\u00ed d\u00e1vno vybudovan\u00e9. Kdo nikdy nezap\u00e1lil ohe\u0148 bez sirek a mohl si v\u017edy k zalo\u017een\u00ed nov\u00e9ho vz\u00edt ho\u0159\u00edc\u00ed klacek z ohn\u011b udr\u017eovan\u00e9ho v jeskyni od prad\u00e1vna, ten klidn\u011b ohni\u0161t\u011b rozdupe a uhas\u00ed, proto\u017ee nezn\u00e1 jeho cenu.<\/p>\n<p>Jasn\u011b\u017ee lkan\u00ed nad ml\u00e1de\u017e\u00ed tu bylo nejm\u00e9n\u011b od latinsk\u00e9ho povzdechu \u201eo tempora o mores\u201c. Jasn\u011b\u017ee ka\u017ed\u00e1 generace se na sv\u011bt d\u00edv\u00e1 pod sv\u00fdm specifick\u00fdm \u00fahlem. Jasn\u011b\u017ee zku\u0161enost z pro\u017eitku je do zna\u010dn\u00e9 m\u00edry nep\u0159enosn\u00e1, a tak si ka\u017ed\u00e1 generace mus\u00ed u\u017e\u00edt sv\u00e9ho doteku rozp\u00e1len\u00fdch kamen. Ale jen ve zcela unik\u00e1tn\u00edch dobov\u00fdch situac\u00edch se kult ml\u00e1d\u00ed stal ofici\u00e1ln\u00ed v\u0161udyp\u0159\u00edtomnou mocenskou doktr\u00ednou. A v moment\u011b, kdy chcete prosadit rozchod s lidskou p\u0159irozenost\u00ed a nastolit novou Utopii, v\u00e1s bude setrva\u010dn\u00edk akumulovan\u00e9ho civiliza\u010dn\u00edho n\u00e1nosu nutn\u011b brzdit. Co\u017e b\u00fdv\u00e1 v norm\u00e1ln\u00edch dob\u00e1ch vn\u00edm\u00e1no jako plus, jako u\u017eite\u010dn\u00e1 korekce. Ale norm\u00e1ln\u00ed doby nyn\u00ed nepanuj\u00ed. A tak se suneme do \u010das\u016f ne nepodobn\u00fdch t\u011bm, kdy sedmn\u00e1ctilet\u00ed \u0159\u00eddili velk\u00e1 m\u011bsta a na univerzit\u00e1ch studenti \u00fa\u010dtovali s profesory.<\/p>\n<p>Je p\u0159evelik\u00fd rozd\u00edl mezi t\u011bmito surov\u00fdmi \u010dasy a mezi b\u011b\u017enou opakuj\u00edc\u00ed se revoltou ml\u00e1de\u017ee. Vlastn\u011b to vypad\u00e1 na prvn\u00ed pohled legra\u010dn\u011b. Z mlad\u00fdch bou\u0159liv\u00e1k\u016f, kte\u0159\u00ed nerespektovali nic a nikoho a pohrdali \u0159\u00e1dem, d\u011blali si, co cht\u011bli, se najednou stali rozumbradov\u00e9, co by cht\u011bli kecat dne\u0161n\u00edm mlad\u00fdm do \u017eivota. Ale na druh\u00fd pohled? Tam u\u017e je to docela jin\u00e9. Z\u00e1sadn\u011b. Ano, cht\u011bli jsme si \u017e\u00edt posv\u00e9m, m\u00edt sv\u016fj zp\u016fsob \u017eivota, estetiky, vztah\u016f, priorit, c\u00edl\u016f. Ale nenutili jsme generaci sv\u00fdch rodi\u010d\u016f, aby \u017eila podle n\u00e1s. To by n\u00e1s nikdy nenapadlo. Zato v revolu\u010dn\u00edch \u010dasech, kdy se k\u00e1cej\u00ed pam\u00e1tn\u00edky a sochy a kdy se buduje sv\u011bt podle pl\u00e1n\u016f soci\u00e1ln\u00edch in\u017een\u00fdr\u016f, tam se probuzen\u00e9 pokrokov\u00e9 s\u00edly nespokojuj\u00ed s t\u00edm, \u017ee by si \u017eily posv\u00e9m, ony cht\u011bj\u00ed donutit n\u00e1s, abychom i my \u017eili pojejich.<\/p>\n<p>Tak\u00e9 v\u00e1m lezou na nervy reklamy, kde mlad\u00fd spratek peskuje sv\u00e9ho d\u011bde\u010dka nebo maminku, \u017ee nem\u00e1 j\u00edst maso, m\u00e1 \u0161et\u0159it vodou a p\u0159ejmenovat V\u00e1noce na sv\u00e1tky zimy? Ale to u\u017e je pevn\u00e1 sou\u010d\u00e1st pokrokov\u00e9 propagandy dne\u0161ka. Jako se neobjede reklama na t\u011blov\u00fd kr\u00e9m bez multietnick\u00fdch a genderov\u011b pokrokov\u00fdch figur, tak se neobjede \u017e\u00e1dn\u00fd marketing bez zd\u016frazn\u011bn\u00ed pot\u0159eby p\u0159ekonat star\u00e9 zvyky a sm\u011ble a bez v\u00e1h\u00e1n\u00ed vykro\u010dit k budoucnosti.<\/p>\n<p>Prastar\u00e9 lidsk\u00e9 civilizace p\u0159estaly zab\u00edjet starce a za\u010daly jim projevovat \u00factu teprve tehdy, kdy\u017e poznaly cenu zku\u0161enosti. Veter\u00e1ni bou\u0159liv\u00fdch spole\u010densk\u00fdch proces\u016f minul\u00fdch dek\u00e1d t\u011b\u017eko mohou po\u010d\u00edtat s t\u00edm, \u017ee n\u011bkdo bude dnes objevovat cenu jejich zku\u0161enosti. Na to v dne\u0161n\u00edch revolu\u010dn\u00edch dob\u00e1ch nen\u00ed \u010das.<\/p>\n<p>Musej\u00ed ji v sob\u011b objevit sami. A chr\u00e1nit. Aby byla k dispozici, a\u017e p\u0159ijdou ti, kdo o ni budou m\u00edt z\u00e1jem.<\/p>\n<p>ps\u00e1no pro \u010dasopis TO<\/p>\n<\/div>\n<p>Zdroj:&nbsp;<a href=\"https:\/\/blog.idnes.cz\/jakl\/hele-dedku-nezaclanej.Bg25020757\">https:\/\/blog.idnes.cz\/jakl\/hele-dedku-nezaclanej.Bg25020757<\/a><\/p>\n","protected":false},"excerpt":{"rendered":"<p>Pro\u010d zrovna nyn\u00ed v\u016fbec ps\u00e1t o st\u00e1\u0159\u00ed a o star\u00fdch lidech? Ps\u00e1t o jejich postaven\u00ed ve spole\u010dnosti, o jejich specifick\u00fdch probl\u00e9mech? &nbsp;<\/p>\n","protected":false},"author":9,"featured_media":0,"comment_status":"open","ping_status":"open","sticky":false,"template":"","format":"standard","meta":{"ngg_post_thumbnail":0,"footnotes":""},"categories":[1],"tags":[],"class_list":["post-14624","post","type-post","status-publish","format-standard","hentry","category-publikovane-clanky"],"_links":{"self":[{"href":"https:\/\/www.ladislavjakl.cz\/index.php?rest_route=\/wp\/v2\/posts\/14624","targetHints":{"allow":["GET"]}}],"collection":[{"href":"https:\/\/www.ladislavjakl.cz\/index.php?rest_route=\/wp\/v2\/posts"}],"about":[{"href":"https:\/\/www.ladislavjakl.cz\/index.php?rest_route=\/wp\/v2\/types\/post"}],"author":[{"embeddable":true,"href":"https:\/\/www.ladislavjakl.cz\/index.php?rest_route=\/wp\/v2\/users\/9"}],"replies":[{"embeddable":true,"href":"https:\/\/www.ladislavjakl.cz\/index.php?rest_route=%2Fwp%2Fv2%2Fcomments&post=14624"}],"version-history":[{"count":1,"href":"https:\/\/www.ladislavjakl.cz\/index.php?rest_route=\/wp\/v2\/posts\/14624\/revisions"}],"predecessor-version":[{"id":14625,"href":"https:\/\/www.ladislavjakl.cz\/index.php?rest_route=\/wp\/v2\/posts\/14624\/revisions\/14625"}],"wp:attachment":[{"href":"https:\/\/www.ladislavjakl.cz\/index.php?rest_route=%2Fwp%2Fv2%2Fmedia&parent=14624"}],"wp:term":[{"taxonomy":"category","embeddable":true,"href":"https:\/\/www.ladislavjakl.cz\/index.php?rest_route=%2Fwp%2Fv2%2Fcategories&post=14624"},{"taxonomy":"post_tag","embeddable":true,"href":"https:\/\/www.ladislavjakl.cz\/index.php?rest_route=%2Fwp%2Fv2%2Ftags&post=14624"}],"curies":[{"name":"wp","href":"https:\/\/api.w.org\/{rel}","templated":true}]}}