{"id":14626,"date":"2025-02-28T13:46:23","date_gmt":"2025-02-28T12:46:23","guid":{"rendered":"https:\/\/www.ladislavjakl.cz\/?p=14626"},"modified":"2025-02-28T13:46:23","modified_gmt":"2025-02-28T12:46:23","slug":"ladislav-jakl-nekonvencni-postava-ceske-politiky-a-publicistiky-rytir-svobody-slova","status":"publish","type":"post","link":"https:\/\/www.ladislavjakl.cz\/?p=14626","title":{"rendered":"Ladislav Jakl: Nekonven\u010dn\u00ed postava \u010desk\u00e9 politiky a publicistiky. Ryt\u00ed\u0159 svobody slova"},"content":{"rendered":"<p>Ladislav Jakl: Nekonven\u010dn\u00ed postava \u010desk\u00e9 politiky a publicistiky<\/p>\n<p>Ladislav Jakl, rod\u00e1k z&nbsp;Chebu (nikoliv z&nbsp;Prahy, jak se asi domn\u00edv\u00e1te) pat\u0159\u00ed mezi osobnosti, kter\u00e9 vzbuzuj\u00ed emoce a&nbsp;vyvol\u00e1vaj\u00ed diskuse.<\/p>\n<p><!--more--><\/p>\n<div class=\"f_bC speakable\" data-dot=\"mol-paragraph\">\n<p class=\"e_bC\"><span class=\"atm-text-decorator\">Dlouholet\u00fd spolupracovn\u00edk prezidenta V\u00e1clava Klause, novin\u00e1\u0159, hudebn\u00edk a&nbsp;zast\u00e1nce euroskeptick\u00fdch a&nbsp;konzervativn\u00edch postoj\u016f se v&nbsp;\u010desk\u00e9m ve\u0159ejn\u00e9m prostoru pohybuje ji\u017e n\u011bkolik desetilet\u00ed. Jeho profesn\u00ed dr\u00e1ha je pestr\u00e1 a&nbsp;odr\u00e1\u017e\u00ed jeho nekompromisn\u00ed pohledy na politiku i&nbsp;spole\u010dnost.<\/span><\/p>\n<\/div>\n<h3 class=\"e_m e_bm f_m mol-h3 speakable\">Novin\u00e1\u0159 a&nbsp;publicista<\/h3>\n<div class=\"f_bC speakable\" data-dot=\"mol-paragraph\">\n<p class=\"e_bC\"><span class=\"atm-text-decorator\">Jakl za\u010d\u00ednal jako novin\u00e1\u0159, p\u0159isp\u00edval do r\u016fzn\u00fdch m\u00e9di\u00ed a v 90. letech byl zn\u00e1m sv\u00fdmi ostr\u00fdmi koment\u00e1\u0159i.<\/span><\/p>\n<\/div>\n<div class=\"f_bC speakable\" data-dot=\"mol-paragraph\">\n<p class=\"e_bC\"><span class=\"atm-text-decorator\">P\u016fsobil nap\u0159\u00edklad v&nbsp;<span class=\"e_ag\">Lidov\u00fdch novin\u00e1ch<\/span>&nbsp;a&nbsp;stal se vyhled\u00e1van\u00fdm publicistou, kter\u00fd se neb\u00e1l konfrontace s&nbsp;mainstreamov\u00fdmi n\u00e1zory.<\/span><\/p>\n<\/div>\n<div class=\"f_bC speakable\" data-dot=\"mol-paragraph\">\n<p class=\"e_bC\"><span class=\"atm-text-decorator\">Jeho \u010dl\u00e1nky se \u010dasto dot\u00fdkaj\u00ed t\u00e9mat svobody slova, n\u00e1rodn\u00ed suverenity a&nbsp;kritiky politick\u00e9 korektnosti.<\/span><\/p>\n<\/div>\n<div class=\"f_bC speakable\" data-dot=\"mol-paragraph\">\n<p class=\"e_bC\"><span class=\"atm-text-decorator\">Dodejme, \u017ee ve v\u00fd\u0161e citovan\u00fdch LN (kter\u00e9 \u017eel v&nbsp;pap\u00edrov\u00e9 podob\u011b zanikly v&nbsp;z\u00e1\u0159\u00ed 2024, a&nbsp;nyn\u00ed vych\u00e1zej\u00ed jen elektronicky) Jakl v&nbsp;letech 1994&nbsp;\u2013 1997&nbsp;byl vedouc\u00edm zpravodajstv\u00ed.<\/span><\/p>\n<\/div>\n<div class=\"f_bC speakable\" data-dot=\"mol-paragraph\">\n<p class=\"e_bC\"><span class=\"atm-text-decorator\">D\u016fv\u011brn\u011b je zn\u00e1m i \u010dten\u00e1\u0159\u016fm m\u00e9ho obl\u00edben\u00e9ho webu Neviditeln\u00fd pes. NP m\u00e1 t\u00e9\u017e bl\u00edzko ke st\u00e1ji LN, ostan\u011b maj\u00ed i spole\u010dnou internetovou dom\u00e9nu.<\/span><\/p>\n<\/div>\n<h3 class=\"e_m e_bm f_m mol-h3 speakable\">Poradce V\u00e1clava Klause<\/h3>\n<div class=\"f_bC speakable\" data-dot=\"mol-paragraph\">\n<p class=\"e_bC\"><span class=\"atm-text-decorator\">V\u00fdznamnou \u010d\u00e1st sv\u00e9 kari\u00e9ry str\u00e1vil v&nbsp;bl\u00edzkosti&nbsp;<span class=\"e_ag\">V\u00e1clava Klause<\/span>, nejprve jako jeho poradce a&nbsp;pot\u00e9 jako tajemn\u00edk prezidenta. V&nbsp;t\u00e9to roli m\u011bl vliv na formulov\u00e1n\u00ed politiky tehdej\u0161\u00edho Hradu a&nbsp;aktivn\u011b prosazoval euroskeptick\u00e9 a&nbsp;konzervativn\u00ed postoje, kter\u00e9 s&nbsp;Klausem sd\u00edlel.<\/span><\/p>\n<\/div>\n<div class=\"f_bC speakable\" data-dot=\"mol-paragraph\">\n<p class=\"e_bC\"><span class=\"atm-text-decorator\">Po Klausov\u011b odchodu z&nbsp;funkce nad\u00e1le p\u016fsobil v&nbsp;<span class=\"e_ag\">Institutu V\u00e1clava Klause<\/span>, kde se pod\u00edl\u00ed na \u0161\u00ed\u0159en\u00ed jeho my\u0161lenek.<\/span><\/p>\n<\/div>\n<h3 class=\"e_m e_bm f_m mol-h3 speakable\">Politick\u00e9 aktivity a&nbsp;kandidatury<\/h3>\n<div class=\"f_bC speakable\" data-dot=\"mol-paragraph\">\n<p class=\"e_bC\"><span class=\"atm-text-decorator\">V roce 2019&nbsp;kandidoval za&nbsp;<span class=\"e_ag\">Stranu p\u0159\u00edm\u00e9 demokracie Tomia Okamury (SPD)<\/span>&nbsp;do Evropsk\u00e9ho parlamentu, co\u017e bylo logick\u00fdm vy\u00fast\u011bn\u00edm jeho dlouhodob\u00e9ho odporu v\u016f\u010di evropsk\u00e9 integraci. P\u0159esto\u017ee ve volb\u00e1ch neusp\u011bl, z\u016fst\u00e1v\u00e1 v\u00fdznamnou tv\u00e1\u0159\u00ed \u010desk\u00e9ho euroskepticismu a&nbsp;\u010dasto se vyjad\u0159uje k&nbsp;aktu\u00e1ln\u00edm politick\u00fdm t\u00e9mat\u016fm.<\/span><\/p>\n<\/div>\n<div class=\"f_bC speakable\" data-dot=\"mol-paragraph\">\n<p class=\"e_bC\"><span class=\"atm-text-decorator\">Pozor, pan Jakl nikdy nebyl \u010dlenem \u017e\u00e1dn\u00e9 politick\u00e9 strany, dokonce ani SPD nebo Trikolory.<\/span><\/p>\n<\/div>\n<h3 class=\"e_m e_bm f_m mol-h3 speakable\">Hudebn\u00ed kari\u00e9ra<\/h3>\n<div class=\"f_bC speakable\" data-dot=\"mol-paragraph\">\n<p class=\"e_bC\"><span class=\"atm-text-decorator\">M\u00e1lokdo v\u00ed, \u017ee Ladislav Jakl nen\u00ed jen politik a&nbsp;publicista, ale tak\u00e9 zku\u0161en\u00fd&nbsp;<span class=\"e_ag\">hudebn\u00edk<\/span>.<\/span><\/p>\n<\/div>\n<div class=\"f_bC speakable\" data-dot=\"mol-paragraph\">\n<p class=\"e_bC\"><span class=\"atm-text-decorator\">Hraje na kytaru a&nbsp;je aktivn\u00ed v&nbsp;rockov\u00e9 kapele (dlouh\u00e1 l\u00e9ta byl mj. kapeln\u00edkem rockov\u00e9 skupiny Folimanka Blues), co\u017e podtrhuje jeho nekonven\u010dn\u00ed povahu.<\/span><\/p>\n<\/div>\n<div class=\"f_bC speakable\" data-dot=\"mol-paragraph\">\n<p class=\"e_bC\"><span class=\"atm-text-decorator\">Hudba pro n\u011bj nen\u00ed jen kon\u00ed\u010dek, ale i&nbsp;prost\u0159edek k&nbsp;vyj\u00e1d\u0159en\u00ed jeho zna\u010dn\u011b osobit\u00fdch postoj\u016f.<\/span><\/p>\n<\/div>\n<div class=\"f_bC speakable\" data-dot=\"mol-paragraph\">\n<p class=\"e_bC\"><span class=\"atm-text-decorator\">Uk\u00e1zka z&nbsp;tvorby zde: https:\/\/www.youtube.com\/watch?v=WJrSiaitccw<\/span><\/p>\n<\/div>\n<h3 class=\"e_m e_bm f_m mol-h3 speakable\">Ostr\u00fd kritik sou\u010dasn\u00e9ho v\u00fdvoje<\/h3>\n<div class=\"f_bC speakable\" data-dot=\"mol-paragraph\">\n<p class=\"e_bC\"><span class=\"atm-text-decorator\">Jakl se nikdy neb\u00e1l j\u00edt proti proudu a&nbsp;i dnes pat\u0159\u00ed mezi hlasit\u00e9 kritiky liber\u00e1ln\u00ed politiky, Evropsk\u00e9 unie, Green Dealu a&nbsp;progresivn\u00edch ideologi\u00ed.<\/span><\/p>\n<\/div>\n<div class=\"f_bC speakable\" data-dot=\"mol-paragraph\">\n<p class=\"e_bC\"><span class=\"atm-text-decorator\">Jeho n\u00e1zory se pohybuj\u00ed na hran\u011b politick\u00e9 korektnosti, co\u017e mu p\u0159in\u00e1\u0161\u00ed jak podporu, tak leckdy i ostrou kritiku.<\/span><\/p>\n<\/div>\n<h3 class=\"e_m e_bm f_m mol-h3 speakable\">Z\u00e1v\u011br<\/h3>\n<div class=\"f_bC speakable\" data-dot=\"mol-paragraph\">\n<p class=\"e_bC\"><span class=\"atm-text-decorator\">Ladislav Jakl je osobnost, kter\u00e1 \u010deskou spole\u010dnost rozd\u011bluje. Pro jedny je inspirativn\u00edm bojovn\u00edkem za svobodu slova a&nbsp;n\u00e1rodn\u00ed suverenitu, pro druh\u00e9 symbolem kontroverzn\u00edho konzervatismu.<\/span><\/p>\n<\/div>\n<div class=\"f_bC speakable\" data-dot=\"mol-paragraph\">\n<p class=\"e_bC\"><span class=\"atm-text-decorator\">A\u0165 u\u017e ho vn\u00edm\u00e1me jakkoli, nelze mu up\u0159\u00edt konzistentn\u00ed postoje a&nbsp;ochotu j\u00edt proti hlavn\u00edmu proudu&nbsp;\u2013 co\u017e je v&nbsp;dne\u0161n\u00ed dob\u011b st\u00e1le vz\u00e1cn\u011bj\u0161\u00ed vlastnost.<\/span><\/p>\n<p><a href=\"https:\/\/medium.seznam.cz\/clanek\/legendarni-medved-ladislav-jakl-nekonvencni-postava-ceske-politiky-a-publicistiky-rytir-svobody-slova-125201\">Zdroj<\/a><\/p>\n<\/div>\n<p>&nbsp;<\/p>\n","protected":false},"excerpt":{"rendered":"<p>Ladislav Jakl: Nekonven\u010dn\u00ed postava \u010desk\u00e9 politiky a publicistiky Ladislav Jakl, rod\u00e1k z&nbsp;Chebu (nikoliv z&nbsp;Prahy, jak se asi domn\u00edv\u00e1te) pat\u0159\u00ed mezi osobnosti, kter\u00e9 vzbuzuj\u00ed emoce a&nbsp;vyvol\u00e1vaj\u00ed diskuse.<\/p>\n","protected":false},"author":9,"featured_media":0,"comment_status":"open","ping_status":"open","sticky":false,"template":"","format":"standard","meta":{"ngg_post_thumbnail":0,"footnotes":""},"categories":[11],"tags":[],"class_list":["post-14626","post","type-post","status-publish","format-standard","hentry","category-ozvena"],"_links":{"self":[{"href":"https:\/\/www.ladislavjakl.cz\/index.php?rest_route=\/wp\/v2\/posts\/14626","targetHints":{"allow":["GET"]}}],"collection":[{"href":"https:\/\/www.ladislavjakl.cz\/index.php?rest_route=\/wp\/v2\/posts"}],"about":[{"href":"https:\/\/www.ladislavjakl.cz\/index.php?rest_route=\/wp\/v2\/types\/post"}],"author":[{"embeddable":true,"href":"https:\/\/www.ladislavjakl.cz\/index.php?rest_route=\/wp\/v2\/users\/9"}],"replies":[{"embeddable":true,"href":"https:\/\/www.ladislavjakl.cz\/index.php?rest_route=%2Fwp%2Fv2%2Fcomments&post=14626"}],"version-history":[{"count":1,"href":"https:\/\/www.ladislavjakl.cz\/index.php?rest_route=\/wp\/v2\/posts\/14626\/revisions"}],"predecessor-version":[{"id":14627,"href":"https:\/\/www.ladislavjakl.cz\/index.php?rest_route=\/wp\/v2\/posts\/14626\/revisions\/14627"}],"wp:attachment":[{"href":"https:\/\/www.ladislavjakl.cz\/index.php?rest_route=%2Fwp%2Fv2%2Fmedia&parent=14626"}],"wp:term":[{"taxonomy":"category","embeddable":true,"href":"https:\/\/www.ladislavjakl.cz\/index.php?rest_route=%2Fwp%2Fv2%2Fcategories&post=14626"},{"taxonomy":"post_tag","embeddable":true,"href":"https:\/\/www.ladislavjakl.cz\/index.php?rest_route=%2Fwp%2Fv2%2Ftags&post=14626"}],"curies":[{"name":"wp","href":"https:\/\/api.w.org\/{rel}","templated":true}]}}