{"id":14632,"date":"2025-03-06T18:03:44","date_gmt":"2025-03-06T17:03:44","guid":{"rendered":"https:\/\/www.ladislavjakl.cz\/?p=14632"},"modified":"2025-03-06T18:03:44","modified_gmt":"2025-03-06T17:03:44","slug":"vlada-konci-tak-zrychluje","status":"publish","type":"post","link":"https:\/\/www.ladislavjakl.cz\/?p=14632","title":{"rendered":"Vl\u00e1da kon\u010d\u00ed, tak zrychluje"},"content":{"rendered":"<p>Za zhruba 200 dn\u016f u n\u00e1s prob\u011bhnou volby do Poslaneck\u00e9 sn\u011bmovny. Nikdo dnes nem\u016f\u017ee v\u011bd\u011bt, jak konkr\u00e9tn\u011b dopadnou, ale podle v\u0161eho p\u0159inesou v\u00fdznamn\u00e9 mocensk\u00e9 zm\u011bny. Podle jednoho z&nbsp;posledn\u00edch pr\u016fzkum\u016f ve\u0159ejn\u00e9ho m\u00edn\u011bn\u00ed by s\u00edly dne\u0161n\u00ed vl\u00e1dn\u00ed koalice z\u00edskaly ne 105 mand\u00e1t\u016f, jako maj\u00ed dnes, ale jen 68. To by byla zm\u011bna od podlahy.<\/p>\n<p><!--more--><\/p>\n<p>Je ale velmi pravd\u011bpodobn\u00e9, \u017ee nov\u00e1 vl\u00e1da nebude sestavena v&nbsp;\u0159\u00e1du dn\u016f po volb\u00e1ch, sp\u00ed\u0161e budeme r\u00e1di, kdy\u017e vznikne tak do V\u00e1noc. Jedn\u00e1n\u00ed o slo\u017een\u00ed veden\u00ed Poslaneck\u00e9 sn\u011bmovny (bez jeho\u017e sestaven\u00ed bude dosavadn\u00ed kabinet vl\u00e1dnout bez jak\u00e9hokoli omezen\u00ed a po n\u011bm pak v&nbsp;demisi a\u017e do jmenov\u00e1n\u00ed vl\u00e1dy nov\u00e9) a n\u00e1sledn\u011b vyjedn\u00e1v\u00e1n\u00ed potenci\u00e1ln\u00edch koali\u010dn\u00edch partner\u016f nep\u016fjdou zrovna hladce.<\/p>\n<p>Sou\u010dasn\u00e1 vl\u00e1da tak povl\u00e1dne ur\u010dit\u011b o dost d\u00e9le ne\u017e on\u011bch asi 200 dn\u016f. A v\u011bt\u0161\u00ed \u010d\u00e1st t\u00e9 doby se bude op\u00edrat o v\u00e1lcovac\u00ed v\u011bt\u0161inu v&nbsp;Poslaneck\u00e9 sn\u011bmovn\u011b. Pozornost ve\u0159ejnosti je u\u017e nyn\u00ed nap\u0159ena sm\u011brem k&nbsp;volb\u00e1m a ke spekulac\u00edm, co p\u0159ijde po nich. V&nbsp;t\u00e9hle v\u0159av\u011b v\u0161ak m\u016f\u017ee zaniknout, jak\u00e1 rozhodnut\u00ed se odehraj\u00ed do t\u00e9 doby. Rozhodnut\u00ed, jejich c\u00edlem bude zabetonovat sou\u010dasn\u00e9 pom\u011bry a u\u010dinit mnoh\u00e9 jejich parametry nezvratn\u00fdmi nebo zvratn\u00fdmi jen obt\u00ed\u017en\u011b.<\/p>\n<p>Byli jsme toho sv\u011bdky i v&nbsp;jin\u00fdch zem\u00edch. Hore\u010dn\u00e9 zm\u011bny na posledn\u00ed chv\u00edli v&nbsp;polsk\u00e9 justici, kter\u00e9 provedla tehdy kon\u010d\u00edc\u00ed prvn\u00ed Tuskova vl\u00e1da, vyvol\u00e1vaj\u00ed \u00fastavn\u00ed a politick\u00e9 pnut\u00ed u severn\u00edch soused\u016f je\u0161t\u011b dnes. Byli jsme sv\u011bdky i hore\u010dn\u00e9ho rozhazov\u00e1n\u00ed miliard dolar\u016f ideov\u00fdm spojenc\u016fm odch\u00e1zej\u00edc\u00ed Bidenovou vl\u00e1dou v&nbsp;USA.<\/p>\n<p>A u n\u00e1s? Na posledn\u00ed chv\u00edli se nahonem zvy\u0161uj\u00ed poplatky pro financov\u00e1n\u00ed st\u00e1tn\u00ed televize a rozhlasu, schvaluj\u00ed se smlouvy, kter\u00e9 se stanou sou\u010d\u00e1st\u00ed na\u0161eho \u00fastavn\u00edho po\u0159\u00e1dku, z\u0159izuj\u00ed se nov\u00e9 \u00fa\u0159ady a agendy, vyd\u00e1vaj\u00ed se z\u00e1sadn\u00ed rozhodnut\u00ed o investic\u00edch, stvrzuj\u00ed se z\u00e1vazky v\u016f\u010di ciz\u00edm mocem o tom, kolik pen\u011bz a na jak\u00fd \u00fa\u010del mus\u00ed vynalo\u017eit p\u0159\u00ed\u0161t\u00ed st\u00e1tn\u00ed rozpo\u010det, p\u0159ib\u00fdv\u00e1 mandatorn\u00edch a kvazimandatorn\u00edch v\u00fddaj\u016f v&nbsp;podob\u011b vymahateln\u00fdch n\u00e1rok\u016f, indexovan\u00fdch p\u0159\u00edjm\u016f a fixovan\u00fdch mechanism\u016f p\u0159erozd\u011blov\u00e1n\u00ed.<\/p>\n<p>T\u00edm sou\u010dasn\u00e1 moc zu\u017euje prostor pro jakoukoli vl\u00e1du budouc\u00ed a z&nbsp;budouc\u00ed vl\u00e1dy d\u011bl\u00e1 jen administr\u00e1tora a spr\u00e1vce ve\u0159ejn\u00fdch struktur, jejich\u017e parametry budou nastaveny \u201ena v\u011b\u010dn\u00e9 \u010dasy\u201c. Od odch\u00e1zej\u00edc\u00ed garnitury, kter\u00e1 to m\u00e1 spo\u010d\u00edtan\u00e9, necht\u011bjte \u017e\u00e1dnou zdr\u017eenlivost. Po nich potopa. Je\u0161t\u011b ve dve\u0159\u00edch sv\u00e9 pracovny budou p\u0159i zhas\u00edn\u00e1n\u00ed sv\u011btla rozd\u00e1vat posledn\u00ed instrukce, kter\u00e9 budou znamenat p\u0159ek\u00e1\u017eky pro kohokoli, kdo se bude sna\u017eit s&nbsp;na\u0161\u00ed stagnuj\u00edc\u00ed republikou n\u011bco ud\u011blat. Co\u017e m\u016f\u017ee dopadnout i tak, \u017ee n\u00e1m po p\u0159\u00ed\u0161t\u00edch volb\u00e1ch budou vl\u00e1dnout alibist\u00e9, kter\u00e9 budou na\u0159\u00edkat, jak maj\u00ed sv\u00e1zan\u00e9 ruce kv\u016fli zd\u011bd\u011bn\u00fdm pravidl\u016fm, kter\u00e9 t\u00e9m\u011b\u0159 nelze zm\u011bnit.<\/p>\n<p>Chystejme se na volby. Nen\u00ed v\u016fbec jedno, jak dopadnou. Ale pozorn\u011b si v\u0161\u00edmejme, co se bude d\u00edt je\u0161t\u011b do nich a do ustaven\u00ed nov\u00e9 vl\u00e1dy. V&nbsp;krav\u00e1lu p\u0159edvolebn\u00ed kampan\u011b by kon\u010d\u00edc\u00ed byrokrat\u00e9 mohli je\u0161t\u011b leccos pok\u0159ivit, pokud si na n\u011b dostate\u010dn\u011b neposv\u00edt\u00edme.<\/p>\n<p><em>Ladislav Jakl, 6. 3. 2025<\/em><\/p>\n<p><a href=\"https:\/\/www.institutvk.cz\/clanky\/3074.html\">Zdroj<\/a><\/p>\n","protected":false},"excerpt":{"rendered":"<p>Za zhruba 200 dn\u016f u n\u00e1s prob\u011bhnou volby do Poslaneck\u00e9 sn\u011bmovny. Nikdo dnes nem\u016f\u017ee v\u011bd\u011bt, jak konkr\u00e9tn\u011b dopadnou, ale podle v\u0161eho p\u0159inesou v\u00fdznamn\u00e9 mocensk\u00e9 zm\u011bny. Podle jednoho z&nbsp;posledn\u00edch pr\u016fzkum\u016f ve\u0159ejn\u00e9ho m\u00edn\u011bn\u00ed by s\u00edly dne\u0161n\u00ed vl\u00e1dn\u00ed koalice z\u00edskaly ne 105 mand\u00e1t\u016f, jako maj\u00ed dnes, ale jen 68. To by byla zm\u011bna od podlahy.<\/p>\n","protected":false},"author":9,"featured_media":0,"comment_status":"open","ping_status":"open","sticky":false,"template":"","format":"standard","meta":{"ngg_post_thumbnail":0,"footnotes":""},"categories":[1],"tags":[],"class_list":["post-14632","post","type-post","status-publish","format-standard","hentry","category-publikovane-clanky"],"_links":{"self":[{"href":"https:\/\/www.ladislavjakl.cz\/index.php?rest_route=\/wp\/v2\/posts\/14632","targetHints":{"allow":["GET"]}}],"collection":[{"href":"https:\/\/www.ladislavjakl.cz\/index.php?rest_route=\/wp\/v2\/posts"}],"about":[{"href":"https:\/\/www.ladislavjakl.cz\/index.php?rest_route=\/wp\/v2\/types\/post"}],"author":[{"embeddable":true,"href":"https:\/\/www.ladislavjakl.cz\/index.php?rest_route=\/wp\/v2\/users\/9"}],"replies":[{"embeddable":true,"href":"https:\/\/www.ladislavjakl.cz\/index.php?rest_route=%2Fwp%2Fv2%2Fcomments&post=14632"}],"version-history":[{"count":1,"href":"https:\/\/www.ladislavjakl.cz\/index.php?rest_route=\/wp\/v2\/posts\/14632\/revisions"}],"predecessor-version":[{"id":14633,"href":"https:\/\/www.ladislavjakl.cz\/index.php?rest_route=\/wp\/v2\/posts\/14632\/revisions\/14633"}],"wp:attachment":[{"href":"https:\/\/www.ladislavjakl.cz\/index.php?rest_route=%2Fwp%2Fv2%2Fmedia&parent=14632"}],"wp:term":[{"taxonomy":"category","embeddable":true,"href":"https:\/\/www.ladislavjakl.cz\/index.php?rest_route=%2Fwp%2Fv2%2Fcategories&post=14632"},{"taxonomy":"post_tag","embeddable":true,"href":"https:\/\/www.ladislavjakl.cz\/index.php?rest_route=%2Fwp%2Fv2%2Ftags&post=14632"}],"curies":[{"name":"wp","href":"https:\/\/api.w.org\/{rel}","templated":true}]}}