{"id":14638,"date":"2025-03-12T15:51:48","date_gmt":"2025-03-12T14:51:48","guid":{"rendered":"https:\/\/www.ladislavjakl.cz\/?p=14638"},"modified":"2025-03-12T15:51:48","modified_gmt":"2025-03-12T14:51:48","slug":"ladislav-jakl-na-seminari-ivk-o-skutecne-agende-trumpovy-vlady-nam-media-nerikaji-nic-vystaci-si-jen-s-anekdotami","status":"publish","type":"post","link":"https:\/\/www.ladislavjakl.cz\/?p=14638","title":{"rendered":"Ladislav Jakl na semin\u00e1\u0159i IVK: O skute\u010dn\u00e9 agend\u011b Trumpovy vl\u00e1dy n\u00e1m m\u00e9dia ne\u0159\u00edkaj\u00ed nic, vysta\u010d\u00ed si jen s anekdotami"},"content":{"rendered":"<p><iframe loading=\"lazy\" title=\"Prvn\u00edch \u0161est t\u00fddn\u016f Donalda Trumpa | Semin\u00e1\u0159 IVK | V. Klaus, J. Weigl, I. Strej\u010dek, L. Jakl\" width=\"500\" height=\"281\" src=\"https:\/\/www.youtube.com\/embed\/5G-Ay3mLEp8?list=UU2zMEL_UyuFOb4Os3jAERvQ\" frameborder=\"0\" allow=\"accelerometer; autoplay; clipboard-write; encrypted-media; gyroscope; picture-in-picture; web-share\" referrerpolicy=\"strict-origin-when-cross-origin\" allowfullscreen><\/iframe><\/p>\n","protected":false},"excerpt":{"rendered":"","protected":false},"author":9,"featured_media":0,"comment_status":"open","ping_status":"open","sticky":false,"template":"","format":"standard","meta":{"ngg_post_thumbnail":0,"footnotes":""},"categories":[12],"tags":[],"class_list":["post-14638","post","type-post","status-publish","format-standard","hentry","category-video"],"_links":{"self":[{"href":"https:\/\/www.ladislavjakl.cz\/index.php?rest_route=\/wp\/v2\/posts\/14638","targetHints":{"allow":["GET"]}}],"collection":[{"href":"https:\/\/www.ladislavjakl.cz\/index.php?rest_route=\/wp\/v2\/posts"}],"about":[{"href":"https:\/\/www.ladislavjakl.cz\/index.php?rest_route=\/wp\/v2\/types\/post"}],"author":[{"embeddable":true,"href":"https:\/\/www.ladislavjakl.cz\/index.php?rest_route=\/wp\/v2\/users\/9"}],"replies":[{"embeddable":true,"href":"https:\/\/www.ladislavjakl.cz\/index.php?rest_route=%2Fwp%2Fv2%2Fcomments&post=14638"}],"version-history":[{"count":1,"href":"https:\/\/www.ladislavjakl.cz\/index.php?rest_route=\/wp\/v2\/posts\/14638\/revisions"}],"predecessor-version":[{"id":14639,"href":"https:\/\/www.ladislavjakl.cz\/index.php?rest_route=\/wp\/v2\/posts\/14638\/revisions\/14639"}],"wp:attachment":[{"href":"https:\/\/www.ladislavjakl.cz\/index.php?rest_route=%2Fwp%2Fv2%2Fmedia&parent=14638"}],"wp:term":[{"taxonomy":"category","embeddable":true,"href":"https:\/\/www.ladislavjakl.cz\/index.php?rest_route=%2Fwp%2Fv2%2Fcategories&post=14638"},{"taxonomy":"post_tag","embeddable":true,"href":"https:\/\/www.ladislavjakl.cz\/index.php?rest_route=%2Fwp%2Fv2%2Ftags&post=14638"}],"curies":[{"name":"wp","href":"https:\/\/api.w.org\/{rel}","templated":true}]}}