{"id":14645,"date":"2025-03-14T22:20:57","date_gmt":"2025-03-14T21:20:57","guid":{"rendered":"https:\/\/www.ladislavjakl.cz\/?p=14645"},"modified":"2025-03-14T22:20:57","modified_gmt":"2025-03-14T21:20:57","slug":"kladivo-na-sproste-podezrele","status":"publish","type":"post","link":"https:\/\/www.ladislavjakl.cz\/?p=14645","title":{"rendered":"Kladivo na sprost\u00e9 podez\u0159el\u00e9"},"content":{"rendered":"<p>Zlo\u010dinci to u n\u00e1s maj\u00ed jednoduch\u00e9. Ke sv\u00fdm rejd\u016fm zneu\u017e\u00edvaj\u00ed byrokratick\u00e9 hou\u0161tiny, v nich\u017e je pro mu\u017ee a \u017eeny z\u00e1kona slo\u017eit\u00e9 pachatele dopadnout a usv\u011bd\u010dit.<br \/>\n<!--more--><\/p>\n<p>Vezm\u011bme si t\u0159eba \u0161ikanu s nutnost\u00ed sehnat si soudn\u00ed p\u0159\u00edkaz pro vstup do soukrom\u00ed. Takov\u00fd zlo\u010dinec m\u016f\u017ee m\u00edt doma hromady kontrabandu \u010di jin\u00fdch usv\u011bd\u010duj\u00edc\u00edch d\u016fkaz\u016f, ale ne\u017e se k nim vy\u0161et\u0159ovatel dostane, pachatel\u00e9 maj\u00ed dostatek \u010dasu k zahlazen\u00ed stop.<\/p>\n<p>Bylo by proto z\u00e1sadn\u00edm krokem vp\u0159ed, pokud by policie a tajn\u00e9 slu\u017eby m\u011bly k dispozici kl\u00ed\u010de od ka\u017ed\u00e9ho soukrom\u00e9ho p\u0159\u00edbytku. Pak by mohli kdykoli kontrolovat, jestli si lid\u00e9 doma nep\u0159echov\u00e1vaj\u00ed n\u011bjak\u00e9 materi\u00e1ly souvisej\u00edc\u00ed s trestnou \u010dinnost\u00ed. Kdo nic neprovedl, tomu to p\u0159ece nem\u016f\u017ee vadit. Policist\u00e9 by si v klidu odemkli, provedli by nen\u00e1padnou domovn\u00ed prohl\u00eddku, maxim\u00e1ln\u011b by si ud\u011blali kafe \u010di zd\u0159\u00edmli na kanapi, aby nabrali sil do dal\u0161\u00ed zodpov\u011bdn\u00e9 pr\u00e1ce. Nikoho z poctivc\u016f by neubylo. T\u0159\u00e1st by se museli jen lumpov\u00e9.<\/p>\n<p>Povinn\u00e9 odevzd\u00e1v\u00e1n\u00ed kl\u00ed\u010d\u016f od byt\u016f na policejn\u00ed slu\u017eebny by ale bylo jen prvn\u00edm krokem. Ka\u017ed\u00fd vy\u0161et\u0159ovatel i soudce v\u00e1m potvrd\u00ed, jak\u00e9 pr\u016ftahy n\u011bkdy d\u011blaj\u00ed advok\u00e1ti. Pro\u010d by m\u011bl m\u00edt d\u016fvodn\u011b podez\u0159el\u00fd a obvin\u011bn\u00fd \u010dlov\u011bk, kter\u00fd m\u00e1 ur\u010dit\u011b na krku nejhrub\u0161\u00ed zlo\u010diny, v\u016fbec n\u011bjak\u00e9ho obh\u00e1jce! Co chcete na zlo\u010dinu obhajovat? Advokacie by se m\u011bla zru\u0161it, pop\u0159\u00edpad\u011b by se m\u011bla cel\u00e1 za\u010dlenit do soustavy st\u00e1tn\u00edch zastupitelstv\u00ed, aby nam\u00edsto ma\u0159en\u00ed spravedlnosti pom\u00e1hala dostat se lump\u016fm na kobylku.<\/p>\n<p>L\u00edb\u00ed se v\u00e1m takov\u00e9 n\u00e1pady? Pak se v\u00e1m ur\u010dit\u011b bude l\u00edbit i n\u00e1vrh ministerstva vnitra a ministerstva obchodu na vyd\u00e1n\u00ed vyhl\u00e1\u0161ky, podle kter\u00e9 budou poskytovatel\u00e9 p\u0159ipojen\u00ed k internetu uchov\u00e1vat a na po\u017e\u00e1d\u00e1n\u00ed org\u00e1n\u016fm \u010dinn\u00fdm v trestn\u00edm \u0159\u00edzen\u00ed p\u0159ed\u00e1vat nikoli u\u017e jen souhrnn\u00e9 \u00fadaje o velk\u00e9m po\u010dtu p\u0159ipojen\u00fdch m\u00edst jako dosud, ale konkr\u00e9tn\u00ed identifikace jednotliv\u00fdch u\u017eivatel\u016f podle toho, jak\u00e9 str\u00e1nky nav\u0161t\u011bvuj\u00ed a na jak dlouho.<\/p>\n<p>Ob\u011b ministerstva zjevn\u011b soud\u00ed, \u017ee byrokratick\u00e9 hou\u0161tiny typu ochrany soukrom\u00ed zneu\u017e\u00edvaj\u00ed ke sv\u00fdm rejd\u016fm i ti zlo\u010dinci, jejich\u017e raj\u00f3nem je internet. Tedy podvodn\u00edci, obchodn\u00edci s pornografi\u00ed nebo t\u0159eba \u0161i\u0159itel\u00e9 pomluv a popla\u0161n\u00fdch zpr\u00e1v.<\/p>\n<p>Ano, jsou to dv\u011b naprosto odli\u0161n\u00e1 vid\u011bn\u00ed sv\u011bta. Podle prvn\u00edho si v\u0161elijak\u00e9 obezli\u010dky s ochranou soukrom\u00ed vymysleli lid\u00e9, kte\u0159\u00ed nemaj\u00ed \u010dist\u00e9 sv\u011bdom\u00ed a cht\u011bj\u00ed cosi skr\u00fdvat. Ale podle druh\u00e9ho pat\u0159\u00ed ochrana soukrom\u00ed mezi z\u00e1kladn\u00ed pr\u00e1va, jejich\u017e po\u0161lap\u00e1v\u00e1n\u00ed nelze omluvit \u017e\u00e1dn\u00fdmi bohulib\u00fdmi z\u00e1m\u011bry.<\/p>\n<p>Nejde jen o konkr\u00e9tn\u00ed ministry (ostatn\u011b V\u00edt Raku\u0161an snad v t\u00e9to v\u011bci za\u010dal brzdit), ani o konkr\u00e9tn\u00ed apar\u00e1ty dvou ministerstev, dokonce ani o jednu konkr\u00e9tn\u00ed vl\u00e1du \u010di parlamentn\u00ed vl\u00e1dn\u00ed v\u011bt\u0161inu. Jde o v\u0161echny, kte\u0159\u00ed takov\u00fdm \u201er\u00e1zn\u00fdm\u201c krok\u016fm fand\u00ed. Jde o ty \u00fa\u010dastn\u00edky pod\u00edlu na moci, pop\u0159\u00edpad\u011b i o potenci\u00e1ln\u00ed \u00fa\u010dastn\u00edky pod\u00edlu na moci, kte\u0159\u00ed v\u011b\u0159\u00ed, \u017ee by se jim l\u00e9pe vl\u00e1dlo v syst\u00e9mu utahuj\u00edc\u00edch se \u0161roub\u016f, proto\u017ee bez nich by nastal konec sv\u011bta.<\/p>\n<p>No, asi nastal. Toho jejich. A nast\u00e1v\u00e1. Proto se narychlo utahuj\u00ed \u0161rouby.<\/p>\n<p>ps\u00e1no pro IVK<\/p>\n<p>Zdroj:&nbsp;<a href=\"https:\/\/blog.idnes.cz\/jakl\/kladivo-na-sproste-podezrele.Bg25030456\">https:\/\/blog.idnes.cz\/jakl\/kladivo-na-sproste-podezrele.Bg25030456<\/a><\/p>\n","protected":false},"excerpt":{"rendered":"<p>Zlo\u010dinci to u n\u00e1s maj\u00ed jednoduch\u00e9. Ke sv\u00fdm rejd\u016fm zneu\u017e\u00edvaj\u00ed byrokratick\u00e9 hou\u0161tiny, v nich\u017e je pro mu\u017ee a \u017eeny z\u00e1kona slo\u017eit\u00e9 pachatele dopadnout a usv\u011bd\u010dit.<\/p>\n","protected":false},"author":9,"featured_media":0,"comment_status":"open","ping_status":"open","sticky":false,"template":"","format":"standard","meta":{"ngg_post_thumbnail":0,"footnotes":""},"categories":[1],"tags":[],"class_list":["post-14645","post","type-post","status-publish","format-standard","hentry","category-publikovane-clanky"],"_links":{"self":[{"href":"https:\/\/www.ladislavjakl.cz\/index.php?rest_route=\/wp\/v2\/posts\/14645","targetHints":{"allow":["GET"]}}],"collection":[{"href":"https:\/\/www.ladislavjakl.cz\/index.php?rest_route=\/wp\/v2\/posts"}],"about":[{"href":"https:\/\/www.ladislavjakl.cz\/index.php?rest_route=\/wp\/v2\/types\/post"}],"author":[{"embeddable":true,"href":"https:\/\/www.ladislavjakl.cz\/index.php?rest_route=\/wp\/v2\/users\/9"}],"replies":[{"embeddable":true,"href":"https:\/\/www.ladislavjakl.cz\/index.php?rest_route=%2Fwp%2Fv2%2Fcomments&post=14645"}],"version-history":[{"count":1,"href":"https:\/\/www.ladislavjakl.cz\/index.php?rest_route=\/wp\/v2\/posts\/14645\/revisions"}],"predecessor-version":[{"id":14646,"href":"https:\/\/www.ladislavjakl.cz\/index.php?rest_route=\/wp\/v2\/posts\/14645\/revisions\/14646"}],"wp:attachment":[{"href":"https:\/\/www.ladislavjakl.cz\/index.php?rest_route=%2Fwp%2Fv2%2Fmedia&parent=14645"}],"wp:term":[{"taxonomy":"category","embeddable":true,"href":"https:\/\/www.ladislavjakl.cz\/index.php?rest_route=%2Fwp%2Fv2%2Fcategories&post=14645"},{"taxonomy":"post_tag","embeddable":true,"href":"https:\/\/www.ladislavjakl.cz\/index.php?rest_route=%2Fwp%2Fv2%2Ftags&post=14645"}],"curies":[{"name":"wp","href":"https:\/\/api.w.org\/{rel}","templated":true}]}}