{"id":14652,"date":"2025-03-28T11:58:44","date_gmt":"2025-03-28T10:58:44","guid":{"rendered":"https:\/\/www.ladislavjakl.cz\/?p=14652"},"modified":"2025-03-28T11:58:44","modified_gmt":"2025-03-28T10:58:44","slug":"unik-od-kapajiciho-kohoutku","status":"publish","type":"post","link":"https:\/\/www.ladislavjakl.cz\/?p=14652","title":{"rendered":"\u00danik od kapaj\u00edc\u00edho kohoutku"},"content":{"rendered":"<div class=\"opener\">\u010cesk\u00e1 republika m\u00e1 jen o trochu v\u00edc ne\u017e jednu tis\u00edcinu obyvatel Zem\u011bkoule. Navzdory sv\u00e9 tit\u011brnosti jsme nikdy neprovozovali komplexy \u010di hluchost ke v\u0159av\u00e1m sv\u011bta.<\/div>\n<div>&nbsp;<\/div>\n<p><!--more--><\/p>\n<div id=\"art-text\" class=\"text\">\n<p>Mo\u017en\u00e1 to dnes p\u0159est\u00e1v\u00e1 platit, ale po dlouh\u00e9 generace um\u011bl b\u011b\u017en\u00fd \u010cech, kter\u00fd vychodil z\u00e1kladku, naj\u00edt na map\u011b d\u016fle\u017eit\u00e9 evropsk\u00e9 metropole, znal alespo\u0148 p\u0159ibli\u017en\u011b proporce velikosti nejv\u011bt\u0161\u00edch mocnost\u00ed sv\u011bta a ohledn\u011b kl\u00ed\u010dov\u00fdch v\u00e1le\u010dn\u00fdch st\u0159et\u016f modern\u00edch d\u011bjin um\u011bl \u0159\u00edci, kdo kdy proti komu vlastn\u011b bojoval a jak to odpadlo.<\/p>\n<p>P\u0159es p\u0159irozenou p\u0159\u00edslu\u0161nost \u010ceska k lehk\u00fdm v\u00e1h\u00e1m sv\u011btov\u00e9 kakofonie tak jen zakomplexovan\u00ed sv\u011bt\u00e1\u010dkov\u00e9 mohli oikofobicky tvrdit, \u017ee \u010ce\u0161i se neum\u011bj\u00ed rozhl\u00e9dnout kolem sebe a \u017ee nic krom\u011b z\u00e1pra\u017e\u00ed jejich domu je nezaj\u00edm\u00e1. To nikdy nebyla pravda. R\u00e1di cestujeme, r\u00e1di si \u010dteme o d\u011bjin\u00e1ch, r\u00e1di listujeme v atlasech a map\u00e1ch. P\u0159im\u011b\u0159en\u00e9 pov\u011bdom\u00ed o kontextu n\u00e1m je vlastn\u00ed.<\/p>\n<p>Ale v\u017edy jsme m\u011bli sklon sp\u00ed\u0161e k realismu a pragmatismu ne\u017e k patetick\u00e9mu mesianismu. A p\u0159esn\u011b to se nyn\u00ed \u2013 zd\u00e1 se \u2013 m\u011bn\u00ed. Alespo\u0148 co se t\u00fd\u010de ve\u0159ejn\u00fdch autorit. Kdy\u017e poslouch\u00e1me n\u011bkter\u00e9 na\u0161e politiky \u010di zn\u00e1m\u00e9 intelektu\u00e1ly, skoro m\u00e1 \u010dlov\u011bk pocit, jak \u017ee to jedno \u010desk\u00e9 promile lidstva h\u00fdbe sv\u011btem. Nebo by alespo\u0148 h\u00fdbat m\u011blo.<\/p>\n<p>Jist\u011b\u017ee se n\u00e1s z\u00e1sadn\u011b t\u00fdk\u00e1 to, co se d\u011bje d\u016fle\u017eit\u00e9ho ve sv\u011btov\u00e9m m\u011b\u0159\u00edtku. Ostatn\u011b mnohokr\u00e1t jsme byli jakousi k\u0159i\u017eovatkou centr\u00e1ln\u00ed Evropy. A jasn\u011b\u017ee na n\u00e1s dopadaly epick\u00e9 d\u011bjinn\u00e9 pohyby nebo t\u0159eba prudk\u00e9 zm\u011bny glob\u00e1ln\u00edch cen komodit. Ale v\u017edy n\u00e1\u0161 \u017eivot ur\u010dovaly sp\u00ed\u0161e velmi p\u0159\u00edzemn\u00ed okolnosti. Ty jdou v\u0161ak nyn\u00ed stranou.<\/p>\n<p>Ze seznamu nejfrekventovan\u011bj\u0161\u00edch t\u00e9mat miz\u00ed starost o rodinu, obec, o mezilidsk\u00e9 \u010di mezigenera\u010dn\u00ed vztahy, o spole\u010denskou kulturnost, o z\u00e1kladn\u00ed prost\u00e9 \u017eivotn\u00ed pot\u0159eby, o denn\u00ed oby\u010dejn\u00e9 \u017eivotn\u00ed strasti. L\u00e9pe vypad\u00e1 na ve\u0159ejnosti ten, kdo plamenn\u011b burcuje davy ohledn\u011b situace v Siamsk\u00e9m z\u00e1livu, zat\u00edmco doma v lednici u jeho poslucha\u010d\u016f \u010dek\u00e1 tak leda posledn\u00ed oschl\u00e9 kole\u010dko sal\u00e1mu.<\/p>\n<p>Je to poznat i na spole\u010densk\u00e9 atmosf\u00e9\u0159e kolem bl\u00ed\u017e\u00edc\u00edch se voleb. O \u017eivot b\u011b\u017en\u00e9ho \u010dlov\u011bka jde v politick\u00e9 polemice a\u017e v posledn\u00ed \u0159ad\u011b. \u017d\u00e1dn\u00e9 slovo nen\u00ed dost velk\u00e9, \u017e\u00e1dn\u00fd k\u00fd\u010d nen\u00ed dost k\u00fd\u010dovit\u00fd. Skoro nikoho nezaj\u00edm\u00e1 invent\u00e1\u0159 nutn\u00fdch praktick\u00fdch krok\u016f, kter\u00e9 je t\u0159eba co nejrychleji ud\u011blat v soci\u00e1ln\u00ed \u010di zdravotn\u00ed politice, ve \u0161kolstv\u00ed \u010di dopravn\u00ed obslu\u017enosti. Jako by nikoho netr\u00e1pilo, \u017ee pr\u016fmysl stagnuje, \u017ee o obchodech je draho, \u017ee firmy krachuj\u00ed a slu\u017eby za\u010d\u00ednaj\u00ed b\u00fdt nedostupn\u00e9.<\/p>\n<p>Pro po\u0159\u00e1dnou debatu jsou to t\u00e9mata p\u0159\u00edli\u0161 malichern\u00e1. Je \u010das vzru\u0161en\u00fdch gest, rozervan\u00fdch ko\u0161il na hrudn\u00edc\u00edch a trouben\u00ed polnic. P\u0159itom na\u0161e skute\u010dn\u00e9 \u017eivoty daleko sp\u00ed\u0161e ilustruj\u00ed popelnice ne\u017e polnice. Poctiv\u00e1 anal\u00fdza faktor\u016f re\u00e1ln\u011b ovliv\u0148uj\u00edc\u00ed na\u0161i ka\u017edodennost je nudn\u00e1. D\u011bjinn\u00e9 z\u00e1pasy vypadaj\u00ed sexy, a\u017e skoro filmov\u011b. A proto je tak l\u00e1kav\u00e9 k nim alibisticky unikat. Jako kdy\u017e se man\u017eel doma vymlouv\u00e1, \u017ee nem\u016f\u017ee opravit kapaj\u00edc\u00ed kohoutek v kuchyni, proto\u017ee v televizi zrovna prob\u00edraj\u00ed obchodn\u00ed spory Nig\u00e9rie s Venezuelou.<\/p>\n<p>Ostatn\u011b i ona cel\u00e1 tzv. klimatick\u00e9 agenda je nejen n\u00e1strojem, jak n\u00e1s v\u0161echny zk\u00e1snout, ale p\u0159edev\u0161\u00edm \u00fanikem elit od \u0159e\u0161en\u00ed re\u00e1ln\u00fdch strast\u00ed re\u00e1ln\u00fdch lid\u00ed. P\u00e9\u010de o celou planetu p\u0159ece vypad\u00e1 o dost velkolep\u011bji ne\u017e \u010dekac\u00ed doba u odborn\u00e9ho l\u00e9ka\u0159e.<\/p>\n<p>V pr\u016fb\u011bhu v\u011bt\u0161iny lo\u0148sk\u00e9ho roku n\u00e1m m\u00e9dia (za p\u0159isp\u011bn\u00ed horliv\u00fdch politik\u016f) l\u00ed\u010dila prob\u00edhaj\u00edc\u00ed p\u0159edvolebn\u00ed kampa\u0148 v USA jako souboj p\u0159\u00edstup\u016f k mocensk\u00fdm spor\u016fm. Nikdo n\u00e1m ne\u0159\u00edkal, \u017ee to americk\u00e9 voli\u010de v\u016fbec nezaj\u00edm\u00e1, \u017ee u nich boduje agenda inflace, ekonomick\u00e9 stagnace, zdravotnictv\u00ed, ileg\u00e1ln\u00ed imigrace, \u0161kolstv\u00ed a dan\u011b. Stejn\u011b tak po inauguraci Donalda Trumpa nikdo nereferuje o skute\u010dn\u00fdch proporc\u00edch jednotliv\u00fdch t\u00e9mat, jak se prom\u00edtaj\u00ed do exekutivn\u00edch opat\u0159en\u00ed nov\u00e9ho americk\u00e9ho prezidenta. P\u0159edkl\u00e1d\u00e1ny n\u00e1m jsou anekdoty, st\u0159\u00edpky, margin\u00e1ln\u00ed pozn\u00e1mky ke glob\u00e1ln\u00edm t\u00e9mat\u016fm a nikoli z\u00e1sadn\u00ed kroky na dom\u00e1c\u00ed hospod\u00e1\u0159sk\u00e9 a politick\u00e9 sc\u00e9n\u011b, re\u00e1ln\u011b dopadaj\u00edc\u00ed na \u017eivoty oby\u010dejn\u00fdch Ameri\u010dan\u016f.<\/p>\n<p>A podobn\u011b je n\u00e1m vykl\u00e1d\u00e1na i politick\u00e1 konfrontace u n\u00e1s. Jen ne spor o \u201ekapaj\u00edc\u00ed kohoutek v kuchyni\u201c. P\u0159ednost \u010di sp\u00ed\u0161e monopol maj\u00ed \u00fanikov\u00e9 symboly, \u00e9tos plamenn\u00fdch gest a od \u017eivota odtr\u017een\u00e1 surog\u00e1tn\u00ed hesla.<\/p>\n<p>Je spr\u00e1vn\u00e9 rozhl\u00ed\u017eet se do d\u00e1li. Ale z\u00e1rove\u0148 je nutn\u00e9 koukat se pod nohy, jinak cestu z bl\u00e1ta nenajdeme.<\/p>\n<p>ps\u00e1no pro IVK<\/p>\n<\/div>\n<p>Zdroj:&nbsp;<a href=\"https:\/\/blog.idnes.cz\/jakl\/unik-od-kapajiciho-kohoutku.Bg25030836\">https:\/\/blog.idnes.cz\/jakl\/unik-od-kapajiciho-kohoutku.Bg25030836<\/a><\/p>\n","protected":false},"excerpt":{"rendered":"<p>\u010cesk\u00e1 republika m\u00e1 jen o trochu v\u00edc ne\u017e jednu tis\u00edcinu obyvatel Zem\u011bkoule. Navzdory sv\u00e9 tit\u011brnosti jsme nikdy neprovozovali komplexy \u010di hluchost ke v\u0159av\u00e1m sv\u011bta. &nbsp;<\/p>\n","protected":false},"author":9,"featured_media":0,"comment_status":"open","ping_status":"open","sticky":false,"template":"","format":"standard","meta":{"ngg_post_thumbnail":0,"footnotes":""},"categories":[1],"tags":[],"class_list":["post-14652","post","type-post","status-publish","format-standard","hentry","category-publikovane-clanky"],"_links":{"self":[{"href":"https:\/\/www.ladislavjakl.cz\/index.php?rest_route=\/wp\/v2\/posts\/14652","targetHints":{"allow":["GET"]}}],"collection":[{"href":"https:\/\/www.ladislavjakl.cz\/index.php?rest_route=\/wp\/v2\/posts"}],"about":[{"href":"https:\/\/www.ladislavjakl.cz\/index.php?rest_route=\/wp\/v2\/types\/post"}],"author":[{"embeddable":true,"href":"https:\/\/www.ladislavjakl.cz\/index.php?rest_route=\/wp\/v2\/users\/9"}],"replies":[{"embeddable":true,"href":"https:\/\/www.ladislavjakl.cz\/index.php?rest_route=%2Fwp%2Fv2%2Fcomments&post=14652"}],"version-history":[{"count":1,"href":"https:\/\/www.ladislavjakl.cz\/index.php?rest_route=\/wp\/v2\/posts\/14652\/revisions"}],"predecessor-version":[{"id":14653,"href":"https:\/\/www.ladislavjakl.cz\/index.php?rest_route=\/wp\/v2\/posts\/14652\/revisions\/14653"}],"wp:attachment":[{"href":"https:\/\/www.ladislavjakl.cz\/index.php?rest_route=%2Fwp%2Fv2%2Fmedia&parent=14652"}],"wp:term":[{"taxonomy":"category","embeddable":true,"href":"https:\/\/www.ladislavjakl.cz\/index.php?rest_route=%2Fwp%2Fv2%2Fcategories&post=14652"},{"taxonomy":"post_tag","embeddable":true,"href":"https:\/\/www.ladislavjakl.cz\/index.php?rest_route=%2Fwp%2Fv2%2Ftags&post=14652"}],"curies":[{"name":"wp","href":"https:\/\/api.w.org\/{rel}","templated":true}]}}