{"id":14655,"date":"2025-03-28T21:12:10","date_gmt":"2025-03-28T20:12:10","guid":{"rendered":"https:\/\/www.ladislavjakl.cz\/?p=14655"},"modified":"2025-03-28T21:12:10","modified_gmt":"2025-03-28T20:12:10","slug":"cas-svuj-nedame-cizi-nechceme-2","status":"publish","type":"post","link":"https:\/\/www.ladislavjakl.cz\/?p=14655","title":{"rendered":"\u010cas: sv\u016fj ned\u00e1me, ciz\u00ed nechceme"},"content":{"rendered":"<p>Tak to tu m\u00e1me zase. Kr\u00e1de\u017e \u010dasu. J\u00e1 v\u00edm, mnoz\u00ed z v\u00e1s se u\u017e b\u00e1li, \u017ee letos se svou ka\u017edoro\u010dn\u00ed filipikou proti letn\u00edmu \u010dasu nevylezu. Vylezl jsem. U\u017e zase.<br \/>\n<!--more--><\/p>\n<p>J\u00e1 si ale neza\u010dal. To oni. A tak u\u017e dev\u011btadvac\u00e1t\u00fd rok p\u00ed\u0161u touto dobou skoro to sam\u00e9.<\/p>\n<p>Proto\u017ee probl\u00e9m je tak\u00e9 po\u0159\u00e1d t\u00fd\u017e. P\u0159echod na tzv. letn\u00ed \u010das. Pro\u010d? \u00daspory to nep\u0159in\u00e1\u0161\u00ed, jen ztr\u00e1ty a komplikace. A do toho se nav\u00edc vyrojila bizarn\u00ed debata, zda na ten letn\u00ed \u010das p\u0159ej\u00edt trvale. A zase se objevuje nesmysln\u00fd term\u00edn \u201ezimn\u00ed \u010das\u201c.<\/p>\n<p>To abychom uv\u011b\u0159ili, \u017ee \u010das je jen n\u011bjak\u00e1 dohoda. Letn\u00ed nebo zimn\u00ed. Aby to vypadalo, \u017ee jsou jako rovnocenn\u00e9. Aby se zakrylo, \u017ee jeden \u010das je n\u00e1\u0161, dom\u00e1c\u00ed, p\u0159irozen\u00fd, zat\u00edmco ten druh\u00fd je ciz\u00ed, v\u00fdchodn\u00ed, k n\u00e1m um\u011ble byrokraty vnucovan\u00fd. A op\u011bt se vyrojily ankety, kter\u00fd \u017ee \u010das m\u00e1 platit, a\u017e se s \u010dasem p\u0159estane \u0161ibovat. A n\u011bkdo mysl\u00ed \u00fapln\u011b v\u00e1\u017en\u011b, \u017ee m\u00e1me celoro\u010dn\u011b p\u0159ej\u00edt na \u010das ciz\u00ed.<\/p>\n<p>U\u017e po tis\u00edce let um\u00ed \u010dlov\u011bk kdekoli na sv\u011bt\u011b zjistit, kdy je v dan\u00e9m m\u00edst\u011b poledne. Zap\u00edchne klacek do zem\u011b a ud\u011bl\u00e1 si znamen\u00ed, jak dlouh\u00fd je pr\u00e1v\u011b st\u00edn onoho klacku. A kdy\u017e je st\u00edn nejkrat\u0161\u00ed, je poledne. O tom se ned\u00e1 hlasovat. To tak prost\u011b je. A nejen na Zemi, stejn\u00fdm zp\u016fsobem lze zjistit moment poledne na kter\u00e9koli planet\u011b na\u0161\u00ed \u010di jin\u00e9 planet\u00e1rn\u00ed soustavy, tedy pokud ona planeta nem\u00e1 v\u00e1z\u00e1nou rotaci s ob\u011bhem kolem mate\u0159sk\u00e9 hv\u011bzdy, a tud\u00ed\u017e se tam st\u0159\u00edd\u00e1 den a noc (na Marsu Sol).<\/p>\n<p>Co u\u017e je d\u00e1no dohodou, to je na\u0161e rozhodnut\u00ed, na kolik d\u00edlk\u016f si rozd\u011bl\u00edme jeden den. Mohlo by to b\u00fdt na deset, dvacet, t\u0159icet nebo \u0161edes\u00e1t \u0161est. Ale na\u0161e civilizace si zvykla na d\u011blen\u00ed dne na 24 d\u00edl\u016f. T\u011bm \u0159\u00edk\u00e1me hodiny. A stejn\u011b jsme si rozd\u011blili i na\u0161i povrch Zem\u011b. Na \u010dty\u0159iadvacet \u010dasov\u00fdch p\u00e1sem. Pro\u010d to d\u011blen\u00ed? Proto\u017ee poledne je na ka\u017ed\u00e9m m\u00edst\u011b v jinou chv\u00edli a kontinu\u00e1ln\u00ed \u010das by nemohl slou\u017eit jako opora shody. St\u0159edem ka\u017ed\u00e9ho p\u00e1sma je ur\u010den\u00fd poledn\u00edk, okrajem pak je sedm a p\u016fl stupn\u011b na jednu stranu i na tu druhou. Re\u00e1ln\u00e1 hranice p\u00e1sem je v\u0161ak ovlivn\u011bna i politicky, zejm\u00e9na hranicemi zem\u00ed. Ne ka\u017ed\u00e1 m\u00e1 to \u0161t\u011bst\u00ed \u2013 jako my \u2013 \u017ee ur\u010duj\u00edc\u00ed poledn\u00edk (u St\u0159edoevropsk\u00e9ho \u010dasu ten patn\u00e1ct\u00fd v\u00fdchodn\u00ed d\u00e9lky) proch\u00e1z\u00ed jej\u00edm \u00fazem\u00edm. Tak se mnoho zem\u00ed p\u0159ilep\u00ed k tomu, ke kter\u00e9mu maj\u00ed bl\u00ed\u017ee. To my nemus\u00edme, m\u00e1me ho doma. N\u011bkde se z n\u011bjak\u00fdch politick\u00fdch d\u016fvod\u016f tul\u00ed k \u010dasu, ke kter\u00e9mu maj\u00ed d\u00e1l, ale t\u00edm u\u017e l\u00e1mou svou denn\u00ed p\u0159irozenost.<\/p>\n<p>Proto\u017ee n\u011bkte\u0159\u00ed lid\u00e9 maj\u00ed pot\u00ed\u017e s pochopen\u00edm psan\u00e9ho textu, ob\u010das maj\u00ed pot\u0159ebu proti m\u00fdm slov\u016fm vyrukovat s tvrzen\u00edm, \u017ee poledne je na ka\u017ed\u00e9m m\u00edst\u011b v jinou chv\u00edli. Ale v\u017edy\u0165 to p\u0159ece \u0159\u00edk\u00e1m dokola po\u0159\u00e1d. P\u00e1r des\u00edtek kilometr\u016f na z\u00e1pad nebo na v\u00fdchod u\u017e d\u011bl\u00e1 n\u011bkolikaminutov\u00fd rozd\u00edl. Na\u0161e pades\u00e1t\u00e1 rovnob\u011b\u017eka m\u00e1 p\u0159es 25 tis\u00edc km. Tedy za hodinu se Zem\u011b u n\u00e1s pooto\u010d\u00ed o trochu v\u00edc ne\u017e o tis\u00edc kilometr\u016f. Je tedy jasn\u00e9, \u017ee v r\u00e1mci ka\u017ed\u00e9ho p\u00e1sma se re\u00e1ln\u00fd \u010das poledne odli\u0161uje od toho \u201e\u00fa\u0159edn\u00edho\u201c (krom\u011b naprosto p\u0159esn\u00e9ho st\u0159edu p\u00e1sma). To ale p\u0159ece nen\u00ed argument, \u017ee kdy\u017e u\u017e se \u010das slune\u010dn\u00ed a \u010das na hodink\u00e1ch li\u0161\u00ed o minuty, m\u016f\u017ee se klidn\u011b li\u0161it o hodiny.<\/p>\n<p>A ka\u017ed\u00fd rok se opakuje i tvrzen\u00ed, ve smyslu, \u017ee je d\u00edky letn\u00edmu \u010dasu d\u00e9le vid\u011bt. No, nen\u00ed. To nem\u016f\u017ee za\u0159\u00eddit rozhodnut\u00ed, \u017ee ur\u010dit\u00e9mu \u010dasu za\u010dneme \u0159\u00edkat jinak. T\u00edm slun\u00ed\u010dko na obloze nezdr\u017e\u00edme. Natvrdlost nositel\u016f n\u00e1zoru, \u017ee listopadu m\u00e1me \u0159\u00edkat \u010dervenec a \u017ee se t\u00edm ud\u011bl\u00e1 teplo, je ale nekone\u010dn\u00e1 a jejich schopnost argumentace po\u0159\u00e1d chud\u00e1. No tak budu ka\u017ed\u00e9 jaro ml\u00edt po\u0159\u00e1d sv\u00e9, dokud blbnut\u00ed s \u010dasem neskon\u010d\u00ed. A asi hned tak neskon\u010d\u00ed.<\/p>\n<p>M\u016f\u017eeme se sice dohodnout, \u017ee p\u016flnoci budeme \u0159\u00edkat poledne a \u017ee t\u00edm dos\u00e1hneme, \u017ee v p\u016flnoci bude sv\u011btlo. Jen\u017ee nebude, jen tomu sv\u011btlu, kter\u00e9 p\u0159ijde op\u011bt ve stejnou chv\u00edli, budeme hloup\u011b \u0159\u00edkat p\u016flnoc. P\u0159esto mnoz\u00ed lid\u00e9 st\u00e1le opakuj\u00ed, \u017ee za\u0159\u00edd\u00edme p\u016flno\u010dn\u00ed (nebo ve\u010dern\u00ed) sv\u011btlo t\u00edm, \u017ee budeme p\u016flnoci \u0159\u00edkat poledne, a to p\u0159ijet\u00edm \u010dasu, kter\u00fd plat\u00ed t\u0159eba n\u011bkde v Polyn\u00e9sii.<\/p>\n<p>A zase ty ankety, zda si lid\u00e9 p\u0159ej\u00ed zachov\u00e1n\u00ed jednoho celoro\u010dn\u00edho \u010dasu, a zda to pop\u0159\u00edpad\u011b m\u00e1 b\u00fdt \u010das \u201eletn\u00ed\u201c, nebo \u201ezimn\u00ed\u201c. Na takovou anketu j\u00e1 odpov\u011bd\u011bt nemohu, proto\u017ee nic jako \u201ezimn\u00ed \u010das\u201c u n\u00e1s dnes neexistuje. Existuje n\u00e1\u0161 spr\u00e1vn\u00fd st\u0159edoevropsk\u00fd \u010das, kter\u00fd je d\u00e1n na\u0161\u00ed zem\u011bpisnou polohou. Plat\u00ed p\u0159esn\u011b na na\u0161em \u00fazem\u00ed, proto\u017e pr\u00e1v\u011b \u010ceskem proch\u00e1z\u00ed 15. poledn\u00edk v\u00fdchodn\u00ed d\u00e9lky (t\u0159eba Jind\u0159ichov\u00fdm Hradcem), kter\u00fd tento \u010das ur\u010duje. Kdy\u017e je nad n\u00edm Slunce v nadhlavn\u00edku, je poledne st\u0159edoevropsk\u00e9ho \u010dasu. V jin\u00fdch p\u00e1smech maj\u00ed Slunce v nadhlavn\u00edku (a tedy svoje poledne) d\u0159\u00edv, jinde zas pozd\u011bji. Proto existuj\u00ed ona \u010dasov\u00e1 p\u00e1sma.<\/p>\n<p>To, \u010demu my \u0159\u00edk\u00e1me letn\u00ed \u010das, je ve skute\u010dnosti \u010das v\u00fdchodn\u00ed. Odpov\u00edd\u00e1 poloze Finska, \u010d\u00e1sti Ruska, B\u011bloruska, Ukrajiny, Moldavska, Turecka, Egypta, S\u00fad\u00e1nu, Demokratick\u00e9 republiky Kongo, Ugandy, Rwandy, Burundi, Tanzanie, Zambie, Zimbabwe \u010di Jihoafrick\u00e9 republiky Tak\u017ee my ka\u017ed\u00fd rok na v\u00edce ne\u017e p\u016fl roku p\u0159ech\u00e1z\u00edme na ciz\u00ed \u010das, kter\u00fd pat\u0159\u00ed \u00fapln\u011b jinam. \u017de mu u n\u00e1s \u0159\u00edk\u00e1me \u201eletn\u00ed \u010das\u201c, je vlastn\u011b le\u017e, ale na tu u\u017e jsme si zvykli. Ale \u0159\u00edkat kv\u016fli tomu na\u0161emu vlastn\u00edmu norm\u00e1ln\u00edmu st\u0159edoevropsk\u00e9mu \u010dasu \u010das \u201ezimn\u00ed\u201c, to je u\u017e hloupost a le\u017e na druhou.<\/p>\n<p>H\u00fdbat s \u010dasem je hol\u00fdm nesmyslem a p\u0159e\u017eitkem. V\u0161ak se ke st\u0159\u00edd\u00e1n\u00ed \u010das\u016f ka\u017edou chv\u00edli n\u011bjak\u00fd autor vrac\u00ed. Ale probl\u00e9m v \u010dase nen\u00ed jen v samotn\u00e9m st\u0159\u00edd\u00e1n\u00ed a v p\u0159e\u0159izov\u00e1n\u00ed hodin, ale p\u0159edev\u0161\u00edm v tom, \u017ee na n\u011bjak\u00fdm sedm m\u011bs\u00edc\u016f p\u0159ech\u00e1z\u00edme na \u0161patn\u00fd, ciz\u00ed \u010das, kter\u00fd neodpov\u00edd\u00e1 na\u0161\u00ed zem\u011bpisn\u00e9 poloze. A ten probl\u00e9m nevy\u0159e\u0161\u00edme t\u00edm, \u017ee na \u0161patn\u00fd \u010das p\u0159ejdeme celoro\u010dn\u011b. T\u00edm ho jen zhor\u0161\u00edme. Proto\u017ee je\u0161t\u011b v\u011bt\u0161\u00edm nesmyslem je p\u0159ej\u00edt trvale celoro\u010dn\u011b na ciz\u00ed \u010das a m\u00edt tak po cel\u00fd rok poledne u\u017e v jeden\u00e1ct dopoledne. Ne ka\u017ed\u00e9 \u00fazem\u00ed m\u00e1 \u010das p\u0159esn\u011b odpov\u00eddaj\u00edc\u00ed poloze. T\u0159eba v Indii maj\u00ed pro celou zemi \u010das o 4.5 hodiny posunut\u00fd oproti n\u00e1m. Tak\u017ee V\u00fdchodn\u00ed Beng\u00e1lsko m\u00e1 u\u017e podve\u010der, kdy\u017e v r\u00e1diu hl\u00e1s\u00ed poledne. A n\u011bkde u pou\u0161t\u00ed Bal\u00fa\u010dist\u00e1nu maj\u00ed v tu chv\u00edli teprve dopoledne. Praktick\u00e9 je to mo\u017en\u00e1 pro st\u00e1tn\u00ed apar\u00e1t, pro lidi ur\u010dit\u011b ne.<\/p>\n<p>Gener\u00e1l Franco cht\u011bl b\u00fdt \u201ein\u201c, a tak posunul \u010das ve sv\u00e9 zemi na st\u0159edoevropsk\u00fd (n\u00e1\u0161 a t\u0159eba n\u011bmeck\u00fd), i kdy\u017e je z\u00e1pad \u0160pan\u011blska oproti n\u011bmu posunut dokonce skoro o dv\u011b hodiny. A maj\u00ed to tam jako velk\u00e9 t\u00e9ma, proto\u017ee lidem se \u017eit\u00ed podle ciz\u00edho \u010dasu pr\u00e1vem zaj\u00edd\u00e1. A my na ciz\u00ed m\u00e1me nyn\u00ed naopak trvale p\u0159ech\u00e1zet? P\u016fj\u010dit si nav\u017edy ukrajinsk\u00fd \u010di b\u011blorusk\u00fd \u010das? Pro\u010d? M\u00e1me sv\u016fj, a hez\u010d\u00ed.<\/p>\n<p>Milovn\u00edci soci\u00e1ln\u00edho in\u017een\u00fdrstv\u00ed n\u00e1m \u0159\u00edkaj\u00ed, \u017ee d\u00edky \u201eletn\u00edmu \u010dasu\u201c je pr\u00fd ve\u010der d\u00e9le sv\u011btlo. Opravdu? Ale kdepak. Sv\u011btlo je v dan\u00fd den \u00fapln\u011b stejn\u011b dlouho s letn\u00edm \u010dasem i bez n\u011bj, to nelze za\u0159\u00eddit vyhl\u00e1\u0161en\u00edm zm\u011bny \u010dasu. Del\u0161\u00ed ve\u010der neza\u0159\u00edd\u00edme t\u00edm, \u017ee tomu okam\u017eiku, kter\u00e9mu jsme do minul\u00e9ho t\u00fddne \u0159\u00edkali osm ve\u010der, budeme najednou \u0159\u00edkat dev\u011bt ve\u010der. T\u00edm se del\u0161\u00ed den neud\u011bl\u00e1, jen tomu budeme jinak \u0159\u00edkat. Pen\u00edze se nerozmno\u017e\u00ed t\u00edm, \u017ee p\u011btistovk\u00e1m za\u010dneme \u0159\u00edkat tis\u00edcikoruny.<\/p>\n<p>Tihle milovn\u00edci soci\u00e1ln\u00edho in\u017een\u00fdrstv\u00ed v\u00e1m \u0159eknou, \u017ee bude del\u0161\u00ed ve\u010der, proto\u017ee jim d\u0159\u00edv skon\u010d\u00ed pr\u00e1ce. Ale co jim br\u00e1n\u00ed kon\u010dit d\u0159\u00edv i bez vnucovan\u00e9 zm\u011bny \u010dasu i pro v\u0161echny ostatn\u00ed? Mohu d\u011blat peka\u0159e nebo popel\u00e1\u0159e, nebo si jinak domluvit sm\u011bny. \u017de to nejde, proto\u017ee by se jim ostatn\u00ed nep\u0159izp\u016fsobili? Tak se n\u00e1s holt nebudou pt\u00e1t a donut\u00ed n\u00e1s v\u0161echny k posunu pracovn\u00ed doby na\u0159\u00edzen\u00edm vl\u00e1dy o letn\u00edm \u010dase? Ano, nej\u010dast\u011bj\u0161\u00edm argumentem stoupenc\u016f p\u0159ech\u00e1zen\u00ed na v\u00fdchodn\u00ed \u010das je \u201eono mi to tak vyhovuje\u201c. Tak ud\u011bl\u00e1me anketu? T\u0159eba n\u00e1m vyjde, \u017ee nejv\u011bt\u0161\u00edmu po\u010dtu lid\u00ed by vyhovovalo, kdybychom si p\u0159enastavili hodinky o 26 minut dop\u0159edu. Copak o takov\u00e9 v\u011bci se d\u00e1 hlasovat? Kdyby zm\u011bna vadila jen jednomu jedin\u00e9mu, nemaj\u00ed ostatn\u00ed pr\u00e1vo vnucovat ciz\u00ed nep\u0159irozenost druh\u00fdm. A\u0165 si na ni p\u0159ech\u00e1zej\u00ed sami, \u017ee.<\/p>\n<p>Letn\u00ed \u010das je formou hrub\u00e9ho n\u00e1sil\u00ed. Je to jeden z projev\u016f n\u00e1tlaku, kter\u00fdm si n\u00e1siln\u00edci za\u0159\u00edd\u00ed nedobrovolnou zm\u011bnu chov\u00e1n\u00ed n\u00e1s ostatn\u00edch tak, aby vyhovovala zrovna jim. Mohli by si \u017e\u00edt podle sv\u00e9ho a \u010das si posouvat jen pro sebe. Jen\u017ee to jim nesta\u010d\u00ed. Mus\u00ed donutit n\u00e1s v\u0161echny ostatn\u00ed, abychom ud\u011blali zm\u011bnu stejnou, jen tak je to pro n\u011b toti\u017e v\u00fdhodn\u00e9. \u017de si na ni n\u011bkte\u0159\u00ed z n\u00e1s u\u017e skoro zvykli, to hloupost zm\u011bny nijak neumen\u0161uje. Ekonomick\u00fd p\u0159\u00ednos letn\u00edho \u010dasu je nulov\u00fd nebo z\u00e1porn\u00fd, negativn\u00ed zdravotn\u00ed d\u016fsledky potvrzuje st\u00e1le v\u00edce studi\u00ed.<\/p>\n<p>Zem\u011bkoule se p\u0159i sv\u00e9 pouti vesm\u00edrem nezaj\u00edm\u00e1, jak jac\u00edsi tvore\u010dkov\u00e9 na jej\u00edm povrchu po\u010d\u00edtaj\u00ed sv\u016fj kalend\u00e1\u0159, kdy si vymysl\u00ed p\u0159estupn\u00fd den \u010di podobnou legraci. T\u0159eba rovnodennost p\u0159ich\u00e1z\u00ed podle kosmick\u00fdch pravidel se svou nadlidskou pravidelnost\u00ed, ale lidsk\u00e1 nepravidelnost j\u00ed p\u0159isoud\u00ed ob\u010das jedno datum, ob\u010das jin\u00e9, ob\u010das v letopo\u010dtu P\u00e1na Forda, nebo b\u016fhv\u00edkolik\u00e1t\u00e9ho thermidoru, \u010di jak\u00e9 po\u010d\u00edt\u00e1n\u00ed si kter\u00fd z \u010dlov\u00ed\u010dk\u016f vymysl\u00ed. Zem\u011b se ale nebude p\u0159izp\u016fsobovat ani Caesarovi, ani pape\u017ei \u0158eho\u0159ovi, ani Konventu, ani Evropsk\u00e9 unii, ani vl\u00e1d\u011b \u010cesk\u00e9 republiky. Lidsk\u00e9 instituce a\u0165 mluv\u00ed do lidsk\u00fdch v\u011bc\u00ed, kosmick\u00fd \u0159\u00e1d ale a\u0165 nechaj\u00ed na pokoji!<\/p>\n<p>Ale ned\u011blaj\u00ed to. Cht\u011bj\u00ed rozhodovat o tom, kolik je hodin. Zem\u011b se to\u010d\u00ed dle vy\u0161\u0161\u00edch z\u00e1kon\u016f, a do toho n\u00e1m n\u011bjak\u00e1 zpupn\u00e1 vl\u00e1da vyd\u00e1 na\u0159\u00edzen\u00ed, \u017ee hodin nen\u00ed tolik, ale u\u017e tolik. Ta troufalost! Vl\u00e1dy se pletou do spousty v\u011bc\u00ed, do kter\u00fdch jim nic nen\u00ed, ale co je moc, to je moc. Ony cht\u011bj\u00ed m\u011bnit rotaci zem\u011b! Ony sahaj\u00ed na kosmick\u00fd syst\u00e9m! Aristotele, vst\u00e1vej! Atlasi, dr\u017e pevn\u011bji!<\/p>\n<p>Pr\u00fd tu hodinu na podzim dostaneme zp\u011bt. To jo. Sedm m\u011bs\u00edc\u016f na n\u00ed budou rajtovat, a pak n\u00e1m ji jednoho podzimn\u00edho r\u00e1na umolousanou, znect\u011bnou a ohmatanou milostiv\u011b vr\u00e1t\u00ed. A do toho n\u011bkdo p\u0159ich\u00e1z\u00ed s n\u00e1padem, \u017ee n\u00e1m ji vezmou nav\u017edy. Po\u0161leme ty zlod\u011bje \u010dasu u\u017e n\u011bkam.<\/p>\n<p>Zdroj:&nbsp;<a href=\"https:\/\/blog.idnes.cz\/jakl\/cas-svuj-nedame-cizi-nechceme.Bg25030867\">https:\/\/blog.idnes.cz\/jakl\/cas-svuj-nedame-cizi-nechceme.Bg25030867<\/a><\/p>\n","protected":false},"excerpt":{"rendered":"<p>Tak to tu m\u00e1me zase. Kr\u00e1de\u017e \u010dasu. J\u00e1 v\u00edm, mnoz\u00ed z v\u00e1s se u\u017e b\u00e1li, \u017ee letos se svou ka\u017edoro\u010dn\u00ed filipikou proti letn\u00edmu \u010dasu nevylezu. Vylezl jsem. U\u017e zase.<\/p>\n","protected":false},"author":9,"featured_media":0,"comment_status":"open","ping_status":"open","sticky":false,"template":"","format":"standard","meta":{"ngg_post_thumbnail":0,"footnotes":""},"categories":[1],"tags":[],"class_list":["post-14655","post","type-post","status-publish","format-standard","hentry","category-publikovane-clanky"],"_links":{"self":[{"href":"https:\/\/www.ladislavjakl.cz\/index.php?rest_route=\/wp\/v2\/posts\/14655","targetHints":{"allow":["GET"]}}],"collection":[{"href":"https:\/\/www.ladislavjakl.cz\/index.php?rest_route=\/wp\/v2\/posts"}],"about":[{"href":"https:\/\/www.ladislavjakl.cz\/index.php?rest_route=\/wp\/v2\/types\/post"}],"author":[{"embeddable":true,"href":"https:\/\/www.ladislavjakl.cz\/index.php?rest_route=\/wp\/v2\/users\/9"}],"replies":[{"embeddable":true,"href":"https:\/\/www.ladislavjakl.cz\/index.php?rest_route=%2Fwp%2Fv2%2Fcomments&post=14655"}],"version-history":[{"count":1,"href":"https:\/\/www.ladislavjakl.cz\/index.php?rest_route=\/wp\/v2\/posts\/14655\/revisions"}],"predecessor-version":[{"id":14656,"href":"https:\/\/www.ladislavjakl.cz\/index.php?rest_route=\/wp\/v2\/posts\/14655\/revisions\/14656"}],"wp:attachment":[{"href":"https:\/\/www.ladislavjakl.cz\/index.php?rest_route=%2Fwp%2Fv2%2Fmedia&parent=14655"}],"wp:term":[{"taxonomy":"category","embeddable":true,"href":"https:\/\/www.ladislavjakl.cz\/index.php?rest_route=%2Fwp%2Fv2%2Fcategories&post=14655"},{"taxonomy":"post_tag","embeddable":true,"href":"https:\/\/www.ladislavjakl.cz\/index.php?rest_route=%2Fwp%2Fv2%2Ftags&post=14655"}],"curies":[{"name":"wp","href":"https:\/\/api.w.org\/{rel}","templated":true}]}}