{"id":14659,"date":"2025-04-04T13:04:01","date_gmt":"2025-04-04T11:04:01","guid":{"rendered":"https:\/\/www.ladislavjakl.cz\/?p=14659"},"modified":"2025-04-04T13:04:01","modified_gmt":"2025-04-04T11:04:01","slug":"podobnosti-pedro-a-roxana","status":"publish","type":"post","link":"https:\/\/www.ladislavjakl.cz\/?p=14659","title":{"rendered":"PODOBNOSTI: Pedro a Roxana"},"content":{"rendered":"<p data-debug-redistribute=\"007. \/ 0px \/ 335\">Pamatujete? \u017dv\u00fdka\u010dka Pedro d\u011blala bezva bubliny. Nechutnala tak skv\u011ble jako Donald, ale obr\u00e1zky m\u011bla taky hezk\u00e9 a bubliny nep\u0159ekonateln\u00e9. Nep\u0159ekonateln\u00e1 byla ale i v lepivosti, pokud si na ni \u010dlov\u011bk sedl.<\/p>\n<p data-debug-redistribute=\"007. \/ 0px \/ 335\"><!--more--><\/p>\n<p data-debug-redistribute=\"002. \/ 102px \/ 602\">Roxana byla man\u017eelkou Alexandra Velik\u00e9ho a matkou jeho syna. Aby synovi zajistila n\u00e1stupnictv\u00ed, nechala zab\u00edt v\u0161echny Alexandrovy dal\u0161\u00ed man\u017eelky a jejich p\u0159\u00edbuzn\u00e9.<\/p>\n<p data-debug-redistribute=\"005. \/ 203px \/ 519\">\u0160pan\u011blsk\u00fd premi\u00e9r Pedro S\u00e1nchez pravil, \u017ee Evropa \u010del\u00ed americk\u00e9mu obchodn\u00edmu \u00fatoku ze Z\u00e1padu a rusk\u00e9mu vojensk\u00e9mu \u00fatoku z V\u00fdchodu. To je docela p\u011bkn\u00e1 bublina. Mo\u017en\u00e1 by si \u010dlov\u011bk \u201e\u00fatok\u201c p\u0159edstavoval trochu jinak ne\u017e rozhodnut\u00ed n\u011bjak\u00e9ho st\u00e1tu, \u017ee nebude kupovat v\u00fdrobky z va\u0161eho st\u00e1tu za dosavadn\u00edch zcela asymetrick\u00fdch podm\u00ednek. A mo\u017en\u00e1 by si \u010dlov\u011bk p\u0159edstavoval \u00fatok na \u201eEvropu\u201c jinak ne\u017e jako t\u0159\u00edlet\u00e9 boje kdesi na v\u00fdchodoukrajinsk\u00e9m \u00fazem\u00ed, os\u00eddlen\u00e9m ruskou men\u0161inou a ve volb\u00e1ch p\u0159ed rokem 2014 vol\u00edc\u00edm \u201eprorusk\u00e9ho\u201c prezidenta Janukovi\u010de.<\/p>\n<p data-debug-redistribute=\"003. \/ 441px \/ 585\">Bublin\u00e1\u0159 Pedro je \u010dlov\u011bk pokrokov\u00fd. Loni p\u0159eru\u0161il v\u00fdkon sv\u00e9 funkce kv\u016fli \u201enejasnostem\u201c kolem role sv\u00e9 man\u017eelky v procesu p\u0159id\u011blov\u00e1n\u00ed st\u00e1tn\u00edch zak\u00e1zek. Ale asi se u\u017e v\u0161e vyjasnilo. Tak\u00e9 to je prvn\u00ed \u0161pan\u011blsk\u00fd premi\u00e9r v d\u011bjin\u00e1ch, kter\u00fd sv\u016fj slavnostn\u00ed slib skl\u00e1dal bez bible a k\u0159\u00ed\u017ee. B\u00fdt prvn\u00edm v n\u011b\u010dem tak z\u0159eteln\u011b liber\u00e1ln\u00edm, to jist\u011b pot\u011b\u0161\u00ed. Jen by bylo dobr\u00e9 na ty jeho bubliny si nesedat. A Donald byl stejn\u011b lep\u0161\u00ed.<\/p>\n<div data-redistribute=\"ad\">&nbsp;<\/div>\n<p data-debug-redistribute=\"001. \/ 624px \/ 696\">Rumunsk\u00e1 m\u00edstop\u0159edsedkyn\u011b Evropsk\u00e9 komise Roxana Minzatuov\u00e1 zve\u0159ejnila Strategii p\u0159ipravenosti, podle kter\u00e9 by si ob\u010dan\u00e9 \u010dlensk\u00fdch zem\u00ed EU m\u011bli p\u0159ipravit z\u00e1soby j\u00eddla, kter\u00e9 jim vydr\u017e\u00ed 72 hodin. Vypne proud, p\u0159ijdou z\u00e1plavy, \u00fatok kobylek? Atomov\u00e1 v\u00e1lka? Neva, m\u00e1me d\u00edky Roxan\u011b \u0161pajz v pohotovosti. A v\u0161echny pohromy odjak\u017eiva trvaj\u00ed 72 hodin.<\/p>\n<p data-debug-redistribute=\"004. \/ 780px \/ 568\">A jak dopadla ona Alexandrova Roxana? Otr\u00e1vili ji i s jej\u00edm synem. Kdo \u010d\u00edm zach\u00e1z\u00ed&#8230;<\/p>\n<p data-debug-redistribute=\"008. \/ 854px \/ 158\">Ano, vypad\u00e1 to jako zleh\u010dov\u00e1n\u00ed v\u00e1\u017en\u00fdch v\u011bc\u00ed. Ale kdy\u017e on \u010dlov\u011bk fakt n\u011bkdy nev\u00ed, jestli se m\u00e1 p\u0159i tomhle karnevalu vypjat\u00fdch v\u00fdk\u0159ik\u016f salonn\u00edch eurobyrokrat\u016f sm\u00e1t, nebo bre\u010det.<\/p>\n<p data-debug-redistribute=\"006. \/ 956px \/ 335\"><b><i>ps\u00e1no pro IVK<\/i><\/b><\/p>\n<p data-debug-redistribute=\"006. \/ 956px \/ 335\"><a href=\"https:\/\/neviditelnypes.lidovky.cz\/politika\/podobnosti-pedro-a-roxana.A250403_155934_p_politika_nef\">Zdroj:<\/a><\/p>\n","protected":false},"excerpt":{"rendered":"<p>Pamatujete? \u017dv\u00fdka\u010dka Pedro d\u011blala bezva bubliny. Nechutnala tak skv\u011ble jako Donald, ale obr\u00e1zky m\u011bla taky hezk\u00e9 a bubliny nep\u0159ekonateln\u00e9. Nep\u0159ekonateln\u00e1 byla ale i v lepivosti, pokud si na ni \u010dlov\u011bk sedl.<\/p>\n","protected":false},"author":9,"featured_media":0,"comment_status":"open","ping_status":"open","sticky":false,"template":"","format":"standard","meta":{"ngg_post_thumbnail":0,"footnotes":""},"categories":[1],"tags":[],"class_list":["post-14659","post","type-post","status-publish","format-standard","hentry","category-publikovane-clanky"],"_links":{"self":[{"href":"https:\/\/www.ladislavjakl.cz\/index.php?rest_route=\/wp\/v2\/posts\/14659","targetHints":{"allow":["GET"]}}],"collection":[{"href":"https:\/\/www.ladislavjakl.cz\/index.php?rest_route=\/wp\/v2\/posts"}],"about":[{"href":"https:\/\/www.ladislavjakl.cz\/index.php?rest_route=\/wp\/v2\/types\/post"}],"author":[{"embeddable":true,"href":"https:\/\/www.ladislavjakl.cz\/index.php?rest_route=\/wp\/v2\/users\/9"}],"replies":[{"embeddable":true,"href":"https:\/\/www.ladislavjakl.cz\/index.php?rest_route=%2Fwp%2Fv2%2Fcomments&post=14659"}],"version-history":[{"count":1,"href":"https:\/\/www.ladislavjakl.cz\/index.php?rest_route=\/wp\/v2\/posts\/14659\/revisions"}],"predecessor-version":[{"id":14660,"href":"https:\/\/www.ladislavjakl.cz\/index.php?rest_route=\/wp\/v2\/posts\/14659\/revisions\/14660"}],"wp:attachment":[{"href":"https:\/\/www.ladislavjakl.cz\/index.php?rest_route=%2Fwp%2Fv2%2Fmedia&parent=14659"}],"wp:term":[{"taxonomy":"category","embeddable":true,"href":"https:\/\/www.ladislavjakl.cz\/index.php?rest_route=%2Fwp%2Fv2%2Fcategories&post=14659"},{"taxonomy":"post_tag","embeddable":true,"href":"https:\/\/www.ladislavjakl.cz\/index.php?rest_route=%2Fwp%2Fv2%2Ftags&post=14659"}],"curies":[{"name":"wp","href":"https:\/\/api.w.org\/{rel}","templated":true}]}}